{"id":668830,"date":"2023-11-13T10:44:53","date_gmt":"2023-11-13T09:44:53","guid":{"rendered":"https:\/\/dailynewshungary.com\/de\/keine-guten-nachrichten-da-die-industrieproduktion-in-ungarn-um-73-prozent-zuruckging\/"},"modified":"2023-11-13T10:44:53","modified_gmt":"2023-11-13T09:44:53","slug":"keine-guten-nachrichten-da-die-industrieproduktion-in-ungarn-um-73-prozent-zuruckging","status":"publish","type":"post","link":"https:\/\/dailynewshungary.com\/de\/keine-guten-nachrichten-da-die-industrieproduktion-in-ungarn-um-73-prozent-zuruckging\/","title":{"rendered":"Keine guten Nachrichten, da die Industrieproduktion in Ungarn um 7,3 Prozent zur\u00fcckging"},"content":{"rendered":"<p><strong>Die Gesamtproduktion der Industrie ging im September im Jahresvergleich um 7,3 Prozent zur\u00fcck, nachdem sie im Vormonat um 5,2 Prozent zur\u00fcckgegangen war, wie eine detaillierte Datenver\u00f6ffentlichung des Statistischen Zentralamts (KSH) am Montag zeigt.<\/strong><\/p>\n<p>Bereinigt um die Anzahl der Arbeitstage sank die Produktion um 5,8 Prozent <a href=\"https:\/\/www.ksh.hu\/en\/first-releases\/ipa\/eipa2309.html\" target=\"_blank\" rel=\"noopener\">KSH<\/a> Sagte.<\/p>\n<p>Gleichzeitig stieg die Produktion der Automobilindustrie, Ungarns gr\u00f6\u00dftem verarbeitenden Gewerbe, im September im Jahresvergleich um 1,2 Prozent und verlangsamte sich nach einem Anstieg von 4,6 Prozent im Vormonat, f\u00fcgte KSH hinzu.<\/p>\n<blockquote>\n<p>Auf das Segment entfielen im Laufe des Monats 27 Prozent der Produktion im verarbeitenden Gewerbe.<\/p>\n<\/blockquote>\n<p>Die detaillierten Daten zeigen, dass die Leistung des Segments der elektrischen Ausr\u00fcstung, das 12 Prozent der Produktionsleistung ausmachte, um 2,0 Prozent zunahm.<\/p>\n<p>Die Produktion des Segments Computer, Elektronik und optische Ger\u00e4te, die 10 Prozent der Fertigung ausmacht, ging um 18,2 Prozent zur\u00fcck.<\/p>\n<p>Die Produktion des Lebensmittel-, Getr\u00e4nke- und Tabaksegments, das 13 Prozent der Produktion des verarbeitenden Gewerbes ausmachte, sank um 9,7 Prozent.<\/p>\n<p>Im Monatsvergleich stieg die Produktion saison &#8211; und werktagsbereinigt um 1,2 Prozent.<\/p>\n<p>Im Zeitraum Januar bis September sank die Produktion im Jahresvergleich um 4,9 Prozent.<\/p>\n<p>Der Industrieumsatz ging im September im Jahresvergleich um 11,2 Prozent zur\u00fcck, der Exportumsatz rutschte um 7,7 Prozent ab und der Inlandsumsatz um 16,4 Prozent.<\/p>\n<p>In absoluten Zahlen <a href=\"https:\/\/dailynewshungary.com\/de\/der-grose-britische-zuguberfall-wie-eine-15-kopfige-bande-1963-26-millionen-pfund-stahl\/\">Industrie<\/a> Der Umsatz erreichte 5.916 Milliarden Forint (EUR 15,6 Mrd) Der Exportumsatz machte 62 Prozent der Gesamtsumme aus.<\/p>\n<p>Wie wir heute geschrieben haben, steckt Ungarns Bausektor in gro\u00dfen Schwierigkeiten, die <a href=\"https:\/\/dailynewshungary.com\/de\/ungarns-bausektor-steckt-in-grosen-schwierigkeiten-zeigen-neue-offizielle-zahlen\/\">Neue offizielle Zahlen zeigen<\/a><\/p>\n","protected":false},"excerpt":{"rendered":"<p>Die Gesamtproduktion der Industrie ging im September im Jahresvergleich um 7,3 Prozent zur\u00fcck, nachdem sie im Vormonat um 5,2 Prozent zur\u00fcckgegangen war, wie eine detaillierte Datenver\u00f6ffentlichung des Statistischen Zentralamts (KSH) am Montag zeigt. Bereinigt um die Anzahl der Arbeitstage sank die Produktion um 5,8 Prozent KSH Sagte. Gleichzeitig stieg die Produktion der Automobilindustrie, Ungarns gr\u00f6\u00dftem [&hellip;]<\/p>\n","protected":false},"author":2,"featured_media":668831,"comment_status":"open","ping_status":"open","sticky":false,"template":"","format":"standard","meta":{"_acf_changed":false,"_display_image":"yes","footnotes":""},"categories":[1281],"tags":[1489,1137,1076,1136],"class_list":["post-668830","post","type-post","status-publish","format-standard","has-post-thumbnail","hentry","category-geschaft","tag-industrie","tag-ungarische-wirtschaft","tag-ungarn","tag-wirtschaftskrise-in-ungarn"],"blocksy_meta":[],"acf":[],"author_username":"alk","telegram_post":"","public_post_metadata":{"breaking_news":"yes","important":"no","csempe":"no","center_tile":"no","disable_thumbnail":"no","target_lang":"","_featured_image_style":"hidden","telegram_post":"","_xlat_group_id":""},"public_rank_math_data":{"title":"%title% %sep% %sitename%","description":"Die Gesamtindustrieproduktion ging im September im Jahresvergleich um 7,3 Prozent zur\u00fcck, nachdem sie im Vormonat um 5,2 Prozent zur\u00fcckgegangen war...","focus_keyword":"Industrieproduktion","canonical_url":"","robots":"","primary_category":"1281","breadcrumb_title":"","facebook_title":"","facebook_description":"","facebook_image":"","facebook_image_id":"","twitter_title":"","twitter_description":"","twitter_image":"","twitter_image_id":"","twitter_card_type":"","twitter_use_facebook":"","advanced_robots":"","pillar_content":"","seo_score":"","contentai_score":"","rich_snippet":""},"_links":{"self":[{"href":"https:\/\/dailynewshungary.com\/de\/wp-json\/wp\/v2\/posts\/668830","targetHints":{"allow":["GET"]}}],"collection":[{"href":"https:\/\/dailynewshungary.com\/de\/wp-json\/wp\/v2\/posts"}],"about":[{"href":"https:\/\/dailynewshungary.com\/de\/wp-json\/wp\/v2\/types\/post"}],"author":[{"embeddable":true,"href":"https:\/\/dailynewshungary.com\/de\/wp-json\/wp\/v2\/users\/2"}],"replies":[{"embeddable":true,"href":"https:\/\/dailynewshungary.com\/de\/wp-json\/wp\/v2\/comments?post=668830"}],"version-history":[{"count":0,"href":"https:\/\/dailynewshungary.com\/de\/wp-json\/wp\/v2\/posts\/668830\/revisions"}],"wp:featuredmedia":[{"embeddable":true,"href":"https:\/\/dailynewshungary.com\/de\/wp-json\/wp\/v2\/media\/668831"}],"wp:attachment":[{"href":"https:\/\/dailynewshungary.com\/de\/wp-json\/wp\/v2\/media?parent=668830"}],"wp:term":[{"taxonomy":"category","embeddable":true,"href":"https:\/\/dailynewshungary.com\/de\/wp-json\/wp\/v2\/categories?post=668830"},{"taxonomy":"post_tag","embeddable":true,"href":"https:\/\/dailynewshungary.com\/de\/wp-json\/wp\/v2\/tags?post=668830"}],"curies":[{"name":"wp","href":"https:\/\/api.w.org\/{rel}","templated":true}]}}