{"id":668898,"date":"2023-11-11T09:34:51","date_gmt":"2023-11-11T08:34:51","guid":{"rendered":"https:\/\/dailynewshungary.com\/de\/ungarischer-sprecher-das-internationale-finanzsystem-ist-ein-riesiges-schneeballsystem\/"},"modified":"2023-11-11T09:34:51","modified_gmt":"2023-11-11T08:34:51","slug":"ungarischer-sprecher-das-internationale-finanzsystem-ist-ein-riesiges-schneeballsystem","status":"publish","type":"post","link":"https:\/\/dailynewshungary.com\/de\/ungarischer-sprecher-das-internationale-finanzsystem-ist-ein-riesiges-schneeballsystem\/","title":{"rendered":"Ungarischer Sprecher: Das internationale Finanzsystem \u201cist ein riesiges Schneeballsystem\u201d"},"content":{"rendered":"<p><strong>Das Kr\u00e4fteverh\u00e4ltnis zwischen demokratischen Staaten und privaten Weltm\u00e4chten ohne demokratisches Mandat \u201ckann noch wiederhergestellt werden\u201d, sagte der Parlamentspr\u00e4sident am Freitag.<\/strong><\/p>\n<p>Bei einer Veranstaltung im Parlament im Rahmen der Studientage des Regionskomitees der Europ\u00e4ischen Konservativen und Reformisten sagte L\u00e1szl\u00f3 K\u00f6v\u00e9r, das Gleichgewicht k\u00f6nne nur wiederhergestellt werden, solange \u201edie Mehrheit in den europ\u00e4ischen L\u00e4ndern immer noch f\u00fcr Normalit\u00e4t steht und es sie gibt.\u201cimmer noch parlamentarische Demokratie, und obwohl es politische Kr\u00e4fte gibt, die Verantwortung f\u00fcr ihr Heimatland, ihre Nation und Europa \u00fcbernehmen\u201d<\/p>\n<p>Das derzeitige internationale Finanzsystem sei \u201cein riesiges Schneeballsystem\u201d, sagte K\u00f6v\u00e9r der Veranstaltung mit dem Titel \u201eVerteidigung des gesunden Menschenverstandes und St\u00e4rkung der Zusammenarbeit in der Multi-Level-Governance der EU\u201cIn diesem System, sagte er, verzeichneten die Staatsfinanzen auf der Grundlage eines Haushalts jedes Jahr eine wachsende Verschuldung, w\u00e4hrend \u201eprivate M\u00e4chte\u201d ihren \u201eBestand an ausstehenden Krediten wachsen und wachsen sahen\u201d. \u201eDie Macht der Staaten, ihre Interessen zu vertreten, schrumpft, w\u00e4hrend die der privaten M\u00e4chte w\u00e4chst\u201csagte er\u201d.<\/p>\n<p>\u201cObwohl die Verbindung entfernt erscheint, wurzelt dieser Prozess in abnormalen Entwicklungen in der Politik, Wirtschaft und Kultur der westlichen Welt und Europas\u201d, sagte er.<\/p>\n<h2>Ungarische Familienpolitik \u201cvorbildlich\u201d in Europa<\/h2>\n<p><a href=\"https:\/\/www.facebook.com\/VargaJuditMP\" target=\"_blank\" rel=\"noopener\"><strong>Judit Varga<\/strong><\/a>(Fidesz) des Parlamentsvorsitzenden des Ausschusses f\u00fcr EU-Angelegenheiten sagte auf der Sitzung, dass Ungarn \u00fcber ein Arbeitsmodell zur Bew\u00e4ltigung demografischer Herausforderungen verf\u00fcgeSie sagte, Ungarns <a href=\"https:\/\/dailynewshungary.com\/de\/der-grose-britische-zuguberfall-wie-eine-15-kopfige-bande-1963-26-millionen-pfund-stahl\/\"><strong>Familie<\/strong> <\/a>Politik wurde in Europa und der Welt als \u201cvorbildlich\u201d angesehen.<\/p>\n<p>\u201cUngarns Demografiepolitik ist auch eine Botschaft an EuropaWir wollen dieser Herausforderung nicht durch die Ansiedlung von Ausl\u00e4ndern im Land begegnen, sondern durch die St\u00e4rkung von Familien\u201d, sagte sie.<\/p>\n<p>\u201cWir europ\u00e4ischen Konservativen haben die Aufgabe, Europa wieder zum gesunden Menschenverstand zu f\u00fchren, denn nur so k\u00f6nnen Frieden und Sicherheit gew\u00e4hrleistet werden, und nur so k\u00f6nnen die europ\u00e4ische Lebensweise, Sicherheit und Freiheit gesch\u00fctzt werden\u201d, sagte sie.<\/p>\n<p>AdR-EKR-Pr\u00e4sident Marco Marsilio sagte, die Wahrung der europ\u00e4ischen Werte sei der Schl\u00fcssel zur Stabilit\u00e4t und zum Wirtschaftswachstum der Gemeinschaft.<\/p>\n<p><strong>Lesen Sie auch:<\/strong><\/p>\n<ul>\n<li>Ungarische Regierung forderte die R\u00fcckzahlung des zus\u00e4tzlichen Gewinns aus der Erh\u00f6hung der Nebenkosten an Familien. Lesen Sie mehr <a href=\"https:\/\/dailynewshungary.com\/de\/die-ungarische-regierung-forderte-die-ruckzahlung-zusatzlicher-gewinne-aus-der-erhohung-der-versorgungsgebuhren-an-familien\/\"><strong>HIER<\/strong><\/a><\/li>\n<\/ul>\n","protected":false},"excerpt":{"rendered":"<p>Das Kr\u00e4fteverh\u00e4ltnis zwischen demokratischen Staaten und privaten Weltm\u00e4chten ohne demokratisches Mandat \u201ckann noch wiederhergestellt werden\u201d, sagte der Parlamentspr\u00e4sident am Freitag. Bei einer Veranstaltung im Parlament im Rahmen der Studientage des Regionskomitees der Europ\u00e4ischen Konservativen und Reformisten sagte L\u00e1szl\u00f3 K\u00f6v\u00e9r, das Gleichgewicht k\u00f6nne nur wiederhergestellt werden, solange \u201edie Mehrheit in den europ\u00e4ischen L\u00e4ndern immer noch f\u00fcr [&hellip;]<\/p>\n","protected":false},"author":50,"featured_media":668899,"comment_status":"open","ping_status":"open","sticky":false,"template":"","format":"standard","meta":{"_acf_changed":false,"_display_image":"","footnotes":""},"categories":[1081],"tags":[1445,1103],"class_list":["post-668898","post","type-post","status-publish","format-standard","has-post-thumbnail","hentry","category-politik","tag-migration","tag-ungarisches-parlament"],"blocksy_meta":[],"acf":[],"author_username":"dnh","telegram_post":"","public_post_metadata":{"breaking_news":"yes","important":"no","csempe":"no","center_tile":"no","disable_thumbnail":"no","target_lang":"","_featured_image_style":"","telegram_post":"","_xlat_group_id":""},"public_rank_math_data":{"title":"%title% %sep% %sitename%","description":"Das derzeitige internationale Finanzsystem \"ist ein riesiges Schneeballsystem\", sagte der Sprecher des ungarischen Parlaments","focus_keyword":"Sprecher","canonical_url":"","robots":"","primary_category":"1081","breadcrumb_title":"","facebook_title":"","facebook_description":"","facebook_image":"","facebook_image_id":"","twitter_title":"","twitter_description":"","twitter_image":"","twitter_image_id":"","twitter_card_type":"","twitter_use_facebook":"","advanced_robots":"","pillar_content":"","seo_score":"","contentai_score":"","rich_snippet":""},"_links":{"self":[{"href":"https:\/\/dailynewshungary.com\/de\/wp-json\/wp\/v2\/posts\/668898","targetHints":{"allow":["GET"]}}],"collection":[{"href":"https:\/\/dailynewshungary.com\/de\/wp-json\/wp\/v2\/posts"}],"about":[{"href":"https:\/\/dailynewshungary.com\/de\/wp-json\/wp\/v2\/types\/post"}],"author":[{"embeddable":true,"href":"https:\/\/dailynewshungary.com\/de\/wp-json\/wp\/v2\/users\/50"}],"replies":[{"embeddable":true,"href":"https:\/\/dailynewshungary.com\/de\/wp-json\/wp\/v2\/comments?post=668898"}],"version-history":[{"count":0,"href":"https:\/\/dailynewshungary.com\/de\/wp-json\/wp\/v2\/posts\/668898\/revisions"}],"wp:featuredmedia":[{"embeddable":true,"href":"https:\/\/dailynewshungary.com\/de\/wp-json\/wp\/v2\/media\/668899"}],"wp:attachment":[{"href":"https:\/\/dailynewshungary.com\/de\/wp-json\/wp\/v2\/media?parent=668898"}],"wp:term":[{"taxonomy":"category","embeddable":true,"href":"https:\/\/dailynewshungary.com\/de\/wp-json\/wp\/v2\/categories?post=668898"},{"taxonomy":"post_tag","embeddable":true,"href":"https:\/\/dailynewshungary.com\/de\/wp-json\/wp\/v2\/tags?post=668898"}],"curies":[{"name":"wp","href":"https:\/\/api.w.org\/{rel}","templated":true}]}}