{"id":669058,"date":"2023-11-07T07:34:23","date_gmt":"2023-11-07T06:34:23","guid":{"rendered":"https:\/\/dailynewshungary.com\/de\/kabinett-orban-eu-ukraine-strategie-gescheitert\/"},"modified":"2023-11-07T07:34:23","modified_gmt":"2023-11-07T06:34:23","slug":"kabinett-orban-eu-ukraine-strategie-gescheitert","status":"publish","type":"post","link":"https:\/\/dailynewshungary.com\/de\/kabinett-orban-eu-ukraine-strategie-gescheitert\/","title":{"rendered":"Kabinett Orb\u00e1n: EU-Ukraine-Strategie \u2018gescheitert\u2019"},"content":{"rendered":"<p><strong>Die Strategie der Europ\u00e4ischen Union zum Krieg in der Ukraine sei \u201cgescheitert\u201d, sagte J\u00e1nos B\u00f3ka, der Minister f\u00fcr EU-Angelegenheiten, am Montag.<\/strong><\/p>\n<p>Nachdem der Ausschuss des Parlaments f\u00fcr europ\u00e4ische Angelegenheiten \u00fcber eine Sitzung des Europ\u00e4ischen Rates informiert wurde, die fr\u00fcher am Tag stattfand, wurde <a href=\"https:\/\/www.facebook.com\/BokaJanosMiniszter\/posts\/pfbid031WxEqrnSNUMqHWX5nRfbU86gywqaMKpAVvrA6t5bxCCAqFDke7rGYijjRCTz5JSdl\" target=\"_blank\" rel=\"noopener\">B\u00f3ka bemerkte auf Facebook<\/a> Dass auf der Ratstagung der Krieg in der Ukraine, der Konflikt im Nahen Osten, die \u00dcberpr\u00fcfung des mehrj\u00e4hrigen Finanzrahmens der EU und die Migration er\u00f6rtert wurdenB\u00f3ka sagte, die EU solle die europ\u00e4ische Ukraine-Strategie finanzieren und nicht die Ukraine selbst.<\/p>\n<p>\u201cDie <a href=\"https:\/\/dailynewshungary.com\/de\/der-grose-britische-zuguberfall-wie-eine-15-kopfige-bande-1963-26-millionen-pfund-stahl\/\">Europ\u00e4ische Union<\/a>\u201eDie derzeitige Strategie gegen\u00fcber der Ukraine ist gescheitert\u201csagte B\u00f3ka. Die Strategie basierte auf der Vermutung, dass die Ukraine gewinnen und Russland den Krieg verlieren w\u00fcrde, was eine politische Umbildung in Russland einleitete, sagte er. \u201eDas, f\u00fcgte er hinzu, erscheint angesichts der Ereignisse der letzten Monate \u201ezweifelhaft\u201d. Ungarn hat gefordert, dass vor der \u00dcberpr\u00fcfung des Finanzrahmens der EU f\u00fcr 2021-2027 eine Debatte \u00fcber die Strategie der EU gegen\u00fcber der Ukraine stattfinden soll, sagte er.<\/p>\n<p>\u201cWir m\u00fcssen wissen, was wir finanzieren und warum, bevor wir \u00fcber das Wie und Woraus entscheiden\u201d Zum Konflikt im Nahen Osten sagte B\u00f3ka, die EU-Erkl\u00e4rung spiegele die Priorit\u00e4ten Ungarns wider.<\/p>\n<p>\u201cDer Europ\u00e4ische Rat verurteilte Terrorismus und Hamas unmissverst\u00e4ndlich, forderte die Freilassung der Geiseln und erkannte das Recht Israels auf Selbstverteidigung an. \u201eDie Vermeidung einer Eskalation im Nahen Osten und die Eind\u00e4mmung des Antisemitismus in Europa sind wichtig\u201csagte er.<\/p>\n<p>B\u00f3ka sagte, der Europ\u00e4ische Rat habe auch \u201ceine Tatsache einger\u00e4umt, die Ungarn seit fast einem Jahrzehnt wiederholt: dass illegale Migration ein Sicherheitsrisiko darstellt\u201d Die Terrorakte in Belgien und Frankreich seien \u201ctragische Erinnerungen\u201d daran, f\u00fcgte er hinzu.<\/p>\n<p>Wie wir bereits geschrieben haben, besagt die US-Umfrage das <a href=\"https:\/\/dailynewshungary.com\/de\/us-umfrage-zahl-der-eu-unterstutzer-ungarn-drastisch-gesunken-huxit-folgt\/\">Die Zahl der EU-Unterst\u00fctzer Ungarn ist drastisch gesunkenHuxit folgt?<\/a><\/p>\n","protected":false},"excerpt":{"rendered":"<p>Die Strategie der Europ\u00e4ischen Union zum Krieg in der Ukraine sei \u201cgescheitert\u201d, sagte J\u00e1nos B\u00f3ka, der Minister f\u00fcr EU-Angelegenheiten, am Montag. Nachdem der Ausschuss des Parlaments f\u00fcr europ\u00e4ische Angelegenheiten \u00fcber eine Sitzung des Europ\u00e4ischen Rates informiert wurde, die fr\u00fcher am Tag stattfand, wurde B\u00f3ka bemerkte auf Facebook Dass auf der Ratstagung der Krieg in der [&hellip;]<\/p>\n","protected":false},"author":2,"featured_media":669059,"comment_status":"open","ping_status":"open","sticky":false,"template":"","format":"standard","meta":{"_acf_changed":false,"_display_image":"yes","footnotes":""},"categories":[1081],"tags":[1312,1082,1092,1076],"class_list":["post-669058","post","type-post","status-publish","format-standard","has-post-thumbnail","hentry","category-politik","tag-energie","tag-europaische-union","tag-ukraine","tag-ungarn"],"blocksy_meta":[],"acf":[],"author_username":"alk","telegram_post":"","public_post_metadata":{"breaking_news":"yes","important":"no","csempe":"no","center_tile":"no","disable_thumbnail":"no","target_lang":"","_featured_image_style":"hidden","telegram_post":"","_xlat_group_id":""},"public_rank_math_data":{"title":"%title% %sep% %sitename%","description":"Die Strategie der Europ\u00e4ischen Union zum Krieg in der Ukraine \"ist gescheitert\", sagte J\u00e1nos B\u00f3ka, der Minister f\u00fcr EU-Angelegenheiten, am Montag.","focus_keyword":"Ukraine-strategie","canonical_url":"","robots":"","primary_category":"1081","breadcrumb_title":"","facebook_title":"","facebook_description":"","facebook_image":"","facebook_image_id":"","twitter_title":"","twitter_description":"","twitter_image":"","twitter_image_id":"","twitter_card_type":"","twitter_use_facebook":"","advanced_robots":"","pillar_content":"","seo_score":"64","contentai_score":"","rich_snippet":""},"_links":{"self":[{"href":"https:\/\/dailynewshungary.com\/de\/wp-json\/wp\/v2\/posts\/669058","targetHints":{"allow":["GET"]}}],"collection":[{"href":"https:\/\/dailynewshungary.com\/de\/wp-json\/wp\/v2\/posts"}],"about":[{"href":"https:\/\/dailynewshungary.com\/de\/wp-json\/wp\/v2\/types\/post"}],"author":[{"embeddable":true,"href":"https:\/\/dailynewshungary.com\/de\/wp-json\/wp\/v2\/users\/2"}],"replies":[{"embeddable":true,"href":"https:\/\/dailynewshungary.com\/de\/wp-json\/wp\/v2\/comments?post=669058"}],"version-history":[{"count":0,"href":"https:\/\/dailynewshungary.com\/de\/wp-json\/wp\/v2\/posts\/669058\/revisions"}],"wp:featuredmedia":[{"embeddable":true,"href":"https:\/\/dailynewshungary.com\/de\/wp-json\/wp\/v2\/media\/669059"}],"wp:attachment":[{"href":"https:\/\/dailynewshungary.com\/de\/wp-json\/wp\/v2\/media?parent=669058"}],"wp:term":[{"taxonomy":"category","embeddable":true,"href":"https:\/\/dailynewshungary.com\/de\/wp-json\/wp\/v2\/categories?post=669058"},{"taxonomy":"post_tag","embeddable":true,"href":"https:\/\/dailynewshungary.com\/de\/wp-json\/wp\/v2\/tags?post=669058"}],"curies":[{"name":"wp","href":"https:\/\/api.w.org\/{rel}","templated":true}]}}