{"id":669265,"date":"2023-11-01T16:34:29","date_gmt":"2023-11-01T15:34:29","guid":{"rendered":"https:\/\/dailynewshungary.com\/de\/mogliches-ungarisches-opfer-des-hamas-terroranschlags\/"},"modified":"2023-11-01T16:34:29","modified_gmt":"2023-11-01T15:34:29","slug":"mogliches-ungarisches-opfer-des-hamas-terroranschlags","status":"publish","type":"post","link":"https:\/\/dailynewshungary.com\/de\/mogliches-ungarisches-opfer-des-hamas-terroranschlags\/","title":{"rendered":"M\u00f6gliches ungarisches Opfer des Hamas-Terroranschlags?"},"content":{"rendered":"<p><strong>Eine weitere ungarisch-israelische Familie erlebte Anfang Oktober die Folgen des Hamas-Terroranschlags auf einen israelischen Kibbuz, ein Mitglied dieser Familie soll nach Angaben eines Verwandten Opfer des Anschlags sein.<\/strong><\/p>\n<h2>Vom Hamas-Angriff betroffene Ungarisch-Israelis<\/h2>\n<p>Wie wir einige Tage zuvor berichteten, wurde dies best\u00e4tigt <a href=\"https:\/\/dailynewshungary.com\/de\/minister-ungarische-kinder-von-der-hamas-als-geiseln-genommen\/\" target=\"_blank\" rel=\"noopener\">Die Hamas hat ungarisch-israelische Kinder als Geiseln genommen<\/a>. Das Au\u00dfenministerium hat letzte Woche einger\u00e4umt, dass ihm insgesamt vier bekannt sind <a href=\"https:\/\/dailynewshungary.com\/de\/auch-ungarische-burger-wurden-von-der-hamas-in-israel-als-geiseln-genommen\/\" target=\"_blank\" rel=\"noopener\">Ungarische Geiseln<\/a>. J\u00fcngsten Berichten zufolge jedoch in <a href=\"https:\/\/www.hetek.hu\/cikkek\/online\/egy-masik-magyar-izraeli-tinilanyt-tuszul-ejtett-a-hamasz\" target=\"_blank\" rel=\"noopener\">Hetek<\/a>\u201eEin weiteres ungarisch-israelisches junges M\u00e4dchen wird ebenfalls von der Hamas als Geisel gehalten.<\/p>\n<h2>Wachsende Besorgnis<\/h2>\n<p>Berichten zufolge wurden das Teenager-M\u00e4dchen und ihre Mutter w\u00e4hrend des Angriffs von Hamas-Dschihadisten gewaltsam nach Gaza gebracht. Leider sind keine Nachrichten \u00fcber den Vater aufgetaucht, der ebenfalls ein Ungar-Israeli ist und derzeit als vermisst gemeldet wird.<\/p>\n<h2>Ungarisch-israelisches Opfer<\/h2>\n<p>Osnat Weiss, ein Ungar-Israeli, entschied sich, die traumatische Erfahrung seiner Familie zu teilen Er enth\u00fcllte, dass mehrere Familienmitglieder im Be&#8217;eri-Kibbuz lebten, genau in dem Dorf, in dem Terroristen ein brutales Massaker ver\u00fcbten. Osnats Bruder Ilan bleibt seit dem Angriff vermisst, w\u00e4hrend seine Frau (Shiri) und seine 18-j\u00e4hrige Tochter (Noga) von Hamas-Dschihadisten in Gaza als Geiseln genommen wurden. Die beiden anderen \u00e4lteren T\u00f6chter der Eltern wurden jedoch sicher aus dem Kibbuz gerettet und fanden Zuflucht in einer anderen Wohnung, wie von berichtet <a href=\"https:\/\/www.atv.hu\/belfold\/20231031\/hetek-egy-masik-magyar-tinilanyt-is-tuszul-ejtett-a-hamasz-es-magyar-aldozata-is-lehet-a-terrortamadasnak\" target=\"_blank\" rel=\"noopener\">atv.hu<\/a>.<\/p>\n<p>Osnat gab au\u00dferdem bekannt, dass sein anderer Bruder, Amir, der ebenfalls die ungarische Staatsb\u00fcrgerschaft besa\u00df, w\u00e4hrend des Angriffs zusammen mit seiner Frau auf tragische Weise sein Leben verloren habe. Laut Hetek gibt es also ein ungarisches Opfer des Hamas-Terroranschlags. Das Au\u00dfenministerium hat die Nachricht jedoch noch nicht best\u00e4tigt.<\/p>\n<h2>Minister: <span id=\"ctl00_ContentPlaceHolder1_ctrlNewsControl_lbNewsTitle\">Regierung ist sich der ungarischen Todesopfer in Israel nicht bewusst<\/span><\/h2>\n<p>Der ungarischen Regierung sei weiterhin nicht bekannt, dass ungarische Staatsb\u00fcrger in Israel gestorben seien, und Berichte \u00fcber ungarische Todesopfer im Land des Nahen Ostens h\u00e4tten sich als unwahr erwiesen, Herr Au\u00dfenminister<a href=\"https:\/\/www.facebook.com\/szijjarto.peter.official\" target=\"_blank\" rel=\"noopener\"><strong> P\u00e9ter Szijj\u00e1rt\u00f3<\/strong><\/a> sagte am DienstagDie Regierung wei\u00df von f\u00fcnf Geiseln mit ungarischer Staatsb\u00fcrgerschaft in Gaza, die k\u00fcrzlich \u00fcber eine weitere erwachsene Geisel informiert worden waren, teilte Szijj\u00e1rt\u00f3 laut einer Erkl\u00e4rung des Ministeriums mit.<\/p>\n<p>Er sagte, bestimmte Medien h\u00e4tten der Regierung vorgeworfen, bis vor kurzem nichts von den Geiseln gewusst zu habenSzijj\u00e1rt\u00f3 forderte \u201cein Mindestma\u00df an Fairness\u201d und wies darauf hin, dass die ungarischen Beh\u00f6rden nur dann auf die Geiseln aufmerksam gemacht werden k\u00f6nnten, wenn sie von den israelischen Beh\u00f6rden oder Verwandten benachrichtigt w\u00fcrden.<\/p>\n<p>Es habe mehrere F\u00e4lle gegeben, in denen ganze Familien entf\u00fchrt worden seien, ohne dass jemand \u00fcbrig geblieben sei, um die Regierung zu alarmieren, bis ihre weiter entfernten Verwandten erkannten, dass sie als Geiseln genommen worden seien. \u201eAber es gibt auch bedauerliche F\u00e4lle, in denen die gesamte Familie der als Geiseln genommenen Person gestorben ist.\u201c\u201d, f\u00fcgte er hinzu.<\/p>\n<p>\u201cAlso zu erwarten, dass wir in einer solchen Situation wissen, dass jemand als Geisel genommen wurde, bevor sie uns benachrichtigen, ist seitens bestimmter Medien, gelinde gesagt, unfair\u201d, sagte Szijj\u00e1rt\u00f3.<\/p>\n<p>Wenn Leben in Gefahr sind, \u201ck\u00f6nnen Versuche solch kleinlicher politischer Gewinne, denke ich, auch auf dieser Ebene als unw\u00fcrdig gelten\u201d, wehrte sich der Minister.<\/p>\n<p>Die Regierung stehe in st\u00e4ndigem Kontakt mit der israelischen Task Force, die zur Freilassung der Geiseln eingerichtet wurde, sagte er und f\u00fcgte hinzu, dass alle f\u00fcnf ungarischen Staatsb\u00fcrger in der Liste der Personen aufgef\u00fchrt seien, die die israelischen Beh\u00f6rden befreien wollten.<\/p>\n<p>Szijj\u00e1rt\u00f3 sagte, er habe sich am vergangenen Freitag mit dem Au\u00dfenminister eines Drittlandes beraten, der als Vermittler zwischen Israel und der Hamas fungiert und sich f\u00fcr die schnellstm\u00f6gliche Freilassung der Geiseln einsetzt \u201cSie sind sich jetzt auch aller f\u00fcnf Ungarn bewusst\u201d, f\u00fcgte er hinzuDer Minister f\u00fcgte hinzu, sein Amtskollege habe versprochen, auf die ungarischen Geiseln zu achten.<\/p>\n<p>Unterdessen stellte Szijj\u00e1rt\u00f3 fest, dass der Regierung 15 im Gazastreifen gestrandete ungarische Staatsb\u00fcrger bekannt seien, die das Gebiet vorerst nicht verlassen k\u00f6nnten.<\/p>\n<p>Die Regierung stehe in st\u00e4ndigem Kontakt mit ihnen, sagte er und f\u00fcgte jedoch hinzu, dass dies aufgrund von Strom- und Internetverbindungsausf\u00e4llen immer schwieriger werde. \u201eWir haben gestern das letzte Mal mit ihnen allen gesprochen, und es ging ihnen gut. \u201eDas ist das letzte Update, das wir \u00fcber sie haben.\u201c\u201d, verriet er.<\/p>\n<p>Der Minister stellte fest, dass es den ungarischen Staatsangeh\u00f6rigen einmal gelungen sei, zwei der drei Kontrollpunkte in Richtung \u00c4gypten zu passieren, bevor sie wegen nahegelegener Luftangriffe zur\u00fcckgewiesen werden mussten.<\/p>\n<p>Er bemerkte auch, dass er letzte Woche mit seinem \u00e4gyptischen Amtskollegen gesprochen habe, der ihm mitgeteilt hatte, dass die Ungarn in das Land einreisen d\u00fcrften, sobald die Sicherheits- und Rechtsbedingungen dies zulie\u00dfen.<\/p>\n<h2><span id=\"ctl00_ContentPlaceHolder1_ctrlNewsControl_lbNewsTitle\">Radikale Partei: Ungarn &#8216;muss sich aus dem israelisch-pal\u00e4stinensischen Konflikt heraushalten&#8217;<\/span><\/h2>\n<p>Die oppositionelle Partei Mi Haz\u00e1nk hat Ungarn aufgefordert, sich aus dem Krieg zwischen Israel und der Hamas \u201causzuhalten\u201d und die Position der Vereinten Nationen zu unterst\u00fctzen, die \u201ceinen sofortigen Waffenstillstand und eine Zwei-Staaten-L\u00f6sung\u201d fordert.In Bezug auf den Krieg in der Ukraine erkl\u00e4rte die Regierung, auf der Seite des Friedens zu stehen und weigerte sich, sich auf eine der Kriegsparteien zu verpflichten, n\u00e4mlich <a href=\"https:\/\/twitter.com\/ToroczkaiLaszlo?ref_src=twsrc%5Egoogle%7Ctwcamp%5Eserp%7Ctwgr%5Eauthor\" target=\"_blank\" rel=\"noopener\"><strong>L\u00e1szl\u00f3 Toroczkai<\/strong><\/a>\u201eDer Vorsitzende der Partei sagte am Dienstag auf einer Pressekonferenz.\u201cAber im Fall der Krise in Israel und Gaza, die \u201edie M\u00f6glichkeit des Ausbruchs eines Dritten Weltkriegs bedroht\u201d, hat die Regierung \u201ediese scheinbare Neutralit\u00e4t aufgegeben\u201d und \u201ehat sich auf die Seite des Blutvergie\u00dfens gestellt\u201c..\u201d<\/p>\n<p>Mi Haz\u00e1nk, sagte er, \u201cverurteilt am sch\u00e4rfsten alle Formen des Terrorismus\u201d, und das gilt auch f\u00fcr die Terrorakte der HamasJeder Staat hat das Recht auf Selbstverteidigung, aber nur auf seinem eigenen Territoriumf\u00fcgte er hinzuToroczkai sagte, was in Gaza geschah, \u201ckann nicht l\u00e4nger als Selbstverteidigung bezeichnet werden\u201d \u201cDas Massaker an 3000 Kindern kann in keiner Weise als Selbstverteidigung gerechtfertigt werden\u201d, sagte er und f\u00fcgte hinzu, dass die Aktionen der israelischen Armee gegen syrische und libanesische Gebiete die Gefahr einer Eskalation des Konflikts bergen.<\/p>\n","protected":false},"excerpt":{"rendered":"<p>Eine weitere ungarisch-israelische Familie erlebte Anfang Oktober die Folgen des Hamas-Terroranschlags auf einen israelischen Kibbuz, ein Mitglied dieser Familie soll nach Angaben eines Verwandten Opfer des Anschlags sein. Vom Hamas-Angriff betroffene Ungarisch-Israelis Wie wir einige Tage zuvor berichteten, wurde dies best\u00e4tigt Die Hamas hat ungarisch-israelische Kinder als Geiseln genommen. Das Au\u00dfenministerium hat letzte Woche einger\u00e4umt, [&hellip;]<\/p>\n","protected":false},"author":79,"featured_media":669266,"comment_status":"open","ping_status":"open","sticky":false,"template":"","format":"standard","meta":{"_acf_changed":false,"_display_image":"yes","footnotes":""},"categories":[1081],"tags":[1360,1156,1495,1184,1255],"class_list":["post-669265","post","type-post","status-publish","format-standard","has-post-thumbnail","hentry","category-politik","tag-hungern","tag-israel","tag-israelischer-palestinianischer-konflikt","tag-krieg","tag-palastina"],"blocksy_meta":[],"acf":[],"author_username":"gyurkotamara","telegram_post":"","public_post_metadata":{"breaking_news":"yes","important":"no","csempe":"no","center_tile":"no","disable_thumbnail":"no","target_lang":"","_featured_image_style":"hidden","telegram_post":"","_xlat_group_id":""},"public_rank_math_data":{"title":"%title% %sep% %sitename%","description":"Nach Angaben eines Verwandten gibt es ein potenzielles ungarisches Opfer des Hamas-Terroranschlags Anfang Oktober.","focus_keyword":"Ungarisches Opfer","canonical_url":"","robots":"","primary_category":"1081","breadcrumb_title":"","facebook_title":"","facebook_description":"","facebook_image":"","facebook_image_id":"","twitter_title":"","twitter_description":"","twitter_image":"","twitter_image_id":"","twitter_card_type":"","twitter_use_facebook":"","advanced_robots":"","pillar_content":"","seo_score":"65","contentai_score":"","rich_snippet":""},"_links":{"self":[{"href":"https:\/\/dailynewshungary.com\/de\/wp-json\/wp\/v2\/posts\/669265","targetHints":{"allow":["GET"]}}],"collection":[{"href":"https:\/\/dailynewshungary.com\/de\/wp-json\/wp\/v2\/posts"}],"about":[{"href":"https:\/\/dailynewshungary.com\/de\/wp-json\/wp\/v2\/types\/post"}],"author":[{"embeddable":true,"href":"https:\/\/dailynewshungary.com\/de\/wp-json\/wp\/v2\/users\/79"}],"replies":[{"embeddable":true,"href":"https:\/\/dailynewshungary.com\/de\/wp-json\/wp\/v2\/comments?post=669265"}],"version-history":[{"count":0,"href":"https:\/\/dailynewshungary.com\/de\/wp-json\/wp\/v2\/posts\/669265\/revisions"}],"wp:featuredmedia":[{"embeddable":true,"href":"https:\/\/dailynewshungary.com\/de\/wp-json\/wp\/v2\/media\/669266"}],"wp:attachment":[{"href":"https:\/\/dailynewshungary.com\/de\/wp-json\/wp\/v2\/media?parent=669265"}],"wp:term":[{"taxonomy":"category","embeddable":true,"href":"https:\/\/dailynewshungary.com\/de\/wp-json\/wp\/v2\/categories?post=669265"},{"taxonomy":"post_tag","embeddable":true,"href":"https:\/\/dailynewshungary.com\/de\/wp-json\/wp\/v2\/tags?post=669265"}],"curies":[{"name":"wp","href":"https:\/\/api.w.org\/{rel}","templated":true}]}}