{"id":669350,"date":"2023-10-30T07:14:49","date_gmt":"2023-10-30T06:14:49","guid":{"rendered":"https:\/\/dailynewshungary.com\/de\/gedenken-jugoslawische-partisanen-ermordeten-zehntausende-ungarn\/"},"modified":"2023-10-30T07:14:49","modified_gmt":"2023-10-30T06:14:49","slug":"gedenken-jugoslawische-partisanen-ermordeten-zehntausende-ungarn","status":"publish","type":"post","link":"https:\/\/dailynewshungary.com\/de\/gedenken-jugoslawische-partisanen-ermordeten-zehntausende-ungarn\/","title":{"rendered":"Gedenken: Jugoslawische Partisanen ermordeten Zehntausende Ungarn"},"content":{"rendered":"<p><strong>Am Sonntag fand im Dorf Curug (C\u00farog) im Norden Serbiens eine Gedenkfeier zu Ehren der Ungarn statt, die 1944-45 in der Vojvodina von jugoslawischen Partisanen massakriert wurden.<\/strong><\/p>\n<p>\u00c1rp\u00e1d Fremond, Vorsitzender des Ungarischen Nationalrats der Vojvodina, sagte, dass das Gedenken an die unschuldigen, unbewaffneten Opfer wichtig sei, um zu verhindern, dass sich solche Ereignisse jemals wiederholen.<\/p>\n<p>J\u00falia Teleki, eine \u00dcberlebende des Massakers, bei dem sch\u00e4tzungsweise mindestens 20.000 Ungarn in Curug und den umliegenden Siedlungen ums Leben kamen, stellte fest, dass die Erinnerung an diese Ereignisse seit langem verboten sei.<\/p>\n<p>In Curug wurde 2013 im Beisein des damaligen ungarischen Pr\u00e4sidenten J\u00e1nos \u00c1der und seines serbischen Amtskollegen Tomislav Nikolic ein Denkmal f\u00fcr die Opfer errichtet.<\/p>\n<p>Serbiens Regierung annullierte 2014, sieben Jahrzehnte nach dem Massaker, eine Resolution zur Kollektivschuld der Einwohner von Curug, Mosorin (Mozsor) und Zabalj (Zsablya).<\/p>\n<p><strong>Lesen Sie auch:<\/strong><\/p>\n<ul>\n<li>\n<div>Geheimkloster der ungarischen Paulusv\u00e4ter aus dem 13. Jahrhundert gefunden \u2013 Lesen Sie mehr <a href=\"https:\/\/dailynewshungary.com\/de\/sensationell-geheimkloster-ungarischer-paulinervater-aus-dem-13-jahrhundert-gefunden-fotos\/\"><strong>HIER<\/strong><\/a><\/div>\n<\/li>\n<li>Diese ber\u00fchmten Ungarn eroberten die ganze Welt! \u2013 Details in <a href=\"https:\/\/dailynewshungary.com\/de\/diese-beruhmten-ungarn-eroberten-die-ganze-welt-2-teil\/\"><strong>DIESES<\/strong> <\/a>Artikel<\/li>\n<\/ul>\n<p>Hier einige Fotos:<\/p>\n<p><iframe loading=\"lazy\" style=\"border: none; overflow: hidden;\" src=\"https:\/\/www.facebook.com\/plugins\/post.php?href=https%3A%2F%2Fwww.facebook.com%2Ffremondarpad%2Fposts%2Fpfbid0eHH6h3PMFtjkjHPZd6NM2yWGN1sL5J5DmNQ1b2tXE3uxFgqmT9HpqR8xKMyCxXvpl&amp;show_text=true&amp;width=500\" width=\"500\" height=\"812\" frameborder=\"0\" scrolling=\"no\" allowfullscreen=\"allowfullscreen\"><\/iframe><\/p>\n","protected":false},"excerpt":{"rendered":"<p>Am Sonntag fand im Dorf Curug (C\u00farog) im Norden Serbiens eine Gedenkfeier zu Ehren der Ungarn statt, die 1944-45 in der Vojvodina von jugoslawischen Partisanen massakriert wurden. \u00c1rp\u00e1d Fremond, Vorsitzender des Ungarischen Nationalrats der Vojvodina, sagte, dass das Gedenken an die unschuldigen, unbewaffneten Opfer wichtig sei, um zu verhindern, dass sich solche Ereignisse jemals wiederholen. [&hellip;]<\/p>\n","protected":false},"author":50,"featured_media":669351,"comment_status":"open","ping_status":"open","sticky":false,"template":"","format":"standard","meta":{"_acf_changed":false,"_display_image":"yes","footnotes":""},"categories":[1081],"tags":[1144,1126],"class_list":["post-669350","post","type-post","status-publish","format-standard","has-post-thumbnail","hentry","category-politik","tag-gedenken","tag-ungarische-geschichte"],"blocksy_meta":[],"acf":[],"author_username":"dnh","telegram_post":"","public_post_metadata":{"breaking_news":"yes","important":"no","csempe":"no","center_tile":"no","disable_thumbnail":"no","target_lang":"","_featured_image_style":"hidden","telegram_post":"","_xlat_group_id":""},"public_rank_math_data":{"title":"%title% %sep% %sitename%","description":"Es fand eine Gedenkfeier zu Ehren der Ungarn statt, die 1944-45 in der Vojvodina von jugoslawischen Partisanen massakriert wurden","focus_keyword":"Partisanen","canonical_url":"","robots":"","primary_category":"1081","breadcrumb_title":"","facebook_title":"","facebook_description":"","facebook_image":"","facebook_image_id":"","twitter_title":"","twitter_description":"","twitter_image":"","twitter_image_id":"","twitter_card_type":"","twitter_use_facebook":"","advanced_robots":"","pillar_content":"","seo_score":"61","contentai_score":"","rich_snippet":""},"_links":{"self":[{"href":"https:\/\/dailynewshungary.com\/de\/wp-json\/wp\/v2\/posts\/669350","targetHints":{"allow":["GET"]}}],"collection":[{"href":"https:\/\/dailynewshungary.com\/de\/wp-json\/wp\/v2\/posts"}],"about":[{"href":"https:\/\/dailynewshungary.com\/de\/wp-json\/wp\/v2\/types\/post"}],"author":[{"embeddable":true,"href":"https:\/\/dailynewshungary.com\/de\/wp-json\/wp\/v2\/users\/50"}],"replies":[{"embeddable":true,"href":"https:\/\/dailynewshungary.com\/de\/wp-json\/wp\/v2\/comments?post=669350"}],"version-history":[{"count":0,"href":"https:\/\/dailynewshungary.com\/de\/wp-json\/wp\/v2\/posts\/669350\/revisions"}],"wp:featuredmedia":[{"embeddable":true,"href":"https:\/\/dailynewshungary.com\/de\/wp-json\/wp\/v2\/media\/669351"}],"wp:attachment":[{"href":"https:\/\/dailynewshungary.com\/de\/wp-json\/wp\/v2\/media?parent=669350"}],"wp:term":[{"taxonomy":"category","embeddable":true,"href":"https:\/\/dailynewshungary.com\/de\/wp-json\/wp\/v2\/categories?post=669350"},{"taxonomy":"post_tag","embeddable":true,"href":"https:\/\/dailynewshungary.com\/de\/wp-json\/wp\/v2\/tags?post=669350"}],"curies":[{"name":"wp","href":"https:\/\/api.w.org\/{rel}","templated":true}]}}