{"id":669491,"date":"2023-10-25T21:24:03","date_gmt":"2023-10-25T19:24:03","guid":{"rendered":"https:\/\/dailynewshungary.com\/de\/opfer-des-massakers-auf-dem-kossuth-platz-im-jahr-1956-das-in-budapest-begangen-wurde\/"},"modified":"2023-10-25T21:24:03","modified_gmt":"2023-10-25T19:24:03","slug":"opfer-des-massakers-auf-dem-kossuth-platz-im-jahr-1956-das-in-budapest-begangen-wurde","status":"publish","type":"post","link":"https:\/\/dailynewshungary.com\/de\/opfer-des-massakers-auf-dem-kossuth-platz-im-jahr-1956-das-in-budapest-begangen-wurde\/","title":{"rendered":"Opfer des Massakers auf dem Kossuth-Platz im Jahr 1956, das in Budapest begangen wurde"},"content":{"rendered":"<p><strong>In Budapest fand am Mittwoch eine Gedenkfeier statt, um den Opfern des Massakers auf dem Kossuth-Platz zu gedenken, das am 25. Oktober w\u00e4hrend der antisowjetischen Revolution Ungarns im Jahr 1956 stattfand.<\/strong><\/p>\n<p>An dem Tag mit der Bezeichnung \u201e&#8221; wurden von verschiedenen Orten aus Sch\u00fcsse auf die unbewaffneten Demonstranten auf dem Platz abgefeuert, wobei Hunderte Menschen get\u00f6tet wurden<strong><a href=\"https:\/\/hu.wikipedia.org\/wiki\/Sort%C5%B1z_a_Parlamentn%C3%A9l_1956-ban\" target=\"_blank\" rel=\"noopener\">Blutiger Donnerstag<\/a><\/strong>1956 19.<\/p>\n<p>An der Gedenkfeier auf dem Platz in der N\u00e4he des Parlaments nahm der Sprecher des Repr\u00e4sentantenhauses teil <strong><a href=\"https:\/\/www.orszaggyuleselnoke.hu\/\" target=\"_blank\" rel=\"noopener\">L\u00e1szl\u00f3 K\u00f6v\u00e9r<\/a><\/strong>.<\/p>\n<p>L\u00e1szl\u00f3 G\u00e9za S\u00f6mj\u00e9ni, Leiterin des Veranstalters <strong><a href=\"https:\/\/www.szabadsagharcosokert.hu\/\" target=\"_blank\" rel=\"noopener\">Stiftung Freiheitsk\u00e4mpfer<\/a><\/strong>\u201esagte, dass in offiziellen Dokumenten zwar 88 Todesopfer und etwa 200 Verletzte aufgef\u00fchrt seien, die genaue Zahl der Opfer jedoch unbekannt bleibe. Die Verantwortlichen, wahrscheinlich sowjetische Soldaten und Mitglieder der kommunistischen Staatssicherheit Ungarns \u00c1VH, seien nie namentlich genannt worden, sagte er.<\/p>\n<p><strong>Lesen Sie auch:<\/strong><\/p>\n<ul>\n<li><a href=\"https:\/\/dailynewshungary.com\/de\/orban-moskau-eine-tragodie-brussel-schlechte-zeitgenossische-parodie-aupdate\/\">Orb\u00e1n: \u201eMoskau eine Trag\u00f6die; Br\u00fcssel schlechte zeitgen\u00f6ssische Parodie&#8217; \u201eAUPDATE<\/a><\/li>\n<li><a href=\"https:\/\/dailynewshungary.com\/de\/grose-menschenmenge-versammelte-sich-bei-der-regierungsfeindlichen-demonstration-in-budapest\/\">Gro\u00dfe Menschenmenge versammelte sich bei der regierungsfeindlichen Demonstration in Budapest<\/a><\/li>\n<\/ul>\n","protected":false},"excerpt":{"rendered":"<p>In Budapest fand am Mittwoch eine Gedenkfeier statt, um den Opfern des Massakers auf dem Kossuth-Platz zu gedenken, das am 25. Oktober w\u00e4hrend der antisowjetischen Revolution Ungarns im Jahr 1956 stattfand. An dem Tag mit der Bezeichnung \u201e&#8221; wurden von verschiedenen Orten aus Sch\u00fcsse auf die unbewaffneten Demonstranten auf dem Platz abgefeuert, wobei Hunderte Menschen [&hellip;]<\/p>\n","protected":false},"author":33,"featured_media":669492,"comment_status":"open","ping_status":"open","sticky":false,"template":"","format":"standard","meta":{"_acf_changed":false,"_display_image":"","footnotes":""},"categories":[1081],"tags":[1942,1534,1126,1076],"class_list":["post-669491","post","type-post","status-publish","format-standard","has-post-thumbnail","hentry","category-politik","tag-die-ungarische-revolution-von-1956","tag-knospenapest","tag-ungarische-geschichte","tag-ungarn"],"blocksy_meta":[],"acf":[],"author_username":"ugyelet","telegram_post":"","public_post_metadata":{"breaking_news":"yes","important":"no","csempe":"no","center_tile":"no","disable_thumbnail":"no","target_lang":"","_featured_image_style":"","telegram_post":"","_xlat_group_id":""},"public_rank_math_data":{"title":"%title% %sep% %sitename%","description":"In Budapest fand eine Gedenkfeier statt, um den Opfern des Massakers auf dem Kossuth-Platz am 25. Oktober zu gedenken.","focus_keyword":"Massaker","canonical_url":"","robots":"","primary_category":"1081","breadcrumb_title":"","facebook_title":"","facebook_description":"","facebook_image":"","facebook_image_id":"","twitter_title":"","twitter_description":"","twitter_image":"","twitter_image_id":"","twitter_card_type":"","twitter_use_facebook":"","advanced_robots":"","pillar_content":"","seo_score":"65","contentai_score":"","rich_snippet":""},"_links":{"self":[{"href":"https:\/\/dailynewshungary.com\/de\/wp-json\/wp\/v2\/posts\/669491","targetHints":{"allow":["GET"]}}],"collection":[{"href":"https:\/\/dailynewshungary.com\/de\/wp-json\/wp\/v2\/posts"}],"about":[{"href":"https:\/\/dailynewshungary.com\/de\/wp-json\/wp\/v2\/types\/post"}],"author":[{"embeddable":true,"href":"https:\/\/dailynewshungary.com\/de\/wp-json\/wp\/v2\/users\/33"}],"replies":[{"embeddable":true,"href":"https:\/\/dailynewshungary.com\/de\/wp-json\/wp\/v2\/comments?post=669491"}],"version-history":[{"count":0,"href":"https:\/\/dailynewshungary.com\/de\/wp-json\/wp\/v2\/posts\/669491\/revisions"}],"wp:featuredmedia":[{"embeddable":true,"href":"https:\/\/dailynewshungary.com\/de\/wp-json\/wp\/v2\/media\/669492"}],"wp:attachment":[{"href":"https:\/\/dailynewshungary.com\/de\/wp-json\/wp\/v2\/media?parent=669491"}],"wp:term":[{"taxonomy":"category","embeddable":true,"href":"https:\/\/dailynewshungary.com\/de\/wp-json\/wp\/v2\/categories?post=669491"},{"taxonomy":"post_tag","embeddable":true,"href":"https:\/\/dailynewshungary.com\/de\/wp-json\/wp\/v2\/tags?post=669491"}],"curies":[{"name":"wp","href":"https:\/\/api.w.org\/{rel}","templated":true}]}}