{"id":669531,"date":"2023-10-24T20:34:54","date_gmt":"2023-10-24T18:34:54","guid":{"rendered":"https:\/\/dailynewshungary.com\/de\/fotos-15-jahriger-ungarischer-junge-schwenkt-hakenkreuzfahne-anklage-gegen-ihn-erhoben\/"},"modified":"2023-10-24T20:34:54","modified_gmt":"2023-10-24T18:34:54","slug":"fotos-15-jahriger-ungarischer-junge-schwenkt-hakenkreuzfahne-anklage-gegen-ihn-erhoben","status":"publish","type":"post","link":"https:\/\/dailynewshungary.com\/de\/fotos-15-jahriger-ungarischer-junge-schwenkt-hakenkreuzfahne-anklage-gegen-ihn-erhoben\/","title":{"rendered":"FOTOS: 15-j\u00e4hriger ungarischer Junge schwenkt Hakenkreuzfahne, Anklage gegen ihn erhoben"},"content":{"rendered":"<p><strong>Die Bezirksstaatsanwaltschaft Gy.r hat einen 15-j\u00e4hrigen Jungen wegen der Verwendung eines autorit\u00e4ren Symbols und der Besch\u00e4digung eines Denkmals angeklagt.<\/strong><\/p>\n<p>Nach dem Vorwurf vergn\u00fcgte sich der T\u00e4ter im Juli 2022 nachmittags mit seinen Begleitern in einem Park in Gy r, konsumierte gro\u00dfe Mengen Alkohol, nahm daraufhin eine Fahne mit einem Hakenkreuz aus seiner Tasche, zeigte sie Passanten und streckte sie dann gut sichtbar auf einem Zaun aus, der <strong><a href=\"https:\/\/ugyeszseg.hu\/a-gyori-zsinagogara-firkalt-horogkereszteket-a-fiatal-fotokkal-gyor-moson-sopron-varmegyei-fougyeszseg-sajtokozlemenye\/\" target=\"_blank\" rel=\"noopener\">Staatsanwaltschaft schrieb<\/a><\/strong> In einer Stellungnahme.<\/p>\n<p>Passanten informierten die Polizei, die schlie\u00dflich die Flagge mit dem autorit\u00e4ren Symbol entfernte.<\/p>\n<p>Im Oktober 2022, in den fr\u00fchen Abendstunden, zeichnete der T\u00e4ter mit einer alkoholbasierten Markierung neun Hakenkreuze auf das Geb\u00e4ude der Gy r-Synagoge und verursachte einen Schaden von fast 40.000 HUF (<strong>104 EUR<\/strong>).<\/p>\n<p>Die Staatsanwaltschaft klagte den T\u00e4ter wegen der Verwendung eines autorit\u00e4ren Symbols und des schweren Sachschadens an, \u00fcber den Fall soll das Amtsgericht Gysr entscheiden.<\/p>\n<p>Die beigef\u00fcgten Bilder zeigen die vom T\u00e4ter benutzte Flagge.<\/p>\n<figure id=\"attachment_575341\" aria-describedby=\"caption-attachment-575341\" style=\"width: 762px\" class=\"wp-caption aligncenter\"><img loading=\"lazy\" decoding=\"async\" class=\"size-full wp-image-575341\" src=\"https:\/\/contentf5.dailynewshungary.com\/wp-content\/uploads\/2023\/10\/hungarian-boy-gyor-swastica-flag2.jpg\" alt=\"Ungarischer Junge Gyarianr Hakenkreuzflagge\" width=\"762\" height=\"1024\" srcset=\"https:\/\/contentf5.dailynewshungary.com\/wp-content\/uploads\/2023\/10\/hungarian-boy-gyor-swastica-flag2.jpg 762w, https:\/\/contentf5.dailynewshungary.com\/wp-content\/uploads\/2023\/10\/hungarian-boy-gyor-swastica-flag2-165x222.jpg 165w, https:\/\/contentf5.dailynewshungary.com\/wp-content\/uploads\/2023\/10\/hungarian-boy-gyor-swastica-flag2-56x75.jpg 56w, https:\/\/contentf5.dailynewshungary.com\/wp-content\/uploads\/2023\/10\/hungarian-boy-gyor-swastica-flag2-480x645.jpg 480w\" sizes=\"auto, (max-width: 762px) 100vw, 762px\"><figcaption id=\"caption-attachment-575341\" class=\"wp-caption-text\">Die Flagge, die der 15-j\u00e4hrige T\u00e4ter in einem Park in Gy-r. Quelle: ugyeszseg.hu<\/figcaption><\/figure>\n<p>Was ist los mit 15-j\u00e4hrigen ungarischen Jungs? lesen Sie \u00fcber einen anderen Jugendlichen, der <strong><a href=\"https:\/\/dailynewshungary.com\/de\/video-15-jahriger-millionar-ungarischer-junge-raubt-laden-in-italien-aus\/\">Laden in Italien ausgeraubt<\/a><\/strong><\/p>\n<p><strong>Willst du mehr kriminalit\u00e4tsbezogene Nachrichten aus Ungarn lesen? schau dir diese Artikel an:<\/strong><\/p>\n<ul>\n<li><a href=\"https:\/\/dailynewshungary.com\/de\/video-korrupte-grenzpolizisten-werden-vom-ungarischen-zentrum-zur-terrorismusbekampfung-gefasst\/\">VIDEO: Korrupte Grenzpolizisten werden vom ungarischen Zentrum zur Terrorismusbek\u00e4mpfung gefasst<\/a><\/li>\n<li><a href=\"https:\/\/dailynewshungary.com\/de\/grausame-details-uber-den-bomber-in-esztergom-er-beschloss-polizisten-zu-toten\/\">Grausame Details \u00fcber den Bomber in Esztergom: Er beschloss, Polizisten zu t\u00f6ten<\/a><\/li>\n<\/ul>\n","protected":false},"excerpt":{"rendered":"<p>Die Bezirksstaatsanwaltschaft Gy.r hat einen 15-j\u00e4hrigen Jungen wegen der Verwendung eines autorit\u00e4ren Symbols und der Besch\u00e4digung eines Denkmals angeklagt. Nach dem Vorwurf vergn\u00fcgte sich der T\u00e4ter im Juli 2022 nachmittags mit seinen Begleitern in einem Park in Gy r, konsumierte gro\u00dfe Mengen Alkohol, nahm daraufhin eine Fahne mit einem Hakenkreuz aus seiner Tasche, zeigte sie [&hellip;]<\/p>\n","protected":false},"author":62,"featured_media":669532,"comment_status":"open","ping_status":"open","sticky":false,"template":"","format":"standard","meta":{"_acf_changed":false,"_display_image":"","footnotes":""},"categories":[1098],"tags":[1326,1703,1163,1076,1285],"class_list":["post-669531","post","type-post","status-publish","format-standard","has-post-thumbnail","hentry","category-gesellschaft","tag-gericht","tag-jugend","tag-ungarische-polizei","tag-ungarn","tag-verbrechen"],"blocksy_meta":[],"acf":[],"author_username":"hmercedesz","telegram_post":"","public_post_metadata":{"breaking_news":"yes","important":"no","csempe":"no","center_tile":"no","disable_thumbnail":"no","target_lang":"","_featured_image_style":"","telegram_post":"","_xlat_group_id":""},"public_rank_math_data":{"title":"%title% %sep% %sitename%","description":"Die Staatsanwaltschaft des Bezirks Gy.r hat einen 15-j\u00e4hrigen Jungen wegen der Verwendung eines autorit\u00e4ren Symbols und der Besch\u00e4digung eines Denkmals angeklagt.","focus_keyword":"Junge","canonical_url":"","robots":"","primary_category":"1098","breadcrumb_title":"","facebook_title":"","facebook_description":"","facebook_image":"","facebook_image_id":"","twitter_title":"","twitter_description":"","twitter_image":"","twitter_image_id":"","twitter_card_type":"","twitter_use_facebook":"","advanced_robots":"","pillar_content":"","seo_score":"69","contentai_score":"","rich_snippet":""},"_links":{"self":[{"href":"https:\/\/dailynewshungary.com\/de\/wp-json\/wp\/v2\/posts\/669531","targetHints":{"allow":["GET"]}}],"collection":[{"href":"https:\/\/dailynewshungary.com\/de\/wp-json\/wp\/v2\/posts"}],"about":[{"href":"https:\/\/dailynewshungary.com\/de\/wp-json\/wp\/v2\/types\/post"}],"author":[{"embeddable":true,"href":"https:\/\/dailynewshungary.com\/de\/wp-json\/wp\/v2\/users\/62"}],"replies":[{"embeddable":true,"href":"https:\/\/dailynewshungary.com\/de\/wp-json\/wp\/v2\/comments?post=669531"}],"version-history":[{"count":0,"href":"https:\/\/dailynewshungary.com\/de\/wp-json\/wp\/v2\/posts\/669531\/revisions"}],"wp:featuredmedia":[{"embeddable":true,"href":"https:\/\/dailynewshungary.com\/de\/wp-json\/wp\/v2\/media\/669532"}],"wp:attachment":[{"href":"https:\/\/dailynewshungary.com\/de\/wp-json\/wp\/v2\/media?parent=669531"}],"wp:term":[{"taxonomy":"category","embeddable":true,"href":"https:\/\/dailynewshungary.com\/de\/wp-json\/wp\/v2\/categories?post=669531"},{"taxonomy":"post_tag","embeddable":true,"href":"https:\/\/dailynewshungary.com\/de\/wp-json\/wp\/v2\/tags?post=669531"}],"curies":[{"name":"wp","href":"https:\/\/api.w.org\/{rel}","templated":true}]}}