{"id":669734,"date":"2023-10-19T12:05:04","date_gmt":"2023-10-19T10:05:04","guid":{"rendered":"https:\/\/dailynewshungary.com\/de\/der-europaabgeordnete-fordert-die-eg-auf-zu-untersuchen-ob-gemeinschaftsmittel-zur-finanzierung-des-terrorismus-verwendet-wurden\/"},"modified":"2023-10-19T12:05:04","modified_gmt":"2023-10-19T10:05:04","slug":"der-europaabgeordnete-fordert-die-eg-auf-zu-untersuchen-ob-gemeinschaftsmittel-zur-finanzierung-des-terrorismus-verwendet-wurden","status":"publish","type":"post","link":"https:\/\/dailynewshungary.com\/de\/der-europaabgeordnete-fordert-die-eg-auf-zu-untersuchen-ob-gemeinschaftsmittel-zur-finanzierung-des-terrorismus-verwendet-wurden\/","title":{"rendered":"Der Europaabgeordnete fordert die EG auf, zu untersuchen, ob Gemeinschaftsmittel zur Finanzierung des Terrorismus verwendet wurden"},"content":{"rendered":"<p><strong>Die Europ\u00e4ische Kommission sollte untersuchen, ob die Hilfe der Europ\u00e4ischen Union f\u00fcr das pal\u00e4stinensische Volk, wenn auch indirekt, zur Finanzierung terroristischer Aktivit\u00e4ten der islamistischen Hamas-Organisation verwendet wurde, sagte Kinga G\u00e1l, Europaabgeordnete des regierenden ungarischen Fidesz, am Mittwoch gegen\u00fcber MTI.<\/strong><\/p>\n<p><a href=\"https:\/\/www.facebook.com\/galkingaep\/?locale=hu_HU\" target=\"_blank\" rel=\"noopener\">G\u00e1l<\/a> Unterst\u00fctzung f\u00fcr Oliv\u00e9r V\u00e1rhelyi zum Ausdruck gebracht <a href=\"https:\/\/dailynewshungary.com\/de\/der-grose-britische-zuguberfall-wie-eine-15-kopfige-bande-1963-26-millionen-pfund-stahl\/\" target=\"_blank\" rel=\"noopener\">EU<\/a> Kommissarin f\u00fcr Erweiterung und Nachbarschaftspolitik, die k\u00fcrzlich eine Aussetzung der Hilfe f\u00fcr die Pal\u00e4stinensische Autonomiebeh\u00f6rde und eine umfassende \u00dcberpr\u00fcfung der Verwendung der Mittel gefordert hatte. Sie sagte auch, Israel habe das Recht auf Selbstverteidigung und dr\u00fcckte den Familien der Opfer sein Mitgef\u00fchl aus.<\/p>\n<p>Unterdessen sagte sie, die Bedrohung durch den Terrorismus in Westeuropa und Demonstrationen zur Unterst\u00fctzung terroristischer Organisationen seien ein Hinweis darauf, dass \u201edie Migrationspolitik Br\u00fcssels schlecht beraten ist\u201c\u201d.<\/p>\n<p>\u201cSpricht \u00fcber die Un\u00fcberlegten <a href=\"https:\/\/dailynewshungary.com\/de\/der-grose-britische-zuguberfall-wie-eine-15-kopfige-bande-1963-26-millionen-pfund-stahl\/\" target=\"_blank\" rel=\"noopener\">Migration<\/a> Pakt unverz\u00fcglich ausgesetzt werden sollte, sagte sie, und f\u00fcgte hinzu, dass die Au\u00dfengrenzen der Gemeinschaft gesch\u00fctzt werden sollten, um zu verhindern, dass illegale Migranten einreisen, und die M\u00f6glichkeit terroristischer Aktivit\u00e4ten zu beseitigen.<\/p>\n<p>Im Gespr\u00e4ch mit der <a href=\"https:\/\/dailynewshungary.com\/de\/der-grose-britische-zuguberfall-wie-eine-15-kopfige-bande-1963-26-millionen-pfund-stahl\/\" target=\"_blank\" rel=\"noopener\">Ungarisch<\/a> \u00d6ffentliche Medien, der schwedische Europaabgeordnete Charlie Weimers und der spanische Europaabgeordnete Hermann Tertsch verurteilten den Terroranschlag der Hamas auf Israel entschieden.<\/p>\n<p>Weimers sagte, es sei \u201cunvorstellbar\u201d, dass \u201clinke Gruppen im Europ\u00e4ischen Parlament die Angriffe der Hamas gegen Israel und das j\u00fcdische Volk immer noch nicht klar verurteilen w\u00fcrden\u201d Er forderte die <a href=\"https:\/\/dailynewshungary.com\/de\/der-grose-britische-zuguberfall-wie-eine-15-kopfige-bande-1963-26-millionen-pfund-stahl\/\" target=\"_blank\" rel=\"noopener\">EG<\/a> Sicherzustellen, dass Gemeinschaftsmittel nicht direkt oder indirekt zur Finanzierung antisemitischer Inhalte verwendet werden d\u00fcrfen, und die finanzielle Hilfe f\u00fcr die Pal\u00e4stinenser auszusetzen, bevor festgestellt wird, dass diese Gelder in keiner Weise zur Finanzierung terroristischer Aktivit\u00e4ten verwendet werden.<\/p>\n<p>Tertsch wies auf die Bedeutung des Schutzes der Au\u00dfengrenzen hin.<\/p>\n<p>\u201cOhne starke Grenzkontrollen werden Massen Europa \u00fcberschwemmen und die europ\u00e4ischen Beh\u00f6rden w\u00fcrden nicht auf besorgniserregende Signale reagieren, die bereits auf europ\u00e4ischen Stra\u00dfen vorhanden sind\u201d, sagte er.<\/p>\n","protected":false},"excerpt":{"rendered":"<p>Die Europ\u00e4ische Kommission sollte untersuchen, ob die Hilfe der Europ\u00e4ischen Union f\u00fcr das pal\u00e4stinensische Volk, wenn auch indirekt, zur Finanzierung terroristischer Aktivit\u00e4ten der islamistischen Hamas-Organisation verwendet wurde, sagte Kinga G\u00e1l, Europaabgeordnete des regierenden ungarischen Fidesz, am Mittwoch gegen\u00fcber MTI. G\u00e1l Unterst\u00fctzung f\u00fcr Oliv\u00e9r V\u00e1rhelyi zum Ausdruck gebracht EU Kommissarin f\u00fcr Erweiterung und Nachbarschaftspolitik, die k\u00fcrzlich [&hellip;]<\/p>\n","protected":false},"author":33,"featured_media":669735,"comment_status":"open","ping_status":"open","sticky":false,"template":"","format":"standard","meta":{"_acf_changed":false,"_display_image":"yes","footnotes":""},"categories":[1081],"tags":[1426,1082,1445,1076],"class_list":["post-669734","post","type-post","status-publish","format-standard","has-post-thumbnail","hentry","category-politik","tag-europaische-kommission","tag-europaische-union","tag-migration","tag-ungarn"],"blocksy_meta":[],"acf":[],"author_username":"ugyelet","telegram_post":"","public_post_metadata":{"breaking_news":"yes","important":"no","csempe":"no","center_tile":"no","disable_thumbnail":"no","target_lang":"","_featured_image_style":"hidden","telegram_post":"","_xlat_group_id":""},"public_rank_math_data":{"title":"%title% %sep% %sitename%","description":"","focus_keyword":"Die Europ\u00e4ische Kommission sollte untersuchen, ob die Hilfe der Europ\u00e4ischen Union f\u00fcr das pal\u00e4stinensische Volk in Anspruch genommen wurde","canonical_url":"","robots":"","primary_category":"1081","breadcrumb_title":"","facebook_title":"","facebook_description":"","facebook_image":"","facebook_image_id":"","twitter_title":"","twitter_description":"","twitter_image":"","twitter_image_id":"","twitter_card_type":"","twitter_use_facebook":"","advanced_robots":"","pillar_content":"","seo_score":"","contentai_score":"","rich_snippet":""},"_links":{"self":[{"href":"https:\/\/dailynewshungary.com\/de\/wp-json\/wp\/v2\/posts\/669734","targetHints":{"allow":["GET"]}}],"collection":[{"href":"https:\/\/dailynewshungary.com\/de\/wp-json\/wp\/v2\/posts"}],"about":[{"href":"https:\/\/dailynewshungary.com\/de\/wp-json\/wp\/v2\/types\/post"}],"author":[{"embeddable":true,"href":"https:\/\/dailynewshungary.com\/de\/wp-json\/wp\/v2\/users\/33"}],"replies":[{"embeddable":true,"href":"https:\/\/dailynewshungary.com\/de\/wp-json\/wp\/v2\/comments?post=669734"}],"version-history":[{"count":0,"href":"https:\/\/dailynewshungary.com\/de\/wp-json\/wp\/v2\/posts\/669734\/revisions"}],"wp:featuredmedia":[{"embeddable":true,"href":"https:\/\/dailynewshungary.com\/de\/wp-json\/wp\/v2\/media\/669735"}],"wp:attachment":[{"href":"https:\/\/dailynewshungary.com\/de\/wp-json\/wp\/v2\/media?parent=669734"}],"wp:term":[{"taxonomy":"category","embeddable":true,"href":"https:\/\/dailynewshungary.com\/de\/wp-json\/wp\/v2\/categories?post=669734"},{"taxonomy":"post_tag","embeddable":true,"href":"https:\/\/dailynewshungary.com\/de\/wp-json\/wp\/v2\/tags?post=669734"}],"curies":[{"name":"wp","href":"https:\/\/api.w.org\/{rel}","templated":true}]}}