{"id":669752,"date":"2023-10-18T22:15:43","date_gmt":"2023-10-18T20:15:43","guid":{"rendered":"https:\/\/dailynewshungary.com\/de\/die-budapester-polizei-verbietet-demonstrationen-im-zusammenhang-mit-dem-protestaufruf-der-hamas\/"},"modified":"2023-10-18T22:15:43","modified_gmt":"2023-10-18T20:15:43","slug":"die-budapester-polizei-verbietet-demonstrationen-im-zusammenhang-mit-dem-protestaufruf-der-hamas","status":"publish","type":"post","link":"https:\/\/dailynewshungary.com\/de\/die-budapester-polizei-verbietet-demonstrationen-im-zusammenhang-mit-dem-protestaufruf-der-hamas\/","title":{"rendered":"Die Budapester Polizei verbietet Demonstrationen im Zusammenhang mit dem Protestaufruf der Hamas"},"content":{"rendered":"<p><strong>Das Budapester Polizeipr\u00e4sidium (BRFK) habe einen Protest im Zusammenhang mit dem Protestaufruf der Hamas verboten, teilte die Polizei am Mittwoch auf ihrer Website mit.<\/strong><\/p>\n<p>Eine Privatperson hat einen Antrag auf Durchf\u00fchrung einer Demonstration gestellt <a href=\"https:\/\/dailynewshungary.com\/de\/der-grose-britische-zuguberfall-wie-eine-15-kopfige-bande-1963-26-millionen-pfund-stahl\/\" target=\"_blank\" rel=\"noopener\">Budapests<\/a> 2. Bezirk am Freitag im Zusammenhang mit den bewaffneten K\u00e4mpfen zwischen Israel und der Terrororganisation Hamas, hie\u00df es auf der Website.<\/p>\n<p><a href=\"https:\/\/dailynewshungary.com\/de\/der-grose-britische-zuguberfall-wie-eine-15-kopfige-bande-1963-26-millionen-pfund-stahl\/\" target=\"_blank\" rel=\"noopener\">BRFK<\/a> Demonstration unter Berufung auf das Versammlungsrechtgesetz verboten hat, mit der Begr\u00fcndung, dass \u201ces den \u00f6ffentlichen Frieden und die Sicherheit der anwesenden Personen st\u00f6ren w\u00fcrde\u201d.<\/p>\n<p><a href=\"https:\/\/www.facebook.com\/profile.php?id=100079994174246\" target=\"_blank\" rel=\"noopener\">BRFK<\/a> Hinzugef\u00fcgt, dass die Teilnahme an einer verbotenen Veranstaltung Sanktionen nach sich ziehen w\u00fcrde.<\/p>\n","protected":false},"excerpt":{"rendered":"<p>Das Budapester Polizeipr\u00e4sidium (BRFK) habe einen Protest im Zusammenhang mit dem Protestaufruf der Hamas verboten, teilte die Polizei am Mittwoch auf ihrer Website mit. Eine Privatperson hat einen Antrag auf Durchf\u00fchrung einer Demonstration gestellt Budapests 2. Bezirk am Freitag im Zusammenhang mit den bewaffneten K\u00e4mpfen zwischen Israel und der Terrororganisation Hamas, hie\u00df es auf der [&hellip;]<\/p>\n","protected":false},"author":33,"featured_media":669753,"comment_status":"open","ping_status":"open","sticky":false,"template":"","format":"standard","meta":{"_acf_changed":false,"_display_image":"yes","footnotes":""},"categories":[1098],"tags":[1433,1236,1163,1076],"class_list":["post-669752","post","type-post","status-publish","format-standard","has-post-thumbnail","hentry","category-gesellschaft","tag-kumpelhafteste","tag-polizei","tag-ungarische-polizei","tag-ungarn"],"blocksy_meta":[],"acf":[],"author_username":"ugyelet","telegram_post":"","public_post_metadata":{"breaking_news":"yes","important":"no","csempe":"no","center_tile":"no","disable_thumbnail":"no","target_lang":"","_featured_image_style":"hidden","telegram_post":"","_xlat_group_id":""},"public_rank_math_data":{"title":"%title% %sep% %sitename%","description":"Das Budapester Polizeipr\u00e4sidium (BRFK) habe einen Protest im Zusammenhang mit dem Protestaufruf der Hamas verboten, teilte die Polizei am Mittwoch auf ihrer Website mit.","focus_keyword":"Polizei","canonical_url":"","robots":"","primary_category":"1098","breadcrumb_title":"","facebook_title":"","facebook_description":"","facebook_image":"","facebook_image_id":"","twitter_title":"","twitter_description":"","twitter_image":"","twitter_image_id":"","twitter_card_type":"","twitter_use_facebook":"","advanced_robots":"","pillar_content":"","seo_score":"72","contentai_score":"","rich_snippet":""},"_links":{"self":[{"href":"https:\/\/dailynewshungary.com\/de\/wp-json\/wp\/v2\/posts\/669752","targetHints":{"allow":["GET"]}}],"collection":[{"href":"https:\/\/dailynewshungary.com\/de\/wp-json\/wp\/v2\/posts"}],"about":[{"href":"https:\/\/dailynewshungary.com\/de\/wp-json\/wp\/v2\/types\/post"}],"author":[{"embeddable":true,"href":"https:\/\/dailynewshungary.com\/de\/wp-json\/wp\/v2\/users\/33"}],"replies":[{"embeddable":true,"href":"https:\/\/dailynewshungary.com\/de\/wp-json\/wp\/v2\/comments?post=669752"}],"version-history":[{"count":0,"href":"https:\/\/dailynewshungary.com\/de\/wp-json\/wp\/v2\/posts\/669752\/revisions"}],"wp:featuredmedia":[{"embeddable":true,"href":"https:\/\/dailynewshungary.com\/de\/wp-json\/wp\/v2\/media\/669753"}],"wp:attachment":[{"href":"https:\/\/dailynewshungary.com\/de\/wp-json\/wp\/v2\/media?parent=669752"}],"wp:term":[{"taxonomy":"category","embeddable":true,"href":"https:\/\/dailynewshungary.com\/de\/wp-json\/wp\/v2\/categories?post=669752"},{"taxonomy":"post_tag","embeddable":true,"href":"https:\/\/dailynewshungary.com\/de\/wp-json\/wp\/v2\/tags?post=669752"}],"curies":[{"name":"wp","href":"https:\/\/api.w.org\/{rel}","templated":true}]}}