{"id":670034,"date":"2023-10-11T09:34:05","date_gmt":"2023-10-11T07:34:05","guid":{"rendered":"https:\/\/dailynewshungary.com\/de\/hunderte-ungarn-aus-israel-gerettet\/"},"modified":"2023-10-11T09:34:05","modified_gmt":"2023-10-11T07:34:05","slug":"hunderte-ungarn-aus-israel-gerettet","status":"publish","type":"post","link":"https:\/\/dailynewshungary.com\/de\/hunderte-ungarn-aus-israel-gerettet\/","title":{"rendered":"Hunderte Ungarn aus Israel gerettet"},"content":{"rendered":"<p><strong>Die Regierung stehe in Kontakt mit jedem derzeit in Israel festsitzenden ungarischen Staatsb\u00fcrger, der sich zum konsularischen Schutz angemeldet habe, sagte Au\u00dfenminister P\u00e9ter Szijj\u00e1rt\u00f3 am Dienstag und f\u00fcgte hinzu, dass der konsularische Dienst alle \u00fcber die neuesten Informationen auf dem Laufenden halte.<\/strong><\/p>\n<p>Die ungarische Luftwaffe rettete am Sonntag und Montag insgesamt 325 Menschen aus Israel an Bord von drei Flugzeugen, doch seitdem haben weitere Menschen um Evakuierung gebeten <a href=\"https:\/\/www.facebook.com\/szijjarto.peter.official\" target=\"_blank\" rel=\"noopener\">Szijj\u00e1rt\u00f3<\/a> Nach einem Treffen von Vertretern der Europ\u00e4ischen Union und des Golf-Kooperationsrates in Maskat sagte.<\/p>\n<p>\u201cIch m\u00f6chte alle noch einmal bitten, ihre Registrierung f\u00fcr konsularischen Schutz nicht zu verz\u00f6gern\u201d, sagte er und warnte, dass diejenigen, die sich nicht rechtzeitig registriert haben, am Ende so landen k\u00f6nnten wie diejenigen, die derzeit im Land des Nahen Ostens festsitzen.<\/p>\n<p>Die Regierung beobachte st\u00e4ndig die Sicherheitslage in Israel und sei gestern \u00fcber einen Raketenangriff in der N\u00e4he des Flughafens Tel Aviv informiert worden, sagte Szijj\u00e1rt\u00f3 und wies darauf hin, dass alle Fl\u00fcge von Budapest nach Tel Aviv gestrichen worden seien.<\/p>\n<p>Der Minister f\u00fcgte gleichzeitig hinzu, dass es alternative Routen aus Israel gebe, zu denen der Zugang begrenzt sei.<\/p>\n<p>Ungarn, die sich noch in Israel aufhalten und erst k\u00fcrzlich konsularischen Schutz beantragt haben, w\u00fcrden \u00fcber diese Routen auf dem Laufenden gehalten, sagte er.<\/p>\n<p>\u201cDa die Sicherheitslage \u00e4u\u00dferst fragil ist, m\u00fcssen alle Entscheidungen mit gr\u00f6\u00dfter Sorgfalt und Vorsicht getroffen werden\u201d, sagte Szijj\u00e1rt\u00f3.<\/p>\n<p><strong>Lesen Sie auch:<\/strong><\/p>\n<ul>\n<li><a href=\"https:\/\/dailynewshungary.com\/de\/ungarischer-minister-furchtet-sich-vor-historys-groster-humanitarer-katastrophe\/\">Ungarischer Minister f\u00fcrchtet sich vor &#8216;History&#8217;s gr\u00f6\u00dfter humanit\u00e4rer Katastrophe&#8217;<\/a><\/li>\n<li><a href=\"https:\/\/dailynewshungary.com\/de\/israelische-studenten-in-ungarn-auf-der-suche-nach-flugtickets-um-nach-hause-zu-kampfen\/\">Israelische Studenten in Ungarn auf der Suche nach Flugtickets, um nach Hause zu k\u00e4mpfen<\/a><\/li>\n<\/ul>\n","protected":false},"excerpt":{"rendered":"<p>Die Regierung stehe in Kontakt mit jedem derzeit in Israel festsitzenden ungarischen Staatsb\u00fcrger, der sich zum konsularischen Schutz angemeldet habe, sagte Au\u00dfenminister P\u00e9ter Szijj\u00e1rt\u00f3 am Dienstag und f\u00fcgte hinzu, dass der konsularische Dienst alle \u00fcber die neuesten Informationen auf dem Laufenden halte. Die ungarische Luftwaffe rettete am Sonntag und Montag insgesamt 325 Menschen aus Israel [&hellip;]<\/p>\n","protected":false},"author":33,"featured_media":670035,"comment_status":"open","ping_status":"open","sticky":false,"template":"","format":"standard","meta":{"_acf_changed":false,"_display_image":"yes","footnotes":""},"categories":[1081],"tags":[1169,1082,1156,1184,1255,1076,1130],"class_list":["post-670034","post","type-post","status-publish","format-standard","has-post-thumbnail","hentry","category-politik","tag-aussenministerium-von-ungarn","tag-europaische-union","tag-israel","tag-krieg","tag-palastina","tag-ungarn","tag-ungarn-im-ausland"],"blocksy_meta":[],"acf":[],"author_username":"ugyelet","telegram_post":"","public_post_metadata":{"breaking_news":"yes","important":"no","csempe":"no","center_tile":"no","disable_thumbnail":"no","target_lang":"","_featured_image_style":"hidden","telegram_post":"","_xlat_group_id":""},"public_rank_math_data":{"title":"%title% %sep% %sitename%","description":"Die ungarische Luftwaffe hat am Sonntag und Montag insgesamt 325 Menschen aus Israel an Bord von drei Flugzeugen gerettet, aber mehr Menschen haben gefragt...","focus_keyword":"Israel","canonical_url":"","robots":"","primary_category":"1081","breadcrumb_title":"","facebook_title":"","facebook_description":"","facebook_image":"","facebook_image_id":"","twitter_title":"","twitter_description":"","twitter_image":"","twitter_image_id":"","twitter_card_type":"","twitter_use_facebook":"","advanced_robots":"","pillar_content":"","seo_score":"70","contentai_score":"","rich_snippet":""},"_links":{"self":[{"href":"https:\/\/dailynewshungary.com\/de\/wp-json\/wp\/v2\/posts\/670034","targetHints":{"allow":["GET"]}}],"collection":[{"href":"https:\/\/dailynewshungary.com\/de\/wp-json\/wp\/v2\/posts"}],"about":[{"href":"https:\/\/dailynewshungary.com\/de\/wp-json\/wp\/v2\/types\/post"}],"author":[{"embeddable":true,"href":"https:\/\/dailynewshungary.com\/de\/wp-json\/wp\/v2\/users\/33"}],"replies":[{"embeddable":true,"href":"https:\/\/dailynewshungary.com\/de\/wp-json\/wp\/v2\/comments?post=670034"}],"version-history":[{"count":0,"href":"https:\/\/dailynewshungary.com\/de\/wp-json\/wp\/v2\/posts\/670034\/revisions"}],"wp:featuredmedia":[{"embeddable":true,"href":"https:\/\/dailynewshungary.com\/de\/wp-json\/wp\/v2\/media\/670035"}],"wp:attachment":[{"href":"https:\/\/dailynewshungary.com\/de\/wp-json\/wp\/v2\/media?parent=670034"}],"wp:term":[{"taxonomy":"category","embeddable":true,"href":"https:\/\/dailynewshungary.com\/de\/wp-json\/wp\/v2\/categories?post=670034"},{"taxonomy":"post_tag","embeddable":true,"href":"https:\/\/dailynewshungary.com\/de\/wp-json\/wp\/v2\/tags?post=670034"}],"curies":[{"name":"wp","href":"https:\/\/api.w.org\/{rel}","templated":true}]}}