{"id":670193,"date":"2023-10-06T19:34:48","date_gmt":"2023-10-06T17:34:48","guid":{"rendered":"https:\/\/dailynewshungary.com\/de\/fotos-video-1848-49-arad-martyrer-in-ungarn-gedacht\/"},"modified":"2023-10-06T19:34:48","modified_gmt":"2023-10-06T17:34:48","slug":"fotos-video-1848-49-arad-martyrer-in-ungarn-gedacht","status":"publish","type":"post","link":"https:\/\/dailynewshungary.com\/de\/fotos-video-1848-49-arad-martyrer-in-ungarn-gedacht\/","title":{"rendered":"FOTOS, VIDEO: 1848\/49 Arad M\u00e4rtyrer in Ungarn gedacht"},"content":{"rendered":"<p><strong>Als Hommage an die F\u00fchrer der antihabsburgischen Revolution und des Unabh\u00e4ngigkeitskrieges des Landes, die an diesem Tag im Jahr 1849 hingerichtet wurden, wurde am Freitag vor dem Parlament die ungarische Nationalflagge gehisst und dann auf Halbmast gesenkt.<\/strong><\/p>\n<p>An der Zeremonie nahm der Justizminister teil <a href=\"https:\/\/www.facebook.com\/tuzson.bence\/?locale=hu_HU\" target=\"_blank\" rel=\"noopener\">Bence Tuzson<\/a> und anderen Regierungsbeamten.<\/p>\n<p>Der 6. Oktober wird seit 2001 als nationaler Trauertag zum Gedenken an 13 hochrangige Offiziere der ungarischen Armee begangen, die in Arad, dem heutigen Rum\u00e4nien, hingerichtet wurden, und an den Grafen Lajos Batthy\u00e1ny, Premierminister der Revolutionsregierung, der in Pest hingerichtet wurde am selben Tag.<\/p>\n<p><iframe loading=\"lazy\" style=\"border: none; overflow: hidden;\" src=\"https:\/\/www.facebook.com\/plugins\/post.php?href=https%3A%2F%2Fwww.facebook.com%2Ftuzson.bence%2Fposts%2Fpfbid02YENZDbLHncKVRSGNZaQwQK6dEyHLv6r4TotkM5tfu5cZs9f6Ljf13m9GDrPhtYHKl&amp;show_text=true&amp;width=500\" width=\"500\" height=\"690\" frameborder=\"0\" scrolling=\"no\" allowfullscreen=\"allowfullscreen\"><span data-mce-type= \"bookmark\" style= \"anzeige: inline-block; breite: 0 px; \u00fcberlauf: versteckt; zeilenh\u00f6he: 0;\" class=\"mce_SELRES_start\"> <\/span><span data-mce-type=\"bookmark\" style= \"anzeige: inline-block; breite: 0 px; \u00fcberlauf: hidden; zeilenh\u00f6he: 0;\" class=\"mce_SELRES_start\"> <\/span>><\/iframe><\/p>\n<p><a href=\"https:\/\/www.facebook.com\/zsigmond.barna.pal\/?locale=hu_HU\" target=\"_blank\" rel=\"noopener\">Barna P\u00e1l Zsigmond<\/a>\u201e(Staatssekret\u00e4r im Ministerium f\u00fcr Angelegenheiten der Europ\u00e4ischen Union, sagte bei einer Gedenkfeier im Mausoleum von Batthyany auf dem Budapester Fiumei-Stra\u00dfenfriedhof, dass die M\u00e4rtyrer \u201ejede Fackeln verbrannten\u201c\u201edie Symbole der Freiheitsliebe der Ungarn\u201d.<\/p>\n<p>\u201cSie zeigen uns den Weg, die Werte, die nicht dem Feilschen unterworfen werden d\u00fcrfen\u201d, sagte erDiese ewigen Werte sind \u201cdie nach Freiheit streben, nach Heimatliebe, nach Mut, und nach der Bereitschaft, pers\u00f6nliche Opfer zu bringen\u201d, f\u00fcgte er hinzu.<\/p>\n<p>In seiner Ansprache ging der Staatssekret\u00e4r auf die Herausforderungen ein, denen sich Ungarn zuletzt gegen\u00fcbergestellt hatte \u201cViele w\u00fcrden die friedensfreundliche Position Ungarns nicht verstehen\u201d, sagte er und f\u00fcgte hinzu, dass die Menschen nun in einer Welt lebten, in der \u201cselbst das Wort Frieden Mut erfordert\u201d.<\/p>\n<p><iframe loading=\"lazy\" style=\"border: none; overflow: hidden;\" src=\"https:\/\/www.facebook.com\/plugins\/post.php?href=https%3A%2F%2Fwww.facebook.com%2Fzsigmond.barna.pal%2Fposts%2Fpfbid0J3Fq459zFuYtE8dwrvKSCRhzqwp6vhTg9PcFcaoSA7nhW7djccDan1UA6fXHuAgml&amp;show_text=true&amp;width=500\" width=\"500\" height=\"730\" frameborder=\"0\" scrolling=\"no\" allowfullscreen=\"allowfullscreen\"><span data-mce-type= \"bookmark\" style= \"anzeige: inline-block; breite: 0 px; \u00fcberlauf: versteckt; zeilenh\u00f6he: 0;\" class=\"mce_SELRES_start\"> <\/span><span data-mce-type=\"bookmark\" style= \"anzeige: inline-block; breite: 0 px; \u00fcberlauf: hidden; zeilenh\u00f6he: 0;\" class=\"mce_SELRES_start\"> <\/span>><\/iframe><\/p>\n<p>Die Regierung, sagte er, habe ihre Position fest gehalten und \u201cwir werden keiner Erpressung oder keinem Druck nachgeben&#8230; Wir sind ein engagiertes und zuverl\u00e4ssiges Mitglied sowohl der NATO als auch der Europ\u00e4ischen Union, das den Positionen unserer Verb\u00fcndeten zuh\u00f6rt und sie respektiert\u201d Aber, f\u00fcgte er hinzu, \u201cwir werden nur so viel von unserer Souver\u00e4nit\u00e4t aufgeben, wie wir uns freiwillig gemeldet haben\u201d \u201cWir werden unseren Glauben, die Erziehung unserer Kinder, eine souver\u00e4ne Wirtschaftspolitik oder unsere Br\u00fcder in Transkarpatien nicht aufgeben, sagte er.<\/p>\n<p>Bei der Zeremonie wurden im Auftrag des Pr\u00e4sidenten Gedenkkr\u00e4nze am Grab niedergelegt <a href=\"https:\/\/www.facebook.com\/novak.katalin.official\/\" target=\"_blank\" rel=\"noopener\">Katalin Nov\u00e1k<\/a>Premierminister <a href=\"https:\/\/www.facebook.com\/orbanviktor\/?locale=hu_HU\" target=\"_blank\" rel=\"noopener\">Viktor Orb\u00e1n<\/a>, und die Regierung.<\/p>\n<p>Anl\u00e4sslich des Jubil\u00e4ums hat der Budapester B\u00fcrgermeister <a href=\"https:\/\/www.facebook.com\/karacsonygergely\/?locale=hu_HU\" target=\"_blank\" rel=\"noopener\">Gergely Kar\u00e1csony<\/a> Auf Facebook schrieb, \u201cnach 174 Jahren haben wir nicht vergessen, was wir f\u00fcr ein freies Ungarn tun m\u00fcssen\u201d Das Martyrium jener Helden lehrt uns \u201cdass die Heimat vor allem anderen steht &#8230; nationale Interessen vor Partikularinteressen, und der Dienst an der Heimat vor individuellen Ambitionen steht\u201d, sagte der B\u00fcrgermeister.<\/p>\n<p><iframe loading=\"lazy\" style=\"border: none; overflow: hidden;\" src=\"https:\/\/www.facebook.com\/plugins\/post.php?href=https%3A%2F%2Fwww.facebook.com%2Fkaracsonygergely%2Fposts%2Fpfbid036ykhXA3W9m6GVTSMYWPEjBBfQF8gq8Ka1n1HSb9goeFpQ5a2KMTj7YmBqqBwDXfpl&amp;show_text=true&amp;width=500\" width=\"500\" height=\"731\" frameborder=\"0\" scrolling=\"no\" allowfullscreen=\"allowfullscreen\"><\/iframe><\/p>\n<p>Kar\u00e1csony sagte auch, dass \u201edie Liebe zum Land viele Formen annehmen kann: \u201eMan kann es ger\u00e4uschvoll tun, und man kann es mit der Bescheidenheit einer tieferen \u00dcberzeugung tun&#8230;\u201cWer viel \u00fcber Patriotismus spricht, wird wenig f\u00fcr das Heimatland erreichen\u201d<\/p>\n<p>Zsolt Moln\u00e1r, Parteidirektor der oppositionellen Sozialisten, nahm an einer Gedenkfeier in Arad teil und sagte: \u201eWir k\u00f6nnen unseren Kampf f\u00fcr ein unabh\u00e4ngiges, starkes europ\u00e4isches Ungarn niemals aufgeben.\u201c\u201d Am \u00f6rtlichen Denkmal der M\u00e4rtyrer sagte er am 6. Oktober \u201esollte es nicht nur sein.\u201cein Gedenktag; wir m\u00fcssen auch an Unabh\u00e4ngigkeit und europ\u00e4ische Werte denken\u201d \u201eAn diesem Tag geht es nicht nur um Trauer, sondern auch darum, uns f\u00fcr die Zukunft zu engagieren.\u201d<\/p>\n<p>Die Geschichte, f\u00fcgte er hinzu, habe den Ungarn beigebracht, \u201cein stolzes NATO &#8211; und Europa-Union-Mitglied zu sein, eine Aufgabe f\u00fcr alle patriotischen Politiker\u201d.<\/p>\n<p><a href=\"https:\/\/www.facebook.com\/dobrevklara\/?locale=hu_HU\" target=\"_blank\" rel=\"noopener\">Kl\u00e1ra Dobrev<\/a>\u201eDer Europaabgeordnete der oppositionellen Demokratischen Koalition nahm an einer Zeremonie am Batthy\u00e1ny Memorial Light im Zentrum von Budapest teil, einem Denkmal, das den Ort markiert, an dem der Staatsmann hingerichtet wurde.<\/p>\n<p>Dobrev sagte, den M\u00e4rtyrern sei eine gemeinsame Verantwortung beigetreten, und f\u00fcgte hinzu, dass \u201edie gleiche Verpflichtung auch heute noch eine Nation aus den Menschen machen kann.\u201cSie sagte, die 13 M\u00e4rtyrer von Arad stammten aus 6 verschiedenen Nationen \u201eeinige von ihnen sprachen nicht einmal Ungarisch&#8230;\u201ctrotzdem werden sie unter den gr\u00f6\u00dften Ungarn verehrt\u201d. \u201eHeute muss man \u201ekein Held sein oder f\u00fcr das Heimatland sterben&#8230; Aber jeder muss sich f\u00fcr die Gemeinschaft verantwortlich f\u00fchlen, sonst werden sich die Menschen nicht in eine Nation integrieren und das Land wird nicht zu einer Nation werden.\u201cHeimat\u201d, f\u00fcgte sie hinzu.<\/p>\n<p><iframe loading=\"lazy\" style=\"border: none; overflow: hidden;\" src=\"https:\/\/www.facebook.com\/plugins\/video.php?height=314&amp;href=https%3A%2F%2Fwww.facebook.com%2Fdobrevklara%2Fvideos%2F170278456127453%2F&amp;show_text=true&amp;width=560&amp;t=0\" width=\"560\" height=\"429\" frameborder=\"0\" scrolling=\"no\" allowfullscreen=\"allowfullscreen\"><\/iframe><\/p>\n<p><strong>Lesen Sie auch:<\/strong><\/p>\n<ul>\n<li><a href=\"https:\/\/dailynewshungary.com\/de\/funktionar-trainer-der-fusballnationalmannschaft-marco-rossi-erwirbt-die-ungarische-staatsburgerschaft\/\">Funktion\u00e4r: Trainer der Fu\u00dfballnationalmannschaft Marco Rossi erwirbt die ungarische Staatsb\u00fcrgerschaft<\/a><\/li>\n<li><a href=\"https:\/\/dailynewshungary.com\/de\/die-magierprozesse-die-geschichte-der-ungarischen-inquisition-des-13-jahrhunderts\/\">Die Magierprozesse: die Geschichte der ungarischen Inquisition des 13. Jahrhunderts<\/a><\/li>\n<\/ul>\n","protected":false},"excerpt":{"rendered":"<p>Als Hommage an die F\u00fchrer der antihabsburgischen Revolution und des Unabh\u00e4ngigkeitskrieges des Landes, die an diesem Tag im Jahr 1849 hingerichtet wurden, wurde am Freitag vor dem Parlament die ungarische Nationalflagge gehisst und dann auf Halbmast gesenkt. An der Zeremonie nahm der Justizminister teil Bence Tuzson und anderen Regierungsbeamten. Der 6. Oktober wird seit 2001 [&hellip;]<\/p>\n","protected":false},"author":33,"featured_media":670194,"comment_status":"open","ping_status":"open","sticky":false,"template":"","format":"standard","meta":{"_acf_changed":false,"_display_image":"","footnotes":""},"categories":[1081],"tags":[1589,1144,1126,1076],"class_list":["post-670193","post","type-post","status-publish","format-standard","has-post-thumbnail","hentry","category-politik","tag-1848-49-revolution-und-freiheitskampf-marsch-15","tag-gedenken","tag-ungarische-geschichte","tag-ungarn"],"blocksy_meta":[],"acf":[],"author_username":"ugyelet","telegram_post":"","public_post_metadata":{"breaking_news":"yes","important":"no","csempe":"no","center_tile":"no","disable_thumbnail":"no","target_lang":"","_featured_image_style":"","telegram_post":"","_xlat_group_id":""},"public_rank_math_data":{"title":"%title% %sep% %sitename%","description":"Als Hommage an die Staats- und Regierungschefs des Landes wurde am Freitag vor dem Parlament die ungarische Nationalflagge gehisst und dann auf Halbmast gesenkt...","focus_keyword":"Ungarn","canonical_url":"","robots":"","primary_category":"1081","breadcrumb_title":"","facebook_title":"","facebook_description":"","facebook_image":"","facebook_image_id":"","twitter_title":"","twitter_description":"","twitter_image":"","twitter_image_id":"","twitter_card_type":"","twitter_use_facebook":"","advanced_robots":"","pillar_content":"","seo_score":"66","contentai_score":"","rich_snippet":""},"_links":{"self":[{"href":"https:\/\/dailynewshungary.com\/de\/wp-json\/wp\/v2\/posts\/670193","targetHints":{"allow":["GET"]}}],"collection":[{"href":"https:\/\/dailynewshungary.com\/de\/wp-json\/wp\/v2\/posts"}],"about":[{"href":"https:\/\/dailynewshungary.com\/de\/wp-json\/wp\/v2\/types\/post"}],"author":[{"embeddable":true,"href":"https:\/\/dailynewshungary.com\/de\/wp-json\/wp\/v2\/users\/33"}],"replies":[{"embeddable":true,"href":"https:\/\/dailynewshungary.com\/de\/wp-json\/wp\/v2\/comments?post=670193"}],"version-history":[{"count":0,"href":"https:\/\/dailynewshungary.com\/de\/wp-json\/wp\/v2\/posts\/670193\/revisions"}],"wp:featuredmedia":[{"embeddable":true,"href":"https:\/\/dailynewshungary.com\/de\/wp-json\/wp\/v2\/media\/670194"}],"wp:attachment":[{"href":"https:\/\/dailynewshungary.com\/de\/wp-json\/wp\/v2\/media?parent=670193"}],"wp:term":[{"taxonomy":"category","embeddable":true,"href":"https:\/\/dailynewshungary.com\/de\/wp-json\/wp\/v2\/categories?post=670193"},{"taxonomy":"post_tag","embeddable":true,"href":"https:\/\/dailynewshungary.com\/de\/wp-json\/wp\/v2\/tags?post=670193"}],"curies":[{"name":"wp","href":"https:\/\/api.w.org\/{rel}","templated":true}]}}