{"id":670197,"date":"2023-10-06T17:34:58","date_gmt":"2023-10-06T15:34:58","guid":{"rendered":"https:\/\/dailynewshungary.com\/de\/ungarische-radikale-partei-begrust-gesetzesverscharfung-bei-gastarbeitern\/"},"modified":"2023-10-06T17:34:58","modified_gmt":"2023-10-06T15:34:58","slug":"ungarische-radikale-partei-begrust-gesetzesverscharfung-bei-gastarbeitern","status":"publish","type":"post","link":"https:\/\/dailynewshungary.com\/de\/ungarische-radikale-partei-begrust-gesetzesverscharfung-bei-gastarbeitern\/","title":{"rendered":"Ungarische Radikale Partei begr\u00fc\u00dft Gesetzesversch\u00e4rfung bei Gastarbeitern"},"content":{"rendered":"<p><strong>Die Opposition Mi Haz\u00e1nk hat die k\u00fcrzlich angek\u00fcndigten \u00c4nderungen der Regeln f\u00fcr Gastarbeiter durch die Regierung f\u00fcr sich beansprucht und erkl\u00e4rt, der Schritt der Regierung sei eine Reaktion der Nachhut auf die steigende Popularit\u00e4t der radikalen Partei und Proteste gegen das Gesetz.<\/strong><\/p>\n<p>Das Wirtschaftsentwicklungsministerium teilte am Donnerstag mit, dass die Regierung Gesetze ausarbeite, um die Vorschriften zur Einwanderung und Arbeit von Drittstaatsangeh\u00f6rigen weiter zu versch\u00e4rfen.<\/p>\n<p>\u201c[Regierend] Fidesz hat beim Import von Gastarbeitern einen R\u00fcckzieher gemacht,\u201d <a href=\"https:\/\/mihazank.hu\/\" target=\"_blank\" rel=\"noopener\">Mi Haz\u00e1nk<\/a> Stellvertretender Leiter <a href=\"https:\/\/www.facebook.com\/docsdavidmihazank\/?locale=hu_HU\" target=\"_blank\" rel=\"noopener\">D\u00e1vid D\u00f3cs<\/a> Pressekonferenz am Freitag gesagt.<\/p>\n<p>Anstelle eines Massenzustroms von Gastarbeitern nach Ungarn m\u00f6chte Mi Haz\u00e1nk, dass freie Stellen besetzt werden, indem ausgewanderte Ungarn zur R\u00fcckkehr nach Hause verleitet werden, sagte D\u00f3cs.<\/p>\n<p>Die Partei bef\u00fcrworte au\u00dferdem die Unterst\u00fctzung inl\u00e4ndischer Kleinunternehmen gegen\u00fcber der Ausrichtung der Wirtschaft auf Batterieproduktion, was dazu f\u00fchre, dass multinationale Konzerne des Sektors Massen von Gastarbeitern importierten, f\u00fcgte er hinzu.<\/p>\n<p>\u201cWir wollen kein Land der Einwanderer werden\u201d, sagte D\u00f3cs und f\u00fcgte hinzu, dass es in Ungarn bereits \u201cHunderttausende\u201d Gastarbeiter gebe, \u201cw\u00e4hrend fast eine Million Ungarn als Wirtschaftsfl\u00fcchtlinge gegangen sind\u201d.<\/p>\n<p>Mi Haz\u00e1nk w\u00fcrde nur eine begrenzte Anzahl von Gastarbeitern aufnehmen, die keine Belastung f\u00fcr die Gesellschaft darstellen w\u00fcrden, sagte D\u00f3cs.<\/p>\n<p>\u201cWir sind nicht fremdenfeindlich, wir f\u00fcrchten einfach um unser Land\u201d, f\u00fcgte er hinzu.<\/p>\n<p><strong>Lesen Sie auch:<\/strong><\/p>\n<ul>\n<li><a href=\"https:\/\/dailynewshungary.com\/de\/die-magierprozesse-die-geschichte-der-ungarischen-inquisition-des-13-jahrhunderts\/\">Die Magierprozesse: die Geschichte der ungarischen Inquisition des 13. Jahrhunderts<\/a><\/li>\n<li><a href=\"https:\/\/dailynewshungary.com\/de\/elon-musk-sagt-er-stimme-viktor-orban-voll-und-ganz-zu\/\">Elon Musk sagt, er stimme Viktor Orb\u00e1n voll und ganz zu<\/a><\/li>\n<\/ul>\n","protected":false},"excerpt":{"rendered":"<p>Die Opposition Mi Haz\u00e1nk hat die k\u00fcrzlich angek\u00fcndigten \u00c4nderungen der Regeln f\u00fcr Gastarbeiter durch die Regierung f\u00fcr sich beansprucht und erkl\u00e4rt, der Schritt der Regierung sei eine Reaktion der Nachhut auf die steigende Popularit\u00e4t der radikalen Partei und Proteste gegen das Gesetz. Das Wirtschaftsentwicklungsministerium teilte am Donnerstag mit, dass die Regierung Gesetze ausarbeite, um die [&hellip;]<\/p>\n","protected":false},"author":33,"featured_media":670198,"comment_status":"open","ping_status":"open","sticky":false,"template":"","format":"standard","meta":{"_acf_changed":false,"_display_image":"yes","footnotes":""},"categories":[1081],"tags":[1729,1096,1360,1448,1423],"class_list":["post-670197","post","type-post","status-publish","format-standard","has-post-thumbnail","hentry","category-politik","tag-arbeitskraftemangel","tag-arbeitsmarkt","tag-hungern","tag-mi-hazank-unser-heimatland","tag-recht"],"blocksy_meta":[],"acf":[],"author_username":"ugyelet","telegram_post":"","public_post_metadata":{"breaking_news":"yes","important":"no","csempe":"no","center_tile":"no","disable_thumbnail":"no","target_lang":"","_featured_image_style":"hidden","telegram_post":"","_xlat_group_id":""},"public_rank_math_data":{"title":"%title% %sep% %sitename%","description":"\"Wir sind nicht fremdenfeindlich, wir f\u00fcrchten einfach um unser Land\", sagte der stellvertretende radikale Mi Haz\u00e1nk-Chef D\u00e1vid D\u00f3cs auf einer Pressekonferenz.","focus_keyword":"Radikal","canonical_url":"","robots":"","primary_category":"1081","breadcrumb_title":"","facebook_title":"","facebook_description":"","facebook_image":"","facebook_image_id":"","twitter_title":"","twitter_description":"","twitter_image":"","twitter_image_id":"","twitter_card_type":"","twitter_use_facebook":"","advanced_robots":"","pillar_content":"","seo_score":"62","contentai_score":"","rich_snippet":""},"_links":{"self":[{"href":"https:\/\/dailynewshungary.com\/de\/wp-json\/wp\/v2\/posts\/670197","targetHints":{"allow":["GET"]}}],"collection":[{"href":"https:\/\/dailynewshungary.com\/de\/wp-json\/wp\/v2\/posts"}],"about":[{"href":"https:\/\/dailynewshungary.com\/de\/wp-json\/wp\/v2\/types\/post"}],"author":[{"embeddable":true,"href":"https:\/\/dailynewshungary.com\/de\/wp-json\/wp\/v2\/users\/33"}],"replies":[{"embeddable":true,"href":"https:\/\/dailynewshungary.com\/de\/wp-json\/wp\/v2\/comments?post=670197"}],"version-history":[{"count":0,"href":"https:\/\/dailynewshungary.com\/de\/wp-json\/wp\/v2\/posts\/670197\/revisions"}],"wp:featuredmedia":[{"embeddable":true,"href":"https:\/\/dailynewshungary.com\/de\/wp-json\/wp\/v2\/media\/670198"}],"wp:attachment":[{"href":"https:\/\/dailynewshungary.com\/de\/wp-json\/wp\/v2\/media?parent=670197"}],"wp:term":[{"taxonomy":"category","embeddable":true,"href":"https:\/\/dailynewshungary.com\/de\/wp-json\/wp\/v2\/categories?post=670197"},{"taxonomy":"post_tag","embeddable":true,"href":"https:\/\/dailynewshungary.com\/de\/wp-json\/wp\/v2\/tags?post=670197"}],"curies":[{"name":"wp","href":"https:\/\/api.w.org\/{rel}","templated":true}]}}