{"id":670307,"date":"2023-10-03T15:34:38","date_gmt":"2023-10-03T13:34:38","guid":{"rendered":"https:\/\/dailynewshungary.com\/de\/bosnien-herzegowina-operation-der-eu-unter-der-leitung-eines-ungarischen-befehlshabers\/"},"modified":"2023-10-03T15:34:38","modified_gmt":"2023-10-03T13:34:38","slug":"bosnien-herzegowina-operation-der-eu-unter-der-leitung-eines-ungarischen-befehlshabers","status":"publish","type":"post","link":"https:\/\/dailynewshungary.com\/de\/bosnien-herzegowina-operation-der-eu-unter-der-leitung-eines-ungarischen-befehlshabers\/","title":{"rendered":"Bosnien-Herzegowina-Operation der EU unter der Leitung eines ungarischen Befehlshabers"},"content":{"rendered":"<p><strong>Das Kommando \u00fcber die EUFOR ALTHEA-Mission der Europ\u00e4ischen Union in Bosnien und Herzegowina werde ab Januar 2024 f\u00fcr einen Zeitraum von einem Jahr vom ungarischen Generalmajor L\u00e1szl\u00f3 Sticz \u00fcbernommen, sagte der Verteidigungsminister am Dienstag.<\/strong><\/p>\n<p>Die Wahrung der Stabilit\u00e4t der Westbalkanregion ist f\u00fcr die ungarische Regierung eine Priorit\u00e4t, da die L\u00e4nder dort eine Schl\u00fcsselrolle bei der Eind\u00e4mmung illegaler Migrationswellen spielen <a href=\"https:\/\/www.facebook.com\/szalay.bobrovniczky.kristof\/\" target=\"_blank\" rel=\"noopener\">Krist\u00f3f Szalay-Bobrovniczky<\/a> Sagte in einer Erkl\u00e4rung.<\/p>\n<p>Ungarn ist seit Jahrzehnten Teil der verschiedenen regionalen Milit\u00e4rmissionen, von denen eine der wichtigsten die der EU ist <a href=\"https:\/\/www.eeas.europa.eu\/eufor-althea\/eufor-bosnia-herzegovina-military-operation-althea_en\" target=\"_blank\" rel=\"noopener\">EUFOR ALTHEA<\/a> Mission in Bosnien und Herzegowina, sagte er.<\/p>\n<p>Ungarische Soldaten seien im Laufe der Jahre f\u00fcr ihre Rolle im Milit\u00e4rb\u00fcndnis gew\u00fcrdigt worden, indem sie mit der Leitung der regionalen Missionen beauftragt worden seien, sagte der Minister.<\/p>\n<p>Sticz\u2018Ernennung zum ALTHEA-Kommandeur wurde auch vom Milit\u00e4rausschuss der Europ\u00e4ischen Union und EUFOR-Operationskommandeur Generalleutnant Hubert Cottereau unterst\u00fctzt, sagte Szalay-Bobrovniczky.<\/p>\n<p>Die ungarischen Streitkr\u00e4fte werden ab dem n\u00e4chsten Jahr auch ihre Kapazit\u00e4ten f\u00fcr den Hubschraubertransport, die Luftevakuierung und die medizinische Unterst\u00fctzung von ROLE 1, eine Bombenentsch\u00e4rfungsmannschaft, Sprengstoffsp\u00fcrhunde und eine Milit\u00e4rpolizeieinheit in die ALTHEA-Mission einbringen, sagte er.<\/p>\n<p><a href=\"https:\/\/ludovikafesztival.uni-nke.hu\/eloadok\/dr-sticz-laszlo-vezerornagy\/\" target=\"_blank\" rel=\"noopener\">Sticz<\/a> Derzeit ist er Kommandeur des Force Modernization and Transformation Command der Streitkr\u00e4fte. Er hat in den Westbalkan-Missionen und im Obersten Hauptquartier der Alliierten M\u00e4chte in Europa gedient.<\/p>\n<p><strong>Lesen Sie auch:<\/strong><\/p>\n<ul>\n<li><a href=\"https:\/\/dailynewshungary.com\/de\/experte-der-von-orban-blockierte-schwedische-nato-beitritt-konnte-zu-harten-sanktionen-gegen-die-usa-fuhren\/\">Experte: Der von Orb\u00e1n blockierte schwedische NATO-Beitritt k\u00f6nnte zu harten Sanktionen gegen die USA f\u00fchren<\/a><\/li>\n<li><a href=\"https:\/\/dailynewshungary.com\/de\/ungarns-groste-bank-von-der-liste-der-internationalen-kriegssponsoren-gestrichen\/\">Ungarns gr\u00f6\u00dfte Bank von der Liste der internationalen Kriegssponsoren gestrichen<\/a><\/li>\n<\/ul>\n","protected":false},"excerpt":{"rendered":"<p>Das Kommando \u00fcber die EUFOR ALTHEA-Mission der Europ\u00e4ischen Union in Bosnien und Herzegowina werde ab Januar 2024 f\u00fcr einen Zeitraum von einem Jahr vom ungarischen Generalmajor L\u00e1szl\u00f3 Sticz \u00fcbernommen, sagte der Verteidigungsminister am Dienstag. Die Wahrung der Stabilit\u00e4t der Westbalkanregion ist f\u00fcr die ungarische Regierung eine Priorit\u00e4t, da die L\u00e4nder dort eine Schl\u00fcsselrolle bei der [&hellip;]<\/p>\n","protected":false},"author":33,"featured_media":670308,"comment_status":"open","ping_status":"open","sticky":false,"template":"","format":"standard","meta":{"_acf_changed":false,"_display_image":"yes","footnotes":""},"categories":[1081],"tags":[1203,1243,1082,1076],"class_list":["post-670307","post","type-post","status-publish","format-standard","has-post-thumbnail","hentry","category-politik","tag-armee","tag-balkan","tag-europaische-union","tag-ungarn"],"blocksy_meta":[],"acf":[],"author_username":"ugyelet","telegram_post":"","public_post_metadata":{"breaking_news":"yes","important":"no","csempe":"no","center_tile":"no","disable_thumbnail":"no","target_lang":"","_featured_image_style":"hidden","telegram_post":"","_xlat_group_id":""},"public_rank_math_data":{"title":"%title% %sep% %sitename%","description":"Das Kommando \u00fcber die Mission der Europ\u00e4ischen Union in Bosnien-Herzegowina wird der ungarische Generalmajor L\u00e1szl\u00f3 Sticz von... \u00fcbernehmen.","focus_keyword":"Bosnien-Herzegowina","canonical_url":"","robots":"","primary_category":"1081","breadcrumb_title":"","facebook_title":"","facebook_description":"","facebook_image":"","facebook_image_id":"","twitter_title":"","twitter_description":"","twitter_image":"","twitter_image_id":"","twitter_card_type":"","twitter_use_facebook":"","advanced_robots":"","pillar_content":"","seo_score":"56","contentai_score":"","rich_snippet":""},"_links":{"self":[{"href":"https:\/\/dailynewshungary.com\/de\/wp-json\/wp\/v2\/posts\/670307","targetHints":{"allow":["GET"]}}],"collection":[{"href":"https:\/\/dailynewshungary.com\/de\/wp-json\/wp\/v2\/posts"}],"about":[{"href":"https:\/\/dailynewshungary.com\/de\/wp-json\/wp\/v2\/types\/post"}],"author":[{"embeddable":true,"href":"https:\/\/dailynewshungary.com\/de\/wp-json\/wp\/v2\/users\/33"}],"replies":[{"embeddable":true,"href":"https:\/\/dailynewshungary.com\/de\/wp-json\/wp\/v2\/comments?post=670307"}],"version-history":[{"count":0,"href":"https:\/\/dailynewshungary.com\/de\/wp-json\/wp\/v2\/posts\/670307\/revisions"}],"wp:featuredmedia":[{"embeddable":true,"href":"https:\/\/dailynewshungary.com\/de\/wp-json\/wp\/v2\/media\/670308"}],"wp:attachment":[{"href":"https:\/\/dailynewshungary.com\/de\/wp-json\/wp\/v2\/media?parent=670307"}],"wp:term":[{"taxonomy":"category","embeddable":true,"href":"https:\/\/dailynewshungary.com\/de\/wp-json\/wp\/v2\/categories?post=670307"},{"taxonomy":"post_tag","embeddable":true,"href":"https:\/\/dailynewshungary.com\/de\/wp-json\/wp\/v2\/tags?post=670307"}],"curies":[{"name":"wp","href":"https:\/\/api.w.org\/{rel}","templated":true}]}}