{"id":670462,"date":"2023-09-29T08:34:32","date_gmt":"2023-09-29T06:34:32","guid":{"rendered":"https:\/\/dailynewshungary.com\/de\/weitere-anpassungen-bei-mav-mehrere-bahnfahrplane-mussen-geandert-werden\/"},"modified":"2023-09-29T08:34:32","modified_gmt":"2023-09-29T06:34:32","slug":"weitere-anpassungen-bei-mav-mehrere-bahnfahrplane-mussen-geandert-werden","status":"publish","type":"post","link":"https:\/\/dailynewshungary.com\/de\/weitere-anpassungen-bei-mav-mehrere-bahnfahrplane-mussen-geandert-werden\/","title":{"rendered":"Weitere Anpassungen bei M\u00c1V: Mehrere Bahnfahrpl\u00e4ne m\u00fcssen ge\u00e4ndert werden"},"content":{"rendered":"<p><strong>Auf der Strecke Budapest-Cegl\u00e9d-Szolnok wird am 30. September und 1. Oktober zwischen den Bahnh\u00f6fen Pestszentl.rinc und Vecs\u00e9s gewartet. Daher wird sich der Fahrplan am Wochenende erheblich \u00e4ndern.<\/strong><\/p>\n<p>Die Fahrpl\u00e4ne der InterCity-Z\u00fcge Ny\u00edregyh\u00e1za und Szeged werden ge\u00e4ndert Auch die Ungarischen Staatsbahnen (M\u00c1V) haben \u00c4nderungen an den Cegled-Verbindungen angek\u00fcndigt.<\/p>\n<p>InterCity-Z\u00fcge nach Ny\u00edregyh\u00e1za und Szeged werden 5 Minuten fr\u00fcher vom Bahnhof Nyugati abfahren und 5-10 Minuten sp\u00e4ter am Zielort ankommen. Dar\u00fcber hinaus werden die C\u00edvis InterR\u00e9gio-Z\u00fcge auf einer k\u00fcrzeren Strecke verkehren, nur zwischen Debrecen und Ceglede <a href=\"https:\/\/www.penzcentrum.hu\/utazas\/20230928\/ujabb-atalakitasok-a-mav-nal-tobb-menetrend-is-megvaltozik-erre-figyelj-ha-vonatra-szallsz-1141733\" target=\"_blank\" rel=\"noopener\">P\u00e9nzcentrum berichtet<\/a>.<\/p>\n<p>Die einzigen Ausnahmen hiervon werden Z\u00fcge im Morgengrauen und am Abend sein <a href=\"https:\/\/www.mavcsoport.hu\/mavinform\/hetvegi-valtozasok-cegledi-vonalon-0\" target=\"_blank\" rel=\"noopener\">M\u00c1V-Berichte<\/a>:<\/p>\n<ul>\n<li>Die C\u00edvis InterRegio f\u00e4hrt um 2:30, 3:30, 4:30 Uhr (6009, 6019, 6029) von Debrecen und um 20:23, 21:23, 22:28 Uhr (6008, 6088, 6098) vom Bahnhof Nyugati ab. wird an beiden Tagen auf der gesamten Strecke zwischen Budapest und Debrecen verkehren.<\/li>\n<li>Der C\u00edvis InterR\u00e9gio f\u00e4hrt am Samstag um 6:23, 7:23, 8:23 (6090, 6002, 6072) vom Bahnhof Nyugati ab und der C\u00edvis InterRegio f\u00e4hrt am Sonntag um 16:35, 17:35, 18:35 Uhr von Debrecen ab (6083, 6203, 6001) wird ebenfalls auf der gesamten Strecke verkehren.<\/li>\n<\/ul>\n<h2>Weitere \u00c4nderungen am Samstag&#8230;<\/h2>\n<p>Au\u00dferdem wechselt der Fahrplan am Samstag auch in der Region Hatvan, aufgrund der Gleisinstandhaltung verkehren die Z\u00fcge am Samstag zwischen P\u00e9cel und Isaszeg nur auf einem Gleis, die Z\u00fcge der IR87 Agria InterRegio werden nach MTI-Informationen 25 Minuten fr\u00fcher abfahren und 25 Minuten sp\u00e4ter auf dem Abschnitt Budapest-G\u00f6d\u00f6ll. als \u00fcblich ankommen.<\/p>\n<p><strong>Lesen Sie auch:<\/strong><\/p>\n<ul>\n<li><a href=\"https:\/\/dailynewshungary.com\/de\/warnung-grose-veranderungen-im-budapester-verkehr\/\">Warnung: Gro\u00dfe Ver\u00e4nderungen im Budapester Verkehr<\/a><\/li>\n<li><a href=\"https:\/\/dailynewshungary.com\/de\/forint-schwacht-sich-unkontrolliert-ab-erreicht-6-monats-tief-400-eur-huf-am-horizont\/\">Forint schw\u00e4cht sich unkontrolliert ab, erreicht 6-Monats-Tief: 400 EUR\/HUF am Horizont<\/a><\/li>\n<\/ul>\n","protected":false},"excerpt":{"rendered":"<p>Auf der Strecke Budapest-Cegl\u00e9d-Szolnok wird am 30. September und 1. Oktober zwischen den Bahnh\u00f6fen Pestszentl.rinc und Vecs\u00e9s gewartet. Daher wird sich der Fahrplan am Wochenende erheblich \u00e4ndern. Die Fahrpl\u00e4ne der InterCity-Z\u00fcge Ny\u00edregyh\u00e1za und Szeged werden ge\u00e4ndert Auch die Ungarischen Staatsbahnen (M\u00c1V) haben \u00c4nderungen an den Cegled-Verbindungen angek\u00fcndigt. InterCity-Z\u00fcge nach Ny\u00edregyh\u00e1za und Szeged werden 5 Minuten [&hellip;]<\/p>\n","protected":false},"author":62,"featured_media":670463,"comment_status":"open","ping_status":"open","sticky":false,"template":"","format":"standard","meta":{"_acf_changed":false,"_display_image":"yes","footnotes":""},"categories":[1098],"tags":[1336,1214,1467,1080,1148],"class_list":["post-670462","post","type-post","status-publish","format-standard","has-post-thumbnail","hentry","category-gesellschaft","tag-hungrig","tag-mav","tag-nutzliches-dnh","tag-reisen","tag-zug"],"blocksy_meta":[],"acf":[],"author_username":"hmercedesz","telegram_post":"","public_post_metadata":{"breaking_news":"yes","important":"no","csempe":"no","center_tile":"no","disable_thumbnail":"no","target_lang":"","_featured_image_style":"hidden","telegram_post":"","_xlat_group_id":""},"public_rank_math_data":{"title":"%title% %sep% %sitename%","description":"Aufgrund von Wartungsarbeiten an diesem Wochenende werde sich der Fahrplan mehrerer Z\u00fcge erheblich \u00e4ndern, berichtete M\u00c1V.","focus_keyword":"M\u00c1V","canonical_url":"","robots":"","primary_category":"1098","breadcrumb_title":"","facebook_title":"","facebook_description":"","facebook_image":"","facebook_image_id":"","twitter_title":"","twitter_description":"","twitter_image":"","twitter_image_id":"","twitter_card_type":"","twitter_use_facebook":"","advanced_robots":"","pillar_content":"","seo_score":"","contentai_score":"","rich_snippet":""},"_links":{"self":[{"href":"https:\/\/dailynewshungary.com\/de\/wp-json\/wp\/v2\/posts\/670462","targetHints":{"allow":["GET"]}}],"collection":[{"href":"https:\/\/dailynewshungary.com\/de\/wp-json\/wp\/v2\/posts"}],"about":[{"href":"https:\/\/dailynewshungary.com\/de\/wp-json\/wp\/v2\/types\/post"}],"author":[{"embeddable":true,"href":"https:\/\/dailynewshungary.com\/de\/wp-json\/wp\/v2\/users\/62"}],"replies":[{"embeddable":true,"href":"https:\/\/dailynewshungary.com\/de\/wp-json\/wp\/v2\/comments?post=670462"}],"version-history":[{"count":0,"href":"https:\/\/dailynewshungary.com\/de\/wp-json\/wp\/v2\/posts\/670462\/revisions"}],"wp:featuredmedia":[{"embeddable":true,"href":"https:\/\/dailynewshungary.com\/de\/wp-json\/wp\/v2\/media\/670463"}],"wp:attachment":[{"href":"https:\/\/dailynewshungary.com\/de\/wp-json\/wp\/v2\/media?parent=670462"}],"wp:term":[{"taxonomy":"category","embeddable":true,"href":"https:\/\/dailynewshungary.com\/de\/wp-json\/wp\/v2\/categories?post=670462"},{"taxonomy":"post_tag","embeddable":true,"href":"https:\/\/dailynewshungary.com\/de\/wp-json\/wp\/v2\/tags?post=670462"}],"curies":[{"name":"wp","href":"https:\/\/api.w.org\/{rel}","templated":true}]}}