{"id":670468,"date":"2023-09-28T21:34:42","date_gmt":"2023-09-28T19:34:42","guid":{"rendered":"https:\/\/dailynewshungary.com\/de\/ministerialbeamter-ungarn-lehnt-eu-migrationsvorschlag-ab\/"},"modified":"2023-09-28T21:34:42","modified_gmt":"2023-09-28T19:34:42","slug":"ministerialbeamter-ungarn-lehnt-eu-migrationsvorschlag-ab","status":"publish","type":"post","link":"https:\/\/dailynewshungary.com\/de\/ministerialbeamter-ungarn-lehnt-eu-migrationsvorschlag-ab\/","title":{"rendered":"Ministerialbeamter: Ungarn lehnt EU-Migrationsvorschlag ab"},"content":{"rendered":"<p><strong>Ungarn lehne die Krisenregelung des vorgeschlagenen EU-Migrations &#8211; und Asylpakts ab, sagte ein Beamter des Innenministeriums am Donnerstag mit der Begr\u00fcndung, dass die Verordnung \u201ceine neue T\u00fcr\u201d f\u00fcr die illegale Massenmigration nach Europa \u00f6ffnen w\u00fcrde.<\/strong><\/p>\n<p>Die derzeit zur Diskussion stehenden Regelungen w\u00fcrden, wenn sie angenommen w\u00fcrden, langfristig die Zukunft, Sicherheit, wirtschaftliche Wettbewerbsf\u00e4higkeit und die Zusammensetzung seiner Bev\u00f6lkerung Europas definieren <a href=\"https:\/\/www.facebook.com\/RetvariBence\/?locale=hu_HU\" target=\"_blank\" rel=\"noopener\">Bence R\u00e9tv\u00e1ri<\/a>\u201e, Staatssekret\u00e4r des Innenministeriums, sagte in einer Ratssitzung zur Reform des Migrations- und Asylpakets der EU.<\/p>\n<p>\u201cSo lehnt Ungarn diesen neuen migrationsfreundlichen Vorschlag Br\u00fcssels ab\u201d, sagte er.<\/p>\n<p>Ungarn argumentiert, dass eine konsensbasierte Entscheidungsfindung in strategischen Fragen wie dem Migrationspakt wichtig sei, sagte R\u00e9tv\u00e1riBeschl\u00fcsse mit qualifizierter Mehrheit w\u00fcrden einzelne Mitgliedstaaten umgehen, die wiederum noch Krisensituationen bew\u00e4ltigen m\u00fcssten.<\/p>\n<p>Ungarn, so stellte er fest, habe in diesem Jahr bisher 135.000 illegale Migranten an seiner S\u00fcdgrenze gestoppt, mehr als im gesamten Jahr vor zwei Jahren.<\/p>\n<p>Der neue Pakt w\u00e4re \u201cein Migrantenmagnet\u201d, sagte er und argumentierte, dass er das Asylproblem nicht anpacken und es vers\u00e4umen w\u00fcrde, die illegale Migration einzud\u00e4mmen.<\/p>\n<p><strong>Lesen Sie auch:<\/strong><\/p>\n<ul>\n<li><a href=\"https:\/\/dailynewshungary.com\/de\/forint-schwacht-sich-unkontrolliert-ab-erreicht-6-monats-tief-400-eur-huf-am-horizont\/\">Forint schw\u00e4cht sich unkontrolliert ab, erreicht 6-Monats-Tief: 400 EUR\/HUF am Horizont<\/a><\/li>\n<li><a href=\"https:\/\/dailynewshungary.com\/de\/diplomatische-einmischung-der-ungarische-botschafter-in-der-slowakei-rief-wegen-szijjartos-worten-vor\/\">Diplomatische Einmischung? Der ungarische Botschafter in der Slowakei rief wegen Szijj\u00e1rt\u00f3s Worten vor<\/a><\/li>\n<\/ul>\n","protected":false},"excerpt":{"rendered":"<p>Ungarn lehne die Krisenregelung des vorgeschlagenen EU-Migrations &#8211; und Asylpakts ab, sagte ein Beamter des Innenministeriums am Donnerstag mit der Begr\u00fcndung, dass die Verordnung \u201ceine neue T\u00fcr\u201d f\u00fcr die illegale Massenmigration nach Europa \u00f6ffnen w\u00fcrde. Die derzeit zur Diskussion stehenden Regelungen w\u00fcrden, wenn sie angenommen w\u00fcrden, langfristig die Zukunft, Sicherheit, wirtschaftliche Wettbewerbsf\u00e4higkeit und die Zusammensetzung [&hellip;]<\/p>\n","protected":false},"author":33,"featured_media":670469,"comment_status":"open","ping_status":"open","sticky":false,"template":"","format":"standard","meta":{"_acf_changed":false,"_display_image":"yes","footnotes":""},"categories":[1081],"tags":[1082,1445,1103,1076],"class_list":["post-670468","post","type-post","status-publish","format-standard","has-post-thumbnail","hentry","category-politik","tag-europaische-union","tag-migration","tag-ungarisches-parlament","tag-ungarn"],"blocksy_meta":[],"acf":[],"author_username":"ugyelet","telegram_post":"","public_post_metadata":{"breaking_news":"yes","important":"no","csempe":"no","center_tile":"no","disable_thumbnail":"no","target_lang":"","_featured_image_style":"hidden","telegram_post":"","_xlat_group_id":""},"public_rank_math_data":{"title":"%title% %sep% %sitename%","description":"Ungarn lehne die Krisenregelung des vorgeschlagenen EU-Migrations - und Asylpakts ab, sagte ein Beamter des Innenministeriums am Donnerstag.","focus_keyword":"Migration","canonical_url":"","robots":"","primary_category":"1081","breadcrumb_title":"","facebook_title":"","facebook_description":"","facebook_image":"","facebook_image_id":"","twitter_title":"","twitter_description":"","twitter_image":"","twitter_image_id":"","twitter_card_type":"","twitter_use_facebook":"","advanced_robots":"","pillar_content":"","seo_score":"59","contentai_score":"","rich_snippet":""},"_links":{"self":[{"href":"https:\/\/dailynewshungary.com\/de\/wp-json\/wp\/v2\/posts\/670468","targetHints":{"allow":["GET"]}}],"collection":[{"href":"https:\/\/dailynewshungary.com\/de\/wp-json\/wp\/v2\/posts"}],"about":[{"href":"https:\/\/dailynewshungary.com\/de\/wp-json\/wp\/v2\/types\/post"}],"author":[{"embeddable":true,"href":"https:\/\/dailynewshungary.com\/de\/wp-json\/wp\/v2\/users\/33"}],"replies":[{"embeddable":true,"href":"https:\/\/dailynewshungary.com\/de\/wp-json\/wp\/v2\/comments?post=670468"}],"version-history":[{"count":0,"href":"https:\/\/dailynewshungary.com\/de\/wp-json\/wp\/v2\/posts\/670468\/revisions"}],"wp:featuredmedia":[{"embeddable":true,"href":"https:\/\/dailynewshungary.com\/de\/wp-json\/wp\/v2\/media\/670469"}],"wp:attachment":[{"href":"https:\/\/dailynewshungary.com\/de\/wp-json\/wp\/v2\/media?parent=670468"}],"wp:term":[{"taxonomy":"category","embeddable":true,"href":"https:\/\/dailynewshungary.com\/de\/wp-json\/wp\/v2\/categories?post=670468"},{"taxonomy":"post_tag","embeddable":true,"href":"https:\/\/dailynewshungary.com\/de\/wp-json\/wp\/v2\/tags?post=670468"}],"curies":[{"name":"wp","href":"https:\/\/api.w.org\/{rel}","templated":true}]}}