{"id":670865,"date":"2023-09-17T20:24:05","date_gmt":"2023-09-17T18:24:05","guid":{"rendered":"https:\/\/dailynewshungary.com\/de\/video-ungarisches-rettungsteam-auf-see-mit-hilfe-nach-libyen\/"},"modified":"2023-09-17T20:24:05","modified_gmt":"2023-09-17T18:24:05","slug":"video-ungarisches-rettungsteam-auf-see-mit-hilfe-nach-libyen","status":"publish","type":"post","link":"https:\/\/dailynewshungary.com\/de\/video-ungarisches-rettungsteam-auf-see-mit-hilfe-nach-libyen\/","title":{"rendered":"VIDEO: Ungarisches Rettungsteam auf See mit Hilfe nach Libyen"},"content":{"rendered":"<p><strong>Ein ungarisches Rettungsteam sei auf dem Weg nach Libyen, wo die Stadt Derna am vergangenen Montag w\u00e4hrend eines Sturms \u00fcberschwemmt worden sei, sagte der Minister f\u00fcr ausw\u00e4rtige Angelegenheiten und Handel.<\/strong><\/p>\n<p>\u201cWir stehen in st\u00e4ndigem Kontakt mit den Beh\u00f6rden, die dringend Rettungsteams ben\u00f6tigen, da nur wenige ausl\u00e4ndische Teams es in das nahezu unzug\u00e4ngliche Gebiet geschafft haben\u201d <a href=\"https:\/\/www.facebook.com\/szijjarto.peter.official\" target=\"_blank\" rel=\"noopener\"><strong>Sagte der P\u00e9ter Szijj\u00e1rt\u00f3<\/strong><\/a> Auf Facebook. Das Team werde auch medizinische Hilfe leisten, f\u00fcgte er hinzuDas Ungarn-Hilfs-Programm der Regierung leistet Unterst\u00fctzung im Wert von 14 Millionen Forint (36.500 EUR), f\u00fcgte Szijj\u00e1rt\u00f3 hinzu.<\/p>\n<p><strong>Lesen Sie auch:<\/strong><\/p>\n<ul>\n<li><a href=\"https:\/\/dailynewshungary.com\/de\/uberraschende-last-minute-angebote-bei-wizz-air-fur-oktober-verpassen-sie-diese-urlaubsziele-nicht\/\">\u00dcberraschende Last-Minute-Angebote bei Wizz Air f\u00fcr Oktober: verpassen Sie diese Urlaubsziele nicht!<\/a><\/li>\n<\/ul>\n<p><iframe loading=\"lazy\" style=\"border: none; overflow: hidden;\" src=\"https:\/\/www.facebook.com\/plugins\/video.php?height=476&amp;href=https%3A%2F%2Fwww.facebook.com%2Fszijjarto.peter.official%2Fvideos%2F805783608005184%2F&amp;show_text=false&amp;width=476&amp;t=0\" width=\"476\" height=\"476\" frameborder=\"0\" scrolling=\"no\" allowfullscreen=\"allowfullscreen\"><\/iframe><\/p>\n<p><iframe loading=\"lazy\" style=\"border: none; overflow: hidden;\" src=\"https:\/\/www.facebook.com\/plugins\/video.php?height=314&amp;href=https%3A%2F%2Fwww.facebook.com%2Fbudapestmentoszervezet%2Fvideos%2F3548955422052898%2F&amp;show_text=false&amp;width=560&amp;t=0\" width=\"560\" height=\"314\" frameborder=\"0\" scrolling=\"no\" allowfullscreen=\"allowfullscreen\"><\/iframe><\/p>\n","protected":false},"excerpt":{"rendered":"<p>Ein ungarisches Rettungsteam sei auf dem Weg nach Libyen, wo die Stadt Derna am vergangenen Montag w\u00e4hrend eines Sturms \u00fcberschwemmt worden sei, sagte der Minister f\u00fcr ausw\u00e4rtige Angelegenheiten und Handel. \u201cWir stehen in st\u00e4ndigem Kontakt mit den Beh\u00f6rden, die dringend Rettungsteams ben\u00f6tigen, da nur wenige ausl\u00e4ndische Teams es in das nahezu unzug\u00e4ngliche Gebiet geschafft haben\u201d [&hellip;]<\/p>\n","protected":false},"author":50,"featured_media":670866,"comment_status":"open","ping_status":"open","sticky":false,"template":"","format":"standard","meta":{"_acf_changed":false,"_display_image":"","footnotes":""},"categories":[1098],"tags":[1155,1519,1192],"class_list":["post-670865","post","type-post","status-publish","format-standard","has-post-thumbnail","hentry","category-gesellschaft","tag-afrika","tag-katastrophe","tag-video"],"blocksy_meta":[],"acf":[],"author_username":"dnh","telegram_post":"","public_post_metadata":{"breaking_news":"yes","important":"no","csempe":"no","center_tile":"no","disable_thumbnail":"no","target_lang":"","_featured_image_style":"","telegram_post":"","_xlat_group_id":""},"public_rank_math_data":{"title":"%title% %sep% %sitename%","description":"Ein ungarisches Rettungsteam ist auf dem Weg nach Libyen, wo die Stadt Derna am vergangenen Montag bei einem Sturm \u00fcberschwemmt wurde","focus_keyword":"Libyen","canonical_url":"","robots":"","primary_category":"1098","breadcrumb_title":"","facebook_title":"","facebook_description":"","facebook_image":"","facebook_image_id":"","twitter_title":"","twitter_description":"","twitter_image":"","twitter_image_id":"","twitter_card_type":"","twitter_use_facebook":"","advanced_robots":"","pillar_content":"","seo_score":"69","contentai_score":"","rich_snippet":""},"_links":{"self":[{"href":"https:\/\/dailynewshungary.com\/de\/wp-json\/wp\/v2\/posts\/670865","targetHints":{"allow":["GET"]}}],"collection":[{"href":"https:\/\/dailynewshungary.com\/de\/wp-json\/wp\/v2\/posts"}],"about":[{"href":"https:\/\/dailynewshungary.com\/de\/wp-json\/wp\/v2\/types\/post"}],"author":[{"embeddable":true,"href":"https:\/\/dailynewshungary.com\/de\/wp-json\/wp\/v2\/users\/50"}],"replies":[{"embeddable":true,"href":"https:\/\/dailynewshungary.com\/de\/wp-json\/wp\/v2\/comments?post=670865"}],"version-history":[{"count":0,"href":"https:\/\/dailynewshungary.com\/de\/wp-json\/wp\/v2\/posts\/670865\/revisions"}],"wp:featuredmedia":[{"embeddable":true,"href":"https:\/\/dailynewshungary.com\/de\/wp-json\/wp\/v2\/media\/670866"}],"wp:attachment":[{"href":"https:\/\/dailynewshungary.com\/de\/wp-json\/wp\/v2\/media?parent=670865"}],"wp:term":[{"taxonomy":"category","embeddable":true,"href":"https:\/\/dailynewshungary.com\/de\/wp-json\/wp\/v2\/categories?post=670865"},{"taxonomy":"post_tag","embeddable":true,"href":"https:\/\/dailynewshungary.com\/de\/wp-json\/wp\/v2\/tags?post=670865"}],"curies":[{"name":"wp","href":"https:\/\/api.w.org\/{rel}","templated":true}]}}