{"id":670914,"date":"2023-09-16T09:35:11","date_gmt":"2023-09-16T07:35:11","guid":{"rendered":"https:\/\/dailynewshungary.com\/de\/ungarn-hat-die-beschrankung-gegenuber-der-ukraine-einseitig-verlangert-und-ausgeweitet\/"},"modified":"2023-09-16T09:35:11","modified_gmt":"2023-09-16T07:35:11","slug":"ungarn-hat-die-beschrankung-gegenuber-der-ukraine-einseitig-verlangert-und-ausgeweitet","status":"publish","type":"post","link":"https:\/\/dailynewshungary.com\/de\/ungarn-hat-die-beschrankung-gegenuber-der-ukraine-einseitig-verlangert-und-ausgeweitet\/","title":{"rendered":"Ungarn hat die Beschr\u00e4nkung gegen\u00fcber der Ukraine einseitig verl\u00e4ngert und ausgeweitet"},"content":{"rendered":"<p><strong>Die Regierung wird die Interessen der ungarischen Landwirte sch\u00fctzen und nachdem Br\u00fcssel beschlossen hat, das Einfuhrverbot f\u00fcr Agrarprodukte aus der Ukraine nicht aufrechtzuerhalten, wird Ungarn das Einfuhrverbot f\u00fcr ukrainisches Getreide in eigener nationaler Verantwortung ausweiten und auf weitere Produkte ausweiten, sagte Landwirtschaftsminister Istv\u00e1n Nagy am Freitag.<\/strong><\/p>\n<p>Das Ministerium zitierte Nagy mit den Worten, dass die <a href=\"https:\/\/dailynewshungary.com\/de\/der-grose-britische-zuguberfall-wie-eine-15-kopfige-bande-1963-26-millionen-pfund-stahl\/\"><strong>EU<\/strong> <\/a>Einfuhrverbot bestimmter <a href=\"https:\/\/dailynewshungary.com\/de\/der-grose-britische-zuguberfall-wie-eine-15-kopfige-bande-1963-26-millionen-pfund-stahl\/\"><strong>Ukraine<\/strong> <\/a>Agrarprodukte laufen um Mitternacht ausDas Moratorium muss aufrechterhalten werden, um Marktst\u00f6rungen zu verhindern, sagte NagyWenn erneut billige ukrainische Importe die M\u00e4rkte der EU-L\u00e4nder in der Nachbarschaft der Ukraine \u00fcberschwemmen, wird es nicht gen\u00fcgend Lagerkapazit\u00e4ten f\u00fcr die Herbsternte geben und es wird unm\u00f6glich sein, Produkte auf dem heimischen Markt zu verkaufenf\u00fcgte er hinzuIn der Folge m\u00fcssten die Landwirte mit noch gr\u00f6\u00dferen Schwierigkeiten konfrontiert werden, die nicht zugelassen werden d\u00fcrften, sagte der Minister.<\/p>\n<p>\u201cWir werden die Interessen der ungarischen Landwirte unter allen Umst\u00e4nden und mit allen Mitteln sch\u00fctzen\u201d, sagte Nagy und f\u00fcgte hinzu, dass Ungarn weiterhin den Transit ukrainischer Produkte durch sein Territorium erlauben werde.<\/p>\n<p><strong>Lesen Sie auch:<\/strong><\/p>\n<ul>\n<li><a href=\"https:\/\/dailynewshungary.com\/de\/offiziell-bleibeverbot-fur-ukrainisches-getreide\/\">Offiziell: Bleibeverbot f\u00fcr ukrainisches Getreide<\/a><\/li>\n<li><a href=\"https:\/\/dailynewshungary.com\/de\/ungarn-besorgt-wegen-einer-moglichen-ukrainischen-getreidedeponie-aktualisiert\/\">Ungarn besorgt wegen einer m\u00f6glichen ukrainischen Getreidedeponie<\/a><\/li>\n<\/ul>\n<h2>Ungarn erlaubt Getreidelieferungen nach Afrika, ist jedoch dagegen, ungarische Bauern zu ruinieren<\/h2>\n<p>Ungarn lasse noch zu, dass ukrainisches Getreide nach Afrika geliefert werde, \u201caber wir lassen nicht zu, dass ungarische Bauern ruiniert werden\u201d, <strong><a href=\"https:\/\/www.facebook.com\/szijjarto.peter.official\" target=\"_blank\" rel=\"noopener\">Fressdiener<\/a> Szijj\u00e1rt\u00f3<\/strong>Der Au\u00dfenminister, sagte am Freitag auf FacebookSzijj\u00e1rt\u00f3 warf der Europ\u00e4ischen Union und Kiew vor, die europ\u00e4ische \u00d6ffentlichkeit in der ukrainischen Frage der Getreideexporte irregef\u00fchrt zu habenEr stellte fest, dass mitteleurop\u00e4ische L\u00e4nder Transitrouten ge\u00f6ffnet h\u00e4tten, um sicherzustellen, dass ukrainisches Getreide Seeh\u00e4fen f\u00fcr den Transport nach Afrika erreicht.<\/p>\n<p>Ziel sei es jedoch nicht gewesen, mit ukrainischem Getreide die mitteleurop\u00e4ischen L\u00e4nder zu \u00fcberfluten, sagte er \u201cWir lassen nicht zu, dass ungarische Bauern ruiniert werden\u201d, schrieb er \u201cDie betr\u00fcgerische Propaganda in Br\u00fcssel und Kiew wird uns nicht davon abhalten\u201d, schrieb er und bezog sich dabei auf die Erkl\u00e4rung Ungarns, das Exportverbot auf die eigene nationale Beh\u00f6rde auszudehnen, wenn die EU sich weigere.<\/p>\n","protected":false},"excerpt":{"rendered":"<p>Die Regierung wird die Interessen der ungarischen Landwirte sch\u00fctzen und nachdem Br\u00fcssel beschlossen hat, das Einfuhrverbot f\u00fcr Agrarprodukte aus der Ukraine nicht aufrechtzuerhalten, wird Ungarn das Einfuhrverbot f\u00fcr ukrainisches Getreide in eigener nationaler Verantwortung ausweiten und auf weitere Produkte ausweiten, sagte Landwirtschaftsminister Istv\u00e1n Nagy am Freitag. Das Ministerium zitierte Nagy mit den Worten, dass die [&hellip;]<\/p>\n","protected":false},"author":50,"featured_media":670915,"comment_status":"open","ping_status":"open","sticky":false,"template":"","format":"standard","meta":{"_acf_changed":false,"_display_image":"yes","footnotes":""},"categories":[1081],"tags":[1389,1092,1305],"class_list":["post-670914","post","type-post","status-publish","format-standard","has-post-thumbnail","hentry","category-politik","tag-hungarische-wirtschaft","tag-ukraine","tag-ungarische-landwirtschaft"],"blocksy_meta":[],"acf":[],"author_username":"dnh","telegram_post":"","public_post_metadata":{"breaking_news":"yes","important":"no","csempe":"no","center_tile":"no","disable_thumbnail":"no","target_lang":"","_featured_image_style":"hidden","telegram_post":"","_xlat_group_id":""},"public_rank_math_data":{"title":"%title% %sep% %sitename%","description":"Die Regierung wird die Interessen der ungarischen Bauern wahren und nachdem Br\u00fcssel beschlossen hatte, das Einfuhrverbot f\u00fcr die Ukraine nicht aufrechtzuerhalten","focus_keyword":"Ukraine","canonical_url":"","robots":"","primary_category":"1081","breadcrumb_title":"","facebook_title":"","facebook_description":"","facebook_image":"","facebook_image_id":"","twitter_title":"","twitter_description":"","twitter_image":"","twitter_image_id":"","twitter_card_type":"","twitter_use_facebook":"","advanced_robots":"","pillar_content":"","seo_score":"62","contentai_score":"","rich_snippet":""},"_links":{"self":[{"href":"https:\/\/dailynewshungary.com\/de\/wp-json\/wp\/v2\/posts\/670914","targetHints":{"allow":["GET"]}}],"collection":[{"href":"https:\/\/dailynewshungary.com\/de\/wp-json\/wp\/v2\/posts"}],"about":[{"href":"https:\/\/dailynewshungary.com\/de\/wp-json\/wp\/v2\/types\/post"}],"author":[{"embeddable":true,"href":"https:\/\/dailynewshungary.com\/de\/wp-json\/wp\/v2\/users\/50"}],"replies":[{"embeddable":true,"href":"https:\/\/dailynewshungary.com\/de\/wp-json\/wp\/v2\/comments?post=670914"}],"version-history":[{"count":0,"href":"https:\/\/dailynewshungary.com\/de\/wp-json\/wp\/v2\/posts\/670914\/revisions"}],"wp:featuredmedia":[{"embeddable":true,"href":"https:\/\/dailynewshungary.com\/de\/wp-json\/wp\/v2\/media\/670915"}],"wp:attachment":[{"href":"https:\/\/dailynewshungary.com\/de\/wp-json\/wp\/v2\/media?parent=670914"}],"wp:term":[{"taxonomy":"category","embeddable":true,"href":"https:\/\/dailynewshungary.com\/de\/wp-json\/wp\/v2\/categories?post=670914"},{"taxonomy":"post_tag","embeddable":true,"href":"https:\/\/dailynewshungary.com\/de\/wp-json\/wp\/v2\/tags?post=670914"}],"curies":[{"name":"wp","href":"https:\/\/api.w.org\/{rel}","templated":true}]}}