{"id":670929,"date":"2023-09-15T20:24:11","date_gmt":"2023-09-15T18:24:11","guid":{"rendered":"https:\/\/dailynewshungary.com\/de\/ungarisches-rettungsteam-soll-bald-in-der-von-uberschwemmungen-heimgesuchten-libyschen-hafenstadt-eintreffen\/"},"modified":"2023-09-15T20:24:11","modified_gmt":"2023-09-15T18:24:11","slug":"ungarisches-rettungsteam-soll-bald-in-der-von-uberschwemmungen-heimgesuchten-libyschen-hafenstadt-eintreffen","status":"publish","type":"post","link":"https:\/\/dailynewshungary.com\/de\/ungarisches-rettungsteam-soll-bald-in-der-von-uberschwemmungen-heimgesuchten-libyschen-hafenstadt-eintreffen\/","title":{"rendered":"Ungarisches Rettungsteam soll bald in der von \u00dcberschwemmungen heimgesuchten libyschen Hafenstadt eintreffen"},"content":{"rendered":"<p><strong>Ungarische Rettungsteams werden bald in der libyschen Hafenstadt Derna eintreffen, um eine Such &#8211; und Rettungsmission zu beginnen, nachdem die D\u00e4mme zum Schutz der Stadt Anfang dieser Woche aufgrund starker Regenf\u00e4lle eingest\u00fcrzt waren, sagte Au\u00dfenminister P\u00e9ter Szijj\u00e1rt\u00f3 am Freitag.<\/strong><\/p>\n<p>Ungarn steht seit der Katastrophe in st\u00e4ndigem Kontakt mit den libyschen Beh\u00f6rden, und das Au\u00dfenministerium hat 14 Millionen Forint (36.000 EUR) bereitgestellt, um ein Team von 37 Personen und 3 Hunden zur Unterst\u00fctzung bei Such- und Rettungsbem\u00fchungen zu entsenden<a href=\"https:\/\/www.facebook.com\/szijjarto.peter.official\" target=\"_blank\" rel=\"noopener\"><strong>&nbsp;Szijj\u00e1rt\u00f3 sagte<\/strong><\/a> In einem Beitrag auf Facebook.<\/p>\n<p><strong>Hier ein Video der Verw\u00fcstung in Derna:<\/strong><\/p>\n<p><iframe loading=\"lazy\" title=\"Libya: drone footage shows devastation in Derna\" width=\"1480\" height=\"833\" src=\"https:\/\/www.youtube.com\/embed\/JCCipAMEyQ4?feature=oembed\" frameborder=\"0\" allow=\"accelerometer; autoplay; clipboard-write; encrypted-media; gyroscope; picture-in-picture; web-share\" referrerpolicy=\"strict-origin-when-cross-origin\" allowfullscreen=\"\"><\/iframe><\/p>\n<p>Die Mitglieder des Such- und Rettungsdienstes des Landkreises Pest, der Budapester Rettungsorganisation und der Inter Rescue Group reisen \u00fcber die T\u00fcrkei nach Libyen. Die t\u00fcrkischen Beh\u00f6rden und die Diplomaten der dortigen ungarischen Botschaft arbeiten daran, sicherzustellen, dass das ungarische Team mit der Arbeit beginnen kann Mission in Derna so schnell wie m\u00f6glich, sagte der Minister.<\/p>\n<p><strong>Lesen Sie auch:<\/strong><\/p>\n<ul>\n<li><a href=\"https:\/\/dailynewshungary.com\/de\/ungarn-und-andere-v4-staaten-gaben-ein-patrouillenschiff-nach-libyen\/\">Ungarn und andere V4-Staaten gaben ein Patrouillenschiff nach Libyen<\/a><\/li>\n<\/ul>\n<p><iframe loading=\"lazy\" style=\"border: none; overflow: hidden;\" src=\"https:\/\/www.facebook.com\/plugins\/post.php?href=https%3A%2F%2Fwww.facebook.com%2Fszijjarto.peter.official%2Fposts%2Fpfbid0LoEigPvzorh8JXbwDEtuDzpcfPZ3sZ7gK9KBQLiQTbz2Kzqbos7LXBeJiHKAh67Ql&amp;show_text=false&amp;width=500\" width=\"500\" height=\"333\" frameborder=\"0\" scrolling=\"no\" allowfullscreen=\"allowfullscreen\"><\/iframe><\/p>\n<p><iframe loading=\"lazy\" style=\"border: none; overflow: hidden;\" src=\"https:\/\/www.facebook.com\/plugins\/post.php?href=https%3A%2F%2Fwww.facebook.com%2Fbudapestmentoszervezet%2Fposts%2Fpfbid02xgEaZ1WMTaReMs8Pqf61ixwNuLufTwgpVvYCR2rL6kzZAWNorzTYwuXUiuD58reVl&amp;show_text=true&amp;width=500\" width=\"500\" height=\"841\" frameborder=\"0\" scrolling=\"no\" allowfullscreen=\"allowfullscreen\"><\/iframe><\/p>\n","protected":false},"excerpt":{"rendered":"<p>Ungarische Rettungsteams werden bald in der libyschen Hafenstadt Derna eintreffen, um eine Such &#8211; und Rettungsmission zu beginnen, nachdem die D\u00e4mme zum Schutz der Stadt Anfang dieser Woche aufgrund starker Regenf\u00e4lle eingest\u00fcrzt waren, sagte Au\u00dfenminister P\u00e9ter Szijj\u00e1rt\u00f3 am Freitag. Ungarn steht seit der Katastrophe in st\u00e4ndigem Kontakt mit den libyschen Beh\u00f6rden, und das Au\u00dfenministerium hat [&hellip;]<\/p>\n","protected":false},"author":50,"featured_media":670930,"comment_status":"open","ping_status":"open","sticky":false,"template":"","format":"standard","meta":{"_acf_changed":false,"_display_image":"yes","footnotes":""},"categories":[1098],"tags":[1155,1519,1113],"class_list":["post-670929","post","type-post","status-publish","format-standard","has-post-thumbnail","hentry","category-gesellschaft","tag-afrika","tag-katastrophe","tag-umwelt"],"blocksy_meta":[],"acf":[],"author_username":"dnh","telegram_post":"","public_post_metadata":{"breaking_news":"yes","important":"no","csempe":"no","center_tile":"no","disable_thumbnail":"no","target_lang":"","_featured_image_style":"hidden","telegram_post":"","_xlat_group_id":""},"public_rank_math_data":{"title":"%title% %sep% %sitename%","description":"In der libyschen Hafenstadt Derna werden bald ungarische Rettungsteams eintreffen, um eine Such - und Rettungsmission zu beginnen","focus_keyword":"Libysche","canonical_url":"","robots":"","primary_category":"1098","breadcrumb_title":"","facebook_title":"","facebook_description":"","facebook_image":"","facebook_image_id":"","twitter_title":"","twitter_description":"","twitter_image":"","twitter_image_id":"","twitter_card_type":"","twitter_use_facebook":"","advanced_robots":"","pillar_content":"","seo_score":"67","contentai_score":"","rich_snippet":""},"_links":{"self":[{"href":"https:\/\/dailynewshungary.com\/de\/wp-json\/wp\/v2\/posts\/670929","targetHints":{"allow":["GET"]}}],"collection":[{"href":"https:\/\/dailynewshungary.com\/de\/wp-json\/wp\/v2\/posts"}],"about":[{"href":"https:\/\/dailynewshungary.com\/de\/wp-json\/wp\/v2\/types\/post"}],"author":[{"embeddable":true,"href":"https:\/\/dailynewshungary.com\/de\/wp-json\/wp\/v2\/users\/50"}],"replies":[{"embeddable":true,"href":"https:\/\/dailynewshungary.com\/de\/wp-json\/wp\/v2\/comments?post=670929"}],"version-history":[{"count":0,"href":"https:\/\/dailynewshungary.com\/de\/wp-json\/wp\/v2\/posts\/670929\/revisions"}],"wp:featuredmedia":[{"embeddable":true,"href":"https:\/\/dailynewshungary.com\/de\/wp-json\/wp\/v2\/media\/670930"}],"wp:attachment":[{"href":"https:\/\/dailynewshungary.com\/de\/wp-json\/wp\/v2\/media?parent=670929"}],"wp:term":[{"taxonomy":"category","embeddable":true,"href":"https:\/\/dailynewshungary.com\/de\/wp-json\/wp\/v2\/categories?post=670929"},{"taxonomy":"post_tag","embeddable":true,"href":"https:\/\/dailynewshungary.com\/de\/wp-json\/wp\/v2\/tags?post=670929"}],"curies":[{"name":"wp","href":"https:\/\/api.w.org\/{rel}","templated":true}]}}