{"id":671175,"date":"2023-09-08T15:05:38","date_gmt":"2023-09-08T13:05:38","guid":{"rendered":"https:\/\/dailynewshungary.com\/de\/ungarische-regierung-bereit-fur-weitere-eg-gesprache\/"},"modified":"2023-09-08T15:05:38","modified_gmt":"2023-09-08T13:05:38","slug":"ungarische-regierung-bereit-fur-weitere-eg-gesprache","status":"publish","type":"post","link":"https:\/\/dailynewshungary.com\/de\/ungarische-regierung-bereit-fur-weitere-eg-gesprache\/","title":{"rendered":"Ungarische Regierung bereit f\u00fcr weitere EG-Gespr\u00e4che"},"content":{"rendered":"<p><strong>J\u00e1nos B\u00f3ka, der Minister f\u00fcr Angelegenheiten der Europ\u00e4ischen Union, sagte, die Regierung habe der Europ\u00e4ischen Kommission deutlich gemacht, dass sie sich weiterhin f\u00fcr Verhandlungen sowohl auf politischer als auch auf technischer Ebene einsetze.<\/strong><\/p>\n<p>Ungarn habe konkrete Vorschl\u00e4ge zur Struktur und zum Thema der Gespr\u00e4che gemacht, um das Ergebnis zu beschleunigen, und diese seien gut aufgenommen worden, sagte er <a href=\"https:\/\/hirtv.hu\/\" target=\"_blank\" rel=\"noopener\">HirTV<\/a> Im Interview am Donnerstagabend.<\/p>\n<p>Der Minister sagte, dass Ungarn bereits alle bisherigen Bedingungen f\u00fcr die Freigabe seiner Sperrung erf\u00fcllt habe <a href=\"https:\/\/dailynewshungary.com\/de\/der-grose-britische-zuguberfall-wie-eine-15-kopfige-bande-1963-26-millionen-pfund-stahl\/\" target=\"_blank\" rel=\"noopener\">EU-f\u00f6rderung<\/a> Aber angesichts der \u201cbeispiellosen geopolitischen und wirtschaftlichen Herausforderungen\u201d der EU weitere Gespr\u00e4che f\u00fchreEs sei von entscheidender Bedeutung, sagte er, allen Mitgliedstaaten und der Welt eine Botschaft zu \u00fcbermitteln, dass \u201cdie Europ\u00e4ische Union vereint ist\u201d.<\/p>\n<p>Er sagte <a href=\"https:\/\/dailynewshungary.com\/de\/der-grose-britische-zuguberfall-wie-eine-15-kopfige-bande-1963-26-millionen-pfund-stahl\/\" target=\"_blank\" rel=\"noopener\">Ungarn<\/a> Gespr\u00e4che konstruktiv \u201cund im Sinne einer loyalen Zusammenarbeit\u201d in der Erwartung einer \u00e4hnlichen Behandlung durch die europ\u00e4ischen Institutionen und andere Mitgliedstaaten fortf\u00fchrte.<\/p>\n<p>Einige, f\u00fcgte er hinzu, versuchten zu st\u00e4rken <a href=\"https:\/\/dailynewshungary.com\/de\/der-grose-britische-zuguberfall-wie-eine-15-kopfige-bande-1963-26-millionen-pfund-stahl\/\" target=\"_blank\" rel=\"noopener\">EU<\/a> Einheit durch Abschaffung des Vetorechts, doch w\u00e4re dies ein Fehler.<\/p>\n<p>Er wies darauf hin, dass Ungarn in der zweiten Jahresh\u00e4lfte 2024 den Ratsvorsitz innehat, und sagte, niemand d\u00fcrfe sich \u00fcber die Absicht im Klaren sein, mit der das Land seine Vorbereitungen vornehme.<\/p>\n<p>B\u00f3ka sagte, Interessenkonflikte und Verm\u00f6genserkl\u00e4rungen seien Probleme, die gel\u00f6st werden m\u00fcssten, da es gro\u00dfe Unterschiede in den Vorschriften zwischen den verschiedenen europ\u00e4ischen Institutionen gebe und auf der Ebene der einzelnen Mitgliedstaaten keines so detailliert und transparent sei wie die Standards, die die europ\u00e4ischen Institutionen von ihnen verlangten ihnen.<\/p>\n<p>Unter der kommenden Trio-Pr\u00e4sidentschaft steht die Untersuchung demografischer Herausforderungen auf der Tagesordnung <a href=\"https:\/\/dailynewshungary.com\/de\/der-grose-britische-zuguberfall-wie-eine-15-kopfige-bande-1963-26-millionen-pfund-stahl\/\" target=\"_blank\" rel=\"noopener\">Ungarns<\/a> Initiative, sagte er und f\u00fcgte hinzu, dass die anderen Priorit\u00e4ten der ungarischen Pr\u00e4sidentschaft Gegenstand von Konsultationen mit allen Mitgliedstaaten seien.<\/p>\n","protected":false},"excerpt":{"rendered":"<p>J\u00e1nos B\u00f3ka, der Minister f\u00fcr Angelegenheiten der Europ\u00e4ischen Union, sagte, die Regierung habe der Europ\u00e4ischen Kommission deutlich gemacht, dass sie sich weiterhin f\u00fcr Verhandlungen sowohl auf politischer als auch auf technischer Ebene einsetze. Ungarn habe konkrete Vorschl\u00e4ge zur Struktur und zum Thema der Gespr\u00e4che gemacht, um das Ergebnis zu beschleunigen, und diese seien gut aufgenommen [&hellip;]<\/p>\n","protected":false},"author":33,"featured_media":671176,"comment_status":"open","ping_status":"open","sticky":false,"template":"","format":"standard","meta":{"_acf_changed":false,"_display_image":"yes","footnotes":""},"categories":[1081],"tags":[1390,1082,1102,1076],"class_list":["post-671175","post","type-post","status-publish","format-standard","has-post-thumbnail","hentry","category-politik","tag-eu-finanzierung","tag-europaische-union","tag-ungarische-regierung","tag-ungarn"],"blocksy_meta":[],"acf":[],"author_username":"ugyelet","telegram_post":"","public_post_metadata":{"breaking_news":"yes","important":"no","csempe":"no","center_tile":"no","disable_thumbnail":"no","target_lang":"","_featured_image_style":"hidden","telegram_post":"","_xlat_group_id":""},"public_rank_math_data":{"title":"%title% %sep% %sitename%","description":"J\u00e1nos B\u00f3ka, der Minister f\u00fcr Angelegenheiten der Europ\u00e4ischen Union, sagte, die Regierung habe der Europ\u00e4ischen Kommission klar gemacht, dass sie sich weiterhin f\u00fcr Verhandlungen einsetze","focus_keyword":"Regierung","canonical_url":"","robots":"","primary_category":"1081","breadcrumb_title":"","facebook_title":"","facebook_description":"","facebook_image":"","facebook_image_id":"","twitter_title":"","twitter_description":"","twitter_image":"","twitter_image_id":"","twitter_card_type":"","twitter_use_facebook":"","advanced_robots":"","pillar_content":"","seo_score":"","contentai_score":"","rich_snippet":""},"_links":{"self":[{"href":"https:\/\/dailynewshungary.com\/de\/wp-json\/wp\/v2\/posts\/671175","targetHints":{"allow":["GET"]}}],"collection":[{"href":"https:\/\/dailynewshungary.com\/de\/wp-json\/wp\/v2\/posts"}],"about":[{"href":"https:\/\/dailynewshungary.com\/de\/wp-json\/wp\/v2\/types\/post"}],"author":[{"embeddable":true,"href":"https:\/\/dailynewshungary.com\/de\/wp-json\/wp\/v2\/users\/33"}],"replies":[{"embeddable":true,"href":"https:\/\/dailynewshungary.com\/de\/wp-json\/wp\/v2\/comments?post=671175"}],"version-history":[{"count":0,"href":"https:\/\/dailynewshungary.com\/de\/wp-json\/wp\/v2\/posts\/671175\/revisions"}],"wp:featuredmedia":[{"embeddable":true,"href":"https:\/\/dailynewshungary.com\/de\/wp-json\/wp\/v2\/media\/671176"}],"wp:attachment":[{"href":"https:\/\/dailynewshungary.com\/de\/wp-json\/wp\/v2\/media?parent=671175"}],"wp:term":[{"taxonomy":"category","embeddable":true,"href":"https:\/\/dailynewshungary.com\/de\/wp-json\/wp\/v2\/categories?post=671175"},{"taxonomy":"post_tag","embeddable":true,"href":"https:\/\/dailynewshungary.com\/de\/wp-json\/wp\/v2\/tags?post=671175"}],"curies":[{"name":"wp","href":"https:\/\/api.w.org\/{rel}","templated":true}]}}