{"id":671326,"date":"2023-09-04T15:34:36","date_gmt":"2023-09-04T13:34:36","guid":{"rendered":"https:\/\/dailynewshungary.com\/de\/fm-szijjarto-ungarns-diplomatie-unter-druck\/"},"modified":"2023-09-04T15:34:36","modified_gmt":"2023-09-04T13:34:36","slug":"fm-szijjarto-ungarns-diplomatie-unter-druck","status":"publish","type":"post","link":"https:\/\/dailynewshungary.com\/de\/fm-szijjarto-ungarns-diplomatie-unter-druck\/","title":{"rendered":"FM Szijj\u00e1rt\u00f3: Ungarns Diplomatie unter Druck"},"content":{"rendered":"<p><strong>Ungarns Au\u00dfenpolitik werde \u201cungarisch und souver\u00e4n bleiben\u201d, sagte Au\u00dfenminister P\u00e9ter Szijj\u00e1rt\u00f3 am Montag den Botschaftern und f\u00fcgte hinzu, dass die ungarische Regierung \u201c keinem internationalen Druck nachgeben\u201d und nationale Interessen im Fokus behalten werde.<\/strong><\/p>\n<p>Rede auf einer j\u00e4hrlichen Konferenz f\u00fcr ungarische Diplomaten <a href=\"https:\/\/www.facebook.com\/szijjarto.peter.official\" target=\"_blank\" rel=\"noopener\">Szijj\u00e1rt\u00f3<\/a> Das Hauptaugenmerk der Regierung sei die Gew\u00e4hrleistung der Sicherheit und Entwicklung Ungarns inmitten \u201cder gr\u00f6\u00dften wirtschaftlichen und sicherheitspolitischen Herausforderungen Europas aller Zeiten\u201d.<\/p>\n<p>Szijj\u00e1rt\u00f3 schlug vor, dass die Ma\u00dfnahmen der Regierung \u201csicherlich den Erwartungen des internationalen liberalen Mainstreams zuwiderlaufen werden\u201d und \u201cDiplomaten bereit sein m\u00fcssen, ihre Arbeit unter gro\u00dfem internationalen Druck zu leisten\u201d \u201cZum Gl\u00fcck sind wir das gewohnt\u201d, f\u00fcgte er hinzu.<\/p>\n<p>Die <a href=\"https:\/\/dailynewshungary.com\/de\/der-grose-britische-zuguberfall-wie-eine-15-kopfige-bande-1963-26-millionen-pfund-stahl\/\">Minister<\/a> Er habe in zwei Bereichen \u201cbesonders gro\u00dfen Druck\u201d erwartet, einer davon sei der Krieg in <a href=\"https:\/\/dailynewshungary.com\/de\/der-grose-britische-zuguberfall-wie-eine-15-kopfige-bande-1963-26-millionen-pfund-stahl\/\">Ukraine<\/a>\u201cdas ist \u201ckein Krieg Ungarns\u201d, sagte er Gleichzeitig f\u00fcgte er hinzu, dass die Regierung den Krieg verurteilte und die territoriale Integrit\u00e4t und Souver\u00e4nit\u00e4t der Ukraine unterst\u00fctze.<\/p>\n<p>\u201cWir sind nicht verantwortlich und niemand k\u00f6nnte verlangen, dass wir den Preis zahlen\u201d, bestand er darauf \u201cWir weigern uns weiterhin, uns (am Konflikt) zu beteiligen\u201d, f\u00fcgte er hinzu.<\/p>\n<p>Bez\u00fcglich der \u201eernsthaften Einschr\u00e4nkung\u201cungarnischer Bildung f\u00fcr ethnische Angeh\u00f6rige durch die Ukraine sagte Szijj\u00e1rt\u00f3, dass die ungarische Regierung ihre Bedenken ge\u00e4u\u00dfert habe, \u201eunsere Verb\u00fcndeten, unsere Freunde, unsere EU-Kollegen das Problem jedoch nicht erkennen w\u00fcrden\u201d.<\/p>\n<p>\u201eSolange sich die Ukraine weigert, die Rechte der ungarischen Gemeinschaft wiederherzustellen, k\u00f6nnen wir die Aufnahme ihrer Beitrittsgespr\u00e4che mit der Ukraine nicht unterst\u00fctzen <a href=\"https:\/\/dailynewshungary.com\/de\/der-grose-britische-zuguberfall-wie-eine-15-kopfige-bande-1963-26-millionen-pfund-stahl\/\">Europ\u00e4ische Union<\/a>\u201csagte er\u201d.<\/p>\n<p>Szijj\u00e1rt\u00f3 sagte auch, dass Kommunikationskan\u00e4le mit <a href=\"https:\/\/dailynewshungary.com\/de\/der-grose-britische-zuguberfall-wie-eine-15-kopfige-bande-1963-26-millionen-pfund-stahl\/\">Russland<\/a> Offen gehalten werden soll, \u201coder sonst verschwindet sogar die Hoffnung auf Frieden\u201d Auch Ungarn werde seine entscheidenden Energieabkommen nicht k\u00fcndigen, f\u00fcgte er hinzu.<\/p>\n<p>Unterdessen sagte Szijj\u00e1rt\u00f3, Ungarn sei \u201eein Treffpunkt zwischen westlichen und \u00f6stlichen Investitionen\u201d geworden. \u201eHier werden wir erneut gro\u00dfem Druck ausgesetzt sein, denn wir sind nicht das einzige Land, das diese Investitionen will\u201csagte er. \u201eEinige L\u00e4nder in Westeuropa haben auch ein Auge auf diese Projekte geworfen und \u201esie werden alles M\u00f6gliche \u00fcber uns sagen&#8230; Sie werden sagen, dass wir die wirtschaftliche Zusammenarbeit mit ihnen stoppen m\u00fcssen\u201d <a href=\"https:\/\/dailynewshungary.com\/de\/der-grose-britische-zuguberfall-wie-eine-15-kopfige-bande-1963-26-millionen-pfund-stahl\/\">China<\/a>\u201eNat\u00fcrlich, weil sie &#8230; wollen w\u00fcrden, um Projekte anzuziehen, die vielen tausend und zehntausenden Menschen Arbeitspl\u00e4tze bieten,\u201csagte er.<\/p>\n<p><strong>Lesen Sie auch:<\/strong><\/p>\n<ul>\n<li><a href=\"https:\/\/dailynewshungary.com\/de\/ungarischer-geschaftsmann-wurde-transkarpatien-fur-gold-aus-der-ukraine-kaufen\/\">Ungarischer Gesch\u00e4ftsmann w\u00fcrde Transkarpatien f\u00fcr Gold aus der Ukraine kaufen<\/a><\/li>\n<li><a href=\"https:\/\/dailynewshungary.com\/de\/der-inlandstourismus-bricht-zusammen-internationale-besucher-retten-die-branche-in-ungarn\/\">Der Inlandstourismus bricht zusammen, internationale Besucher retten die Branche in Ungarn<\/a><\/li>\n<\/ul>\n","protected":false},"excerpt":{"rendered":"<p>Ungarns Au\u00dfenpolitik werde \u201cungarisch und souver\u00e4n bleiben\u201d, sagte Au\u00dfenminister P\u00e9ter Szijj\u00e1rt\u00f3 am Montag den Botschaftern und f\u00fcgte hinzu, dass die ungarische Regierung \u201c keinem internationalen Druck nachgeben\u201d und nationale Interessen im Fokus behalten werde. Rede auf einer j\u00e4hrlichen Konferenz f\u00fcr ungarische Diplomaten Szijj\u00e1rt\u00f3 Das Hauptaugenmerk der Regierung sei die Gew\u00e4hrleistung der Sicherheit und Entwicklung Ungarns [&hellip;]<\/p>\n","protected":false},"author":33,"featured_media":671327,"comment_status":"open","ping_status":"open","sticky":false,"template":"","format":"standard","meta":{"_acf_changed":false,"_display_image":"yes","footnotes":""},"categories":[1081],"tags":[1169,1162,1082,1084,1209,1092,1076],"class_list":["post-671326","post","type-post","status-publish","format-standard","has-post-thumbnail","hentry","category-politik","tag-aussenministerium-von-ungarn","tag-china","tag-europaische-union","tag-krieg-in-der-ukraine","tag-russland","tag-ukraine","tag-ungarn"],"blocksy_meta":[],"acf":[],"author_username":"ugyelet","telegram_post":"","public_post_metadata":{"breaking_news":"yes","important":"no","csempe":"no","center_tile":"no","disable_thumbnail":"no","target_lang":"","_featured_image_style":"hidden","telegram_post":"","_xlat_group_id":""},"public_rank_math_data":{"title":"%title% %sep% %sitename%","description":"Szijj\u00e1rt\u00f3 schlug vor, dass die Ma\u00dfnahmen der Regierung \"sicherlich den Erwartungen des internationalen liberalen Mainstreams zuwiderlaufen werden\".","focus_keyword":"Szijj\u00e1rt\u00f3","canonical_url":"","robots":"","primary_category":"1081","breadcrumb_title":"","facebook_title":"","facebook_description":"","facebook_image":"","facebook_image_id":"","twitter_title":"","twitter_description":"","twitter_image":"","twitter_image_id":"","twitter_card_type":"","twitter_use_facebook":"","advanced_robots":"","pillar_content":"","seo_score":"68","contentai_score":"","rich_snippet":""},"_links":{"self":[{"href":"https:\/\/dailynewshungary.com\/de\/wp-json\/wp\/v2\/posts\/671326","targetHints":{"allow":["GET"]}}],"collection":[{"href":"https:\/\/dailynewshungary.com\/de\/wp-json\/wp\/v2\/posts"}],"about":[{"href":"https:\/\/dailynewshungary.com\/de\/wp-json\/wp\/v2\/types\/post"}],"author":[{"embeddable":true,"href":"https:\/\/dailynewshungary.com\/de\/wp-json\/wp\/v2\/users\/33"}],"replies":[{"embeddable":true,"href":"https:\/\/dailynewshungary.com\/de\/wp-json\/wp\/v2\/comments?post=671326"}],"version-history":[{"count":0,"href":"https:\/\/dailynewshungary.com\/de\/wp-json\/wp\/v2\/posts\/671326\/revisions"}],"wp:featuredmedia":[{"embeddable":true,"href":"https:\/\/dailynewshungary.com\/de\/wp-json\/wp\/v2\/media\/671327"}],"wp:attachment":[{"href":"https:\/\/dailynewshungary.com\/de\/wp-json\/wp\/v2\/media?parent=671326"}],"wp:term":[{"taxonomy":"category","embeddable":true,"href":"https:\/\/dailynewshungary.com\/de\/wp-json\/wp\/v2\/categories?post=671326"},{"taxonomy":"post_tag","embeddable":true,"href":"https:\/\/dailynewshungary.com\/de\/wp-json\/wp\/v2\/tags?post=671326"}],"curies":[{"name":"wp","href":"https:\/\/api.w.org\/{rel}","templated":true}]}}