{"id":671499,"date":"2023-08-30T11:34:42","date_gmt":"2023-08-30T09:34:42","guid":{"rendered":"https:\/\/dailynewshungary.com\/de\/eine-erfolgreiche-ungarische-eu-praferenz-liegt-im-interesse-der-europaischen-kommission\/"},"modified":"2023-08-30T11:34:42","modified_gmt":"2023-08-30T09:34:42","slug":"eine-erfolgreiche-ungarische-eu-praferenz-liegt-im-interesse-der-europaischen-kommission","status":"publish","type":"post","link":"https:\/\/dailynewshungary.com\/de\/eine-erfolgreiche-ungarische-eu-praferenz-liegt-im-interesse-der-europaischen-kommission\/","title":{"rendered":"Eine erfolgreiche ungarische EU-Pr\u00e4ferenz liegt im Interesse der Europ\u00e4ischen Kommission"},"content":{"rendered":"<p><strong>Der Erfolg der bevorstehenden Pr\u00e4sidentschaft Ungarns in der Europ\u00e4ischen Union liege im Interesse der Europ\u00e4ischen Kommission, sagte J\u00e1nos B\u00f3ka, Ungarns EU-Minister, in einem Beitrag in den sozialen Medien X nach Gespr\u00e4chen mit Ilze Juhansone, Generalsekret\u00e4r der EG, am Dienstag in Br\u00fcssel.<\/strong><\/p>\n<p>Im Mittelpunkt der Gespr\u00e4che standen aktuelle Themen auf der Tagesordnung der <a href=\"https:\/\/dailynewshungary.com\/de\/der-grose-britische-zuguberfall-wie-eine-15-kopfige-bande-1963-26-millionen-pfund-stahl\/\">EU<\/a>Unter besonderer Ber\u00fccksichtigung der Vorbereitungen f\u00fcr die ungarische Pr\u00e4sidentschaft B\u00f3kas <a href=\"https:\/\/kormany.hu\/igazsagugyi-miniszterium\" target=\"_blank\" rel=\"noopener\">Ministerium<\/a> Sagte in einer Erkl\u00e4rung.<\/p>\n<p><a href=\"https:\/\/2015-2019.kormany.hu\/hu\/igazsagugyi-miniszterium\/europai-unios-es-nemzetkozi-igazsagugyi-egyuttmukodesert-felelos-allamtitkarsag\/az-allamtitkar\" target=\"_blank\" rel=\"noopener\">B\u00f3ka<\/a> Au\u00dferdem Gespr\u00e4che mit Hadja Lahbib, seinem belgischen Amtskollegen, gef\u00fchrt <a href=\"https:\/\/twitter.com\/skander_nasra\" target=\"_blank\" rel=\"noopener\">Skander Nasra<\/a>, Chefberater des belgischen Premierministers.<\/p>\n<p>Ungarn werde als Teil des spanisch-belgisch-ungarischen Pr\u00e4sidententrios versuchen, die Arbeit Spaniens und Belgiens \u201cnach dem Vorbild seiner eigenen Priorit\u00e4ten\u201d fortzusetzen, teilte das Ministerium mitDie ungarische Pr\u00e4sidentschaft werde eine enge Zusammenarbeit sowohl mit Belgien als auch mit dem <a href=\"https:\/\/dailynewshungary.com\/de\/der-grose-britische-zuguberfall-wie-eine-15-kopfige-bande-1963-26-millionen-pfund-stahl\/\">Europ\u00e4ische Kommission<\/a>\u201e, hei\u00dft es in der Erkl\u00e4rung.<\/p>\n<p><strong>Lesen Sie auch:<\/strong><\/p>\n<ul>\n<li><strong><a href=\"https:\/\/dailynewshungary.com\/de\/orban-universitat-wird-london-erobern\/\">Orb\u00e1n-universit\u00e4t wird London erobern?<\/a><\/strong><\/li>\n<li><strong><a href=\"https:\/\/dailynewshungary.com\/de\/putins-botschafter-wird-aufgrund-eines-antiungarischen-lehrbuchs-vorgeladen\/\">Putins Botschafter wird aufgrund eines antiungarischen Lehrbuchs vorgeladen?<\/a><\/strong><\/li>\n<\/ul>\n","protected":false},"excerpt":{"rendered":"<p>Der Erfolg der bevorstehenden Pr\u00e4sidentschaft Ungarns in der Europ\u00e4ischen Union liege im Interesse der Europ\u00e4ischen Kommission, sagte J\u00e1nos B\u00f3ka, Ungarns EU-Minister, in einem Beitrag in den sozialen Medien X nach Gespr\u00e4chen mit Ilze Juhansone, Generalsekret\u00e4r der EG, am Dienstag in Br\u00fcssel. Im Mittelpunkt der Gespr\u00e4che standen aktuelle Themen auf der Tagesordnung der EUUnter besonderer Ber\u00fccksichtigung [&hellip;]<\/p>\n","protected":false},"author":33,"featured_media":671500,"comment_status":"open","ping_status":"open","sticky":false,"template":"","format":"standard","meta":{"_acf_changed":false,"_display_image":"yes","footnotes":""},"categories":[1081],"tags":[1426,1082,1076],"class_list":["post-671499","post","type-post","status-publish","format-standard","has-post-thumbnail","hentry","category-politik","tag-europaische-kommission","tag-europaische-union","tag-ungarn"],"blocksy_meta":[],"acf":[],"author_username":"ugyelet","telegram_post":"","public_post_metadata":{"breaking_news":"yes","important":"no","csempe":"no","center_tile":"no","disable_thumbnail":"no","target_lang":"","_featured_image_style":"hidden","telegram_post":"","_xlat_group_id":""},"public_rank_math_data":{"title":"%title% %sep% %sitename%","description":"Der Erfolg der bevorstehenden Pr\u00e4sidentschaft Ungarns in der Europ\u00e4ischen Union liege im Interesse der Europ\u00e4ischen Kommission, sagte J\u00e1nos B\u00f3ka.","focus_keyword":"Europ\u00e4ische Kommission","canonical_url":"","robots":"","primary_category":"1081","breadcrumb_title":"","facebook_title":"","facebook_description":"","facebook_image":"","facebook_image_id":"","twitter_title":"","twitter_description":"","twitter_image":"","twitter_image_id":"","twitter_card_type":"","twitter_use_facebook":"","advanced_robots":"","pillar_content":"","seo_score":"69","contentai_score":"","rich_snippet":""},"_links":{"self":[{"href":"https:\/\/dailynewshungary.com\/de\/wp-json\/wp\/v2\/posts\/671499","targetHints":{"allow":["GET"]}}],"collection":[{"href":"https:\/\/dailynewshungary.com\/de\/wp-json\/wp\/v2\/posts"}],"about":[{"href":"https:\/\/dailynewshungary.com\/de\/wp-json\/wp\/v2\/types\/post"}],"author":[{"embeddable":true,"href":"https:\/\/dailynewshungary.com\/de\/wp-json\/wp\/v2\/users\/33"}],"replies":[{"embeddable":true,"href":"https:\/\/dailynewshungary.com\/de\/wp-json\/wp\/v2\/comments?post=671499"}],"version-history":[{"count":0,"href":"https:\/\/dailynewshungary.com\/de\/wp-json\/wp\/v2\/posts\/671499\/revisions"}],"wp:featuredmedia":[{"embeddable":true,"href":"https:\/\/dailynewshungary.com\/de\/wp-json\/wp\/v2\/media\/671500"}],"wp:attachment":[{"href":"https:\/\/dailynewshungary.com\/de\/wp-json\/wp\/v2\/media?parent=671499"}],"wp:term":[{"taxonomy":"category","embeddable":true,"href":"https:\/\/dailynewshungary.com\/de\/wp-json\/wp\/v2\/categories?post=671499"},{"taxonomy":"post_tag","embeddable":true,"href":"https:\/\/dailynewshungary.com\/de\/wp-json\/wp\/v2\/tags?post=671499"}],"curies":[{"name":"wp","href":"https:\/\/api.w.org\/{rel}","templated":true}]}}