{"id":671597,"date":"2023-08-27T13:34:19","date_gmt":"2023-08-27T11:34:19","guid":{"rendered":"https:\/\/dailynewshungary.com\/de\/der-sprecher-des-ungarischen-reprasentantenhauses-befurchtet-ein-wiederaufleben-des-kommunismus\/"},"modified":"2023-08-27T13:34:19","modified_gmt":"2023-08-27T11:34:19","slug":"der-sprecher-des-ungarischen-reprasentantenhauses-befurchtet-ein-wiederaufleben-des-kommunismus","status":"publish","type":"post","link":"https:\/\/dailynewshungary.com\/de\/der-sprecher-des-ungarischen-reprasentantenhauses-befurchtet-ein-wiederaufleben-des-kommunismus\/","title":{"rendered":"Der Sprecher des ungarischen Repr\u00e4sentantenhauses bef\u00fcrchtet ein Wiederaufleben des Kommunismus"},"content":{"rendered":"<p><strong>Westliche Staaten versuchen derzeit, den \u201cKommunismus neu aufzuladen\u201d, sagte Parlamentspr\u00e4sident L\u00e1szl\u00f3 K\u00f6v\u00e9r am Samstag beim Tranzit-Festival in Tihany im Westen Ungarns.<\/strong><\/p>\n<p>Ungarn \u201cbereits versucht [<a href=\"https:\/\/dailynewshungary.com\/de\/der-grose-britische-zuguberfall-wie-eine-15-kopfige-bande-1963-26-millionen-pfund-stahl\/\">Kommunismus<\/a>], und wir w\u00fcrden uns dieses Mal gerne raushalten, \u201csagte er bei der <a href=\"https:\/\/www.facebook.com\/tranzitkozosseg\/?locale=hu_HU\" target=\"_blank\" rel=\"noopener\">Festival<\/a>.<\/p>\n<p>\u201cWeltver\u00e4ndernde Ideen brechen oft an die Oberfl\u00e4che, aber die Methode ist immer dieselbe und bringt die Vorrangstellung von &#8216;ich&#8217; mit sich\u201d, <a href=\"https:\/\/www.orszaggyuleselnoke.hu\/nevjegy\" target=\"_blank\" rel=\"noopener\">K\u00f6v\u00e9r<\/a> Sagte. \u201eDer Ansatz junger liberaler F\u00fchrer zeigt eine \u201estarke \u00c4hnlichkeit\u201cmit den ehemaligen kommunistischen F\u00fchrern Ungarns, sagte er.<\/p>\n<p>K\u00f6v\u00e9r sagte, die wichtigste Aufgabe sei es gewesen, junge Menschen vor der \u201cFalle linksextremer Ideen zu sch\u00fctzen, die sich unter anderem in Gender-Ideologie und Wokeismus manifestieren\u201d Diese Aufgabe erfordere starke Familien, die in der Lage seien, Kinder zu sch\u00fctzen, und ein Bildungssystem, das bereit sei, einzugreifen und Werte und Wege zu vermitteln, um als Gemeinschaft zu leben, wenn die Familien schwach seien, sagte er.<\/p>\n<p>M\u00e1ria Schmidt, die Direktorin der <a href=\"https:\/\/www.terrorhaza.hu\/en\" target=\"_blank\" rel=\"noopener\">Museum des Hauses des Terrors<\/a>\u201esagte, die kommunistische Ideologie habe sich nach den 1990er Jahren im Westen gest\u00e4rkt und \u201edie LGBTQ- und Black Lives Matter-Bewegungen hervorgebracht, die genauso aggressiv sind wie die Cancel-Kultur, ein Spiegelbild der chinesischen Kulturrevolution\u201csagte sie\u201d.<\/p>\n<p>Bei einer weiteren Diskussion auf dem Festival sagte Fidesz-Europaabgeordneter <a href=\"https:\/\/www.facebook.com\/hidveghibalazs\/?locale=hu_HU\" target=\"_blank\" rel=\"noopener\">Bal\u00e1zs Hidv\u00e9ghi<\/a> Rief eine R\u00fcckkehr zu den urspr\u00fcnglichen Werten der EU. \u201cDie Frage ist, ob die EU zu ihren fr\u00fcheren, wirksamen Funktionen zur\u00fcckkehren kann und dabei die Souver\u00e4nit\u00e4t ihrer Mitgliedstaaten, ihre Gr\u00fcndungsprinzipien und ihre eigenen Vorschriften respektiert, oder ob sie sich weiterhin auf eine noch doktrin\u00e4rere, engstirnigere, aggressivere Politik zubewegt, die ihre globalen Rollen schw\u00e4cht und ihre Partnerschaften riskiert\u201d, sagte er.<\/p>\n<ul>\n<li><strong><a href=\"https:\/\/dailynewshungary.com\/de\/ungarische-regierung-die-daran-arbeitet-ungarn-zum-gewinner-der-neuen-weltordnung-zu-machen\/\">Ungarische Regierung, die daran arbeitet, Ungarn zum Gewinner der neuen Weltordnung zu machen<\/a><\/strong><\/li>\n<li><strong><a href=\"https:\/\/dailynewshungary.com\/de\/euro-einfuhrung-in-ungarn-antwortet-finanzminister\/\">Euro-Einf\u00fchrung in Ungarn? antwortet Finanzminister<\/a><\/strong><\/li>\n<\/ul>\n","protected":false},"excerpt":{"rendered":"<p>Westliche Staaten versuchen derzeit, den \u201cKommunismus neu aufzuladen\u201d, sagte Parlamentspr\u00e4sident L\u00e1szl\u00f3 K\u00f6v\u00e9r am Samstag beim Tranzit-Festival in Tihany im Westen Ungarns. Ungarn \u201cbereits versucht [Kommunismus], und wir w\u00fcrden uns dieses Mal gerne raushalten, \u201csagte er bei der Festival. \u201cWeltver\u00e4ndernde Ideen brechen oft an die Oberfl\u00e4che, aber die Methode ist immer dieselbe und bringt die Vorrangstellung [&hellip;]<\/p>\n","protected":false},"author":33,"featured_media":671598,"comment_status":"open","ping_status":"open","sticky":false,"template":"","format":"standard","meta":{"_acf_changed":false,"_display_image":"no","footnotes":""},"categories":[1081],"tags":[2178,1103,1076],"class_list":["post-671597","post","type-post","status-publish","format-standard","has-post-thumbnail","hentry","category-politik","tag-kommunismus","tag-ungarisches-parlament","tag-ungarn"],"blocksy_meta":[],"acf":[],"author_username":"ugyelet","telegram_post":"","public_post_metadata":{"breaking_news":"yes","important":"no","csempe":"no","center_tile":"no","disable_thumbnail":"no","target_lang":"","_featured_image_style":"hidden","telegram_post":"","_xlat_group_id":""},"public_rank_math_data":{"title":"%title% %sep% %sitename%","description":"Westliche Staaten versuchen derzeit, den \"Kommunismus neu zu laden\", sagte der Sprecher des Repr\u00e4sentantenhauses L\u00e1szl\u00f3 K\u00f6v\u00e9r auf dem Tranzit-Festival in Tihany.","focus_keyword":"Kommunismus","canonical_url":"","robots":"","primary_category":"1081","breadcrumb_title":"","facebook_title":"","facebook_description":"","facebook_image":"","facebook_image_id":"","twitter_title":"","twitter_description":"","twitter_image":"","twitter_image_id":"","twitter_card_type":"","twitter_use_facebook":"","advanced_robots":"","pillar_content":"","seo_score":"61","contentai_score":"","rich_snippet":""},"_links":{"self":[{"href":"https:\/\/dailynewshungary.com\/de\/wp-json\/wp\/v2\/posts\/671597","targetHints":{"allow":["GET"]}}],"collection":[{"href":"https:\/\/dailynewshungary.com\/de\/wp-json\/wp\/v2\/posts"}],"about":[{"href":"https:\/\/dailynewshungary.com\/de\/wp-json\/wp\/v2\/types\/post"}],"author":[{"embeddable":true,"href":"https:\/\/dailynewshungary.com\/de\/wp-json\/wp\/v2\/users\/33"}],"replies":[{"embeddable":true,"href":"https:\/\/dailynewshungary.com\/de\/wp-json\/wp\/v2\/comments?post=671597"}],"version-history":[{"count":0,"href":"https:\/\/dailynewshungary.com\/de\/wp-json\/wp\/v2\/posts\/671597\/revisions"}],"wp:featuredmedia":[{"embeddable":true,"href":"https:\/\/dailynewshungary.com\/de\/wp-json\/wp\/v2\/media\/671598"}],"wp:attachment":[{"href":"https:\/\/dailynewshungary.com\/de\/wp-json\/wp\/v2\/media?parent=671597"}],"wp:term":[{"taxonomy":"category","embeddable":true,"href":"https:\/\/dailynewshungary.com\/de\/wp-json\/wp\/v2\/categories?post=671597"},{"taxonomy":"post_tag","embeddable":true,"href":"https:\/\/dailynewshungary.com\/de\/wp-json\/wp\/v2\/tags?post=671597"}],"curies":[{"name":"wp","href":"https:\/\/api.w.org\/{rel}","templated":true}]}}