{"id":671951,"date":"2023-08-17T09:35:02","date_gmt":"2023-08-17T07:35:02","guid":{"rendered":"https:\/\/dailynewshungary.com\/de\/ungarische-landwirtschaftskammer-unterstutzt-europaische-burgerinitiative-fur-das-landliche-erbe\/"},"modified":"2023-08-17T09:35:02","modified_gmt":"2023-08-17T07:35:02","slug":"ungarische-landwirtschaftskammer-unterstutzt-europaische-burgerinitiative-fur-das-landliche-erbe","status":"publish","type":"post","link":"https:\/\/dailynewshungary.com\/de\/ungarische-landwirtschaftskammer-unterstutzt-europaische-burgerinitiative-fur-das-landliche-erbe\/","title":{"rendered":"Ungarische Landwirtschaftskammer unterst\u00fctzt Europ\u00e4ische B\u00fcrgerinitiative f\u00fcr das l\u00e4ndliche Erbe"},"content":{"rendered":"<p><strong>Die Ungarische Landwirtschaftskammer NAK unterst\u00fctzt zusammen mit den anderen Landwirtschaftskammern der Visegr\u00e1d-Gruppe die europ\u00e4ische B\u00fcrgerinitiative zur Erhaltung des l\u00e4ndlichen Erbes, teilte die NAK am Mittwoch mit.<\/strong><\/p>\n<p>Die \u201eGemeinsam f\u00fcr den Schutz des Kulturerbes&#8217; genannte B\u00fcrgerinitiative zielt darauf ab, bis zum 1. November 1 Million Unterschriften zu sammeln, um die Erhaltung des l\u00e4ndlichen Erbes f\u00fcr k\u00fcnftige Generationen zu f\u00f6rdern. Wenn die Zahl der unterst\u00fctzenden Unterschriften aus mindestens sieben Mitgliedsl\u00e4ndern die Schwelle erreicht, muss die Europ\u00e4ische Kommission Ma\u00dfnahmen festlegen, die darauf abzielen, die Ziele der Initiative zu erreichen.<\/p>\n<p>In der Erkl\u00e4rung hie\u00df es, dass die NAK sowie die tschechische, polnische und slowakische Kammer von <a href=\"https:\/\/dailynewshungary.com\/de\/der-grose-britische-zuguberfall-wie-eine-15-kopfige-bande-1963-26-millionen-pfund-stahl\/\" target=\"_blank\" rel=\"noopener\">Landwirtschaft<\/a> Betrachten Sie es als wichtiges Ziel, den Respekt vor den in der Landwirtschaft t\u00e4tigen Menschen wiederherzustellen, daher haben sich alle vier Organisationen der B\u00fcrgerinitiative zum Schutz des l\u00e4ndlichen Erbes, der Ern\u00e4hrungssicherheit und der Versorgung der EU angeschlossen.<\/p>\n","protected":false},"excerpt":{"rendered":"<p>Die Ungarische Landwirtschaftskammer NAK unterst\u00fctzt zusammen mit den anderen Landwirtschaftskammern der Visegr\u00e1d-Gruppe die europ\u00e4ische B\u00fcrgerinitiative zur Erhaltung des l\u00e4ndlichen Erbes, teilte die NAK am Mittwoch mit. Die \u201eGemeinsam f\u00fcr den Schutz des Kulturerbes&#8217; genannte B\u00fcrgerinitiative zielt darauf ab, bis zum 1. November 1 Million Unterschriften zu sammeln, um die Erhaltung des l\u00e4ndlichen Erbes f\u00fcr k\u00fcnftige [&hellip;]<\/p>\n","protected":false},"author":33,"featured_media":671952,"comment_status":"open","ping_status":"open","sticky":false,"template":"","format":"standard","meta":{"_acf_changed":false,"_display_image":"yes","footnotes":""},"categories":[1281],"tags":[1305,1076],"class_list":["post-671951","post","type-post","status-publish","format-standard","has-post-thumbnail","hentry","category-geschaft","tag-ungarische-landwirtschaft","tag-ungarn"],"blocksy_meta":[],"acf":[],"author_username":"ugyelet","telegram_post":"","public_post_metadata":{"breaking_news":"yes","important":"no","csempe":"no","center_tile":"no","disable_thumbnail":"no","target_lang":"","_featured_image_style":"hidden","telegram_post":"","_xlat_group_id":""},"public_rank_math_data":{"title":"%title% %sep% %sitename%","description":"Die Ungarische Landwirtschaftskammer NAK unterst\u00fctze die europ\u00e4ische B\u00fcrgerinitiative zur Erhaltung des l\u00e4ndlichen Erbes, teilte die NAK am Mittwoch mit.","focus_keyword":"Landwirtschaft","canonical_url":"","robots":"","primary_category":"1281","breadcrumb_title":"","facebook_title":"","facebook_description":"","facebook_image":"","facebook_image_id":"","twitter_title":"","twitter_description":"","twitter_image":"","twitter_image_id":"","twitter_card_type":"","twitter_use_facebook":"","advanced_robots":"","pillar_content":"","seo_score":"","contentai_score":"","rich_snippet":""},"_links":{"self":[{"href":"https:\/\/dailynewshungary.com\/de\/wp-json\/wp\/v2\/posts\/671951","targetHints":{"allow":["GET"]}}],"collection":[{"href":"https:\/\/dailynewshungary.com\/de\/wp-json\/wp\/v2\/posts"}],"about":[{"href":"https:\/\/dailynewshungary.com\/de\/wp-json\/wp\/v2\/types\/post"}],"author":[{"embeddable":true,"href":"https:\/\/dailynewshungary.com\/de\/wp-json\/wp\/v2\/users\/33"}],"replies":[{"embeddable":true,"href":"https:\/\/dailynewshungary.com\/de\/wp-json\/wp\/v2\/comments?post=671951"}],"version-history":[{"count":0,"href":"https:\/\/dailynewshungary.com\/de\/wp-json\/wp\/v2\/posts\/671951\/revisions"}],"wp:featuredmedia":[{"embeddable":true,"href":"https:\/\/dailynewshungary.com\/de\/wp-json\/wp\/v2\/media\/671952"}],"wp:attachment":[{"href":"https:\/\/dailynewshungary.com\/de\/wp-json\/wp\/v2\/media?parent=671951"}],"wp:term":[{"taxonomy":"category","embeddable":true,"href":"https:\/\/dailynewshungary.com\/de\/wp-json\/wp\/v2\/categories?post=671951"},{"taxonomy":"post_tag","embeddable":true,"href":"https:\/\/dailynewshungary.com\/de\/wp-json\/wp\/v2\/tags?post=671951"}],"curies":[{"name":"wp","href":"https:\/\/api.w.org\/{rel}","templated":true}]}}