{"id":672318,"date":"2023-08-06T21:04:20","date_gmt":"2023-08-06T19:04:20","guid":{"rendered":"https:\/\/dailynewshungary.com\/de\/regelmasige-und-erschwingliche-tagliche-fluge-die-ungarische-stadte-verbinden-traum-oder-realitat\/"},"modified":"2023-08-06T21:04:20","modified_gmt":"2023-08-06T19:04:20","slug":"regelmasige-und-erschwingliche-tagliche-fluge-die-ungarische-stadte-verbinden-traum-oder-realitat","status":"publish","type":"post","link":"https:\/\/dailynewshungary.com\/de\/regelmasige-und-erschwingliche-tagliche-fluge-die-ungarische-stadte-verbinden-traum-oder-realitat\/","title":{"rendered":"Regelm\u00e4\u00dfige und erschwingliche t\u00e4gliche Fl\u00fcge, die ungarische St\u00e4dte verbinden: Traum oder Realit\u00e4t?"},"content":{"rendered":"<p><strong>Wer einen Blick auf die Informationstafel \u00fcber die abfliegenden und ankommenden Fl\u00fcge zum Budapester internationalen Flughafen Ferenc Liszt wirft, kann nur ausl\u00e4ndische Ziele sehen, so war es aber in den 1950 er und 1960 er Jahren nicht, mit dem Flugzeug zu reisen war damals nicht billig, aber nur ein bisschen teurer als mit dem Zug zu fahren So flogen viele zwischen ungarischen St\u00e4dten, sogar ein bekannter ungarischer Krimineller, \u201cRep\u00fcl s Gizi\u201d (\u201cAviator Gizi\u201d).<\/strong><\/p>\n<p>Nach <a href=\"https:\/\/www.blikk.hu\/aktualis\/belfold\/belfoldi-repules-repulos-gizi\/31gt92k\" target=\"_blank\" rel=\"noopener\"><strong>Blikk<\/strong><\/a>1946 der erste Inlandsflug gestartet, wurde durch sie MAL\u00c9V, zwischen 1946 und 2012 Flagcarrier Ungarns, in der Geschichte MAL\u00c9Vs nachzulesen <a href=\"https:\/\/dailynewshungary.com\/de\/fluge-kurze-geschichte-der-ungarischen-fluggesellschaft-malev\/\"><strong>HIER<\/strong><\/a>. Im ersten Jahr bef\u00f6rderten die Flugzeuge vom Typ LI-2 mit 21 Sitzpl\u00e4tzen fast 2000 Passagiere von Budapest nach Debrecen und Szombathely und umgekehrt, mit der Zeit erweiterte sich das System, und wir konnten nach B\u00e9k\u00e9scsaba, Szeged, Si\u00f3fok, Nagykanizsa und Ny\u00edregyh\u00e1za reisen.<\/p>\n<p>Allerdings war das Reisen damals teuer. Ein Flugticket nach <a href=\"https:\/\/dailynewshungary.com\/de\/der-grose-britische-zuguberfall-wie-eine-15-kopfige-bande-1963-26-millionen-pfund-stahl\/\">Debrecen<\/a> 110 HUF gekostet, das war 1\/3 eines Durchschnittsgehalts, ein Zugticket kostete fast so viel wie, also war Fliegen nur ein bisschen teurer als mit der Bahn, aber es ging auch schneller.<\/p>\n<p>Als der erste Inlandsflug in Debrecen landete, wurde er mit der ungarischen Nationalhymne und einer Feier begr\u00fc\u00dft, die Geschwindigkeit des Jets erreichte 240 km\/h 250-500 m H\u00f6he Die Reisezeit zur zweitgr\u00f6\u00dften Siedlung Ungarns dauerte gerade einmal 55 Minuten, zweimal t\u00e4glich starteten Flugzeuge, Szombathely war in nur 50 Minuten zu erreichen Eines der legend\u00e4ren Flugzeuge vom Typ LI-2 ist noch bedienbar und startet jedes Jahr auf verschiedenen Flugshows.<\/p>\n<figure id=\"attachment_567924\" aria-describedby=\"caption-attachment-567924\" style=\"width: 800px\" class=\"wp-caption aligncenter\"><img loading=\"lazy\" decoding=\"async\" class=\"wp-image-567924\" src=\"https:\/\/contentf5.dailynewshungary.com\/wp-content\/uploads\/2023\/08\/Budapest-domestic-flights-Ferihegy.jpg\" alt=\"Budapest Inlandsfl\u00fcge Ferihegy\" width=\"800\" height=\"550\" srcset=\"https:\/\/contentf5.dailynewshungary.com\/wp-content\/uploads\/2023\/08\/Budapest-domestic-flights-Ferihegy.jpg 2560w, https:\/\/contentf5.dailynewshungary.com\/wp-content\/uploads\/2023\/08\/Budapest-domestic-flights-Ferihegy-768x528.jpg 768w, https:\/\/contentf5.dailynewshungary.com\/wp-content\/uploads\/2023\/08\/Budapest-domestic-flights-Ferihegy-1536x1055.jpg 1536w, https:\/\/contentf5.dailynewshungary.com\/wp-content\/uploads\/2023\/08\/Budapest-domestic-flights-Ferihegy-2048x1407.jpg 2048w, https:\/\/contentf5.dailynewshungary.com\/wp-content\/uploads\/2023\/08\/Budapest-domestic-flights-Ferihegy-323x222.jpg 323w, https:\/\/contentf5.dailynewshungary.com\/wp-content\/uploads\/2023\/08\/Budapest-domestic-flights-Ferihegy-1030x708.jpg 1030w, https:\/\/contentf5.dailynewshungary.com\/wp-content\/uploads\/2023\/08\/Budapest-domestic-flights-Ferihegy-109x75.jpg 109w, https:\/\/contentf5.dailynewshungary.com\/wp-content\/uploads\/2023\/08\/Budapest-domestic-flights-Ferihegy-480x330.jpg 480w\" sizes=\"auto, (max-width: 800px) 100vw, 800px\"><figcaption id=\"caption-attachment-567924\" class=\"wp-caption-text\">Inlandsfl\u00fcge zur Vorbereitung des Starts <a href=\"https:\/\/dailynewshungary.com\/de\/der-grose-britische-zuguberfall-wie-eine-15-kopfige-bande-1963-26-millionen-pfund-stahl\/\">Ferihegy<\/a> 1956. Quelle: Fortepan\/UVATERV<\/figcaption><\/figure>\n<h2>Bekannter Krimineller, der Inlandsfl\u00fcge nutzt?<\/h2>\n<p>Interessanterweise entstand durch die Binnenfl\u00fcge ein einheitliches Verbrechen \u201ctype\u201d Rep\u00fcl s Gizi (\u201cAviator Gizi\u201d) verbrachte wegen hunderter Diebst\u00e4hle 17 Jahre im Gef\u00e4ngnis, Gizella Bodn\u00e1r, die ihren Abschluss als Lehrerin machte, erhielt ihren Spitznamen, weil die Polizei bei ihrer Festnahme ein Flugticket in der Tasche fand, daher flog sie der Legende nach t\u00e4glich in verschiedene St\u00e4dte, um Menschen zu bestehlen, abends kehrte sie mit der Beute nach Budapest zur\u00fcck, diese Legende bestritt sie danach jedoch.<\/p>\n<p>Die Bl\u00fctezeit der Inlandsfl\u00fcge war Ende der 1960 er Jahre vorbei, das liegt daran, dass bis dahin immer mehr Menschen ein Auto kauften, so dass der Luxus der Zukunft eher am Fahren als am Fliegen lag Der letzte Linienflug im Inland startete 1969, aktuell war der CEO von <a href=\"https:\/\/dailynewshungary.com\/de\/regierung-unterstutzt-die-neue-ungarische-fluggesellschaft-voll-und-ganz\/\">Aeroexpress<\/a>Ziel ist es, St\u00e4dte im Karpatenbecken zu verbinden. Aufgrund der sich entwickelnden Eisenbahn- und Autobahnverbindungen sieht man keine Optionen f\u00fcr Inlandsfl\u00fcge. Lesen Sie mehr \u00fcber die ehrgeizigen Pl\u00e4ne von Aeroexpress <a href=\"https:\/\/dailynewshungary.com\/de\/neue-ungarische-fluggesellschaft-geboren-sie-planen-mitteleuropaische-stadte-zu-verbinden\/\"><strong>HIER<\/strong><\/a>.<\/p>\n","protected":false},"excerpt":{"rendered":"<p>Wer einen Blick auf die Informationstafel \u00fcber die abfliegenden und ankommenden Fl\u00fcge zum Budapester internationalen Flughafen Ferenc Liszt wirft, kann nur ausl\u00e4ndische Ziele sehen, so war es aber in den 1950 er und 1960 er Jahren nicht, mit dem Flugzeug zu reisen war damals nicht billig, aber nur ein bisschen teurer als mit dem Zug [&hellip;]<\/p>\n","protected":false},"author":18,"featured_media":672319,"comment_status":"open","ping_status":"open","sticky":false,"template":"","format":"standard","meta":{"_acf_changed":false,"_display_image":"yes","footnotes":""},"categories":[1098],"tags":[1116,1336,1080,1386,1126],"class_list":["post-672318","post","type-post","status-publish","format-standard","has-post-thumbnail","hentry","category-gesellschaft","tag-debrecen","tag-hungrig","tag-reisen","tag-szeged","tag-ungarische-geschichte"],"blocksy_meta":[],"acf":[],"author_username":"johnwoods","telegram_post":"","public_post_metadata":{"breaking_news":"yes","important":"no","csempe":"no","center_tile":"no","disable_thumbnail":"no","target_lang":"","_featured_image_style":"hidden","telegram_post":"","_xlat_group_id":""},"public_rank_math_data":{"title":"%title% %sep% %sitename%","description":"Regelm\u00e4\u00dfige und erschwingliche t\u00e4gliche Inlandsfl\u00fcge mit Verbindungspl\u00e4tzen zwischen ungarischen St\u00e4dten: Tr\u00e4umen wir oder war das Realit\u00e4t?","focus_keyword":"Fl\u00fcgen","canonical_url":"","robots":"","primary_category":"1098","breadcrumb_title":"","facebook_title":"","facebook_description":"","facebook_image":"","facebook_image_id":"","twitter_title":"","twitter_description":"","twitter_image":"","twitter_image_id":"","twitter_card_type":"","twitter_use_facebook":"","advanced_robots":"","pillar_content":"","seo_score":"74","contentai_score":"","rich_snippet":""},"_links":{"self":[{"href":"https:\/\/dailynewshungary.com\/de\/wp-json\/wp\/v2\/posts\/672318","targetHints":{"allow":["GET"]}}],"collection":[{"href":"https:\/\/dailynewshungary.com\/de\/wp-json\/wp\/v2\/posts"}],"about":[{"href":"https:\/\/dailynewshungary.com\/de\/wp-json\/wp\/v2\/types\/post"}],"author":[{"embeddable":true,"href":"https:\/\/dailynewshungary.com\/de\/wp-json\/wp\/v2\/users\/18"}],"replies":[{"embeddable":true,"href":"https:\/\/dailynewshungary.com\/de\/wp-json\/wp\/v2\/comments?post=672318"}],"version-history":[{"count":0,"href":"https:\/\/dailynewshungary.com\/de\/wp-json\/wp\/v2\/posts\/672318\/revisions"}],"wp:featuredmedia":[{"embeddable":true,"href":"https:\/\/dailynewshungary.com\/de\/wp-json\/wp\/v2\/media\/672319"}],"wp:attachment":[{"href":"https:\/\/dailynewshungary.com\/de\/wp-json\/wp\/v2\/media?parent=672318"}],"wp:term":[{"taxonomy":"category","embeddable":true,"href":"https:\/\/dailynewshungary.com\/de\/wp-json\/wp\/v2\/categories?post=672318"},{"taxonomy":"post_tag","embeddable":true,"href":"https:\/\/dailynewshungary.com\/de\/wp-json\/wp\/v2\/tags?post=672318"}],"curies":[{"name":"wp","href":"https:\/\/api.w.org\/{rel}","templated":true}]}}