{"id":672331,"date":"2023-08-06T12:54:00","date_gmt":"2023-08-06T10:54:00","guid":{"rendered":"https:\/\/dailynewshungary.com\/de\/ungarische-kinder-in-gefahr\/"},"modified":"2023-08-06T12:54:00","modified_gmt":"2023-08-06T10:54:00","slug":"ungarische-kinder-in-gefahr","status":"publish","type":"post","link":"https:\/\/dailynewshungary.com\/de\/ungarische-kinder-in-gefahr\/","title":{"rendered":"Ungarische Kinder in Gefahr?"},"content":{"rendered":"<p><strong>Die oppositionelle Sozialistische Partei dr\u00e4ngt die Regierung, angesichts der der \u00d6ffentlichkeit immer h\u00e4ufiger bekannt werdenden Missbrauchsf\u00e4lle \u201cechte Ma\u00dfnahmen\u201d zum Schutz von Kindern zu ergreifen, sagte der stellvertretende Fraktionsvorsitzende der Partei am Samstag.<\/strong><\/p>\n<p>In letzter Zeit seien schwere Kindesmissbrauchsf\u00e4lle \u201cauf w\u00f6chentlicher Basis\u201d ans Licht gekommen, weshalb dem Thema Kinderschutz verst\u00e4rkte Aufmerksamkeit zuteil werde, sagte Zita Gurmai auf einer Online-PressekonferenzKinder w\u00fcrden am h\u00e4ufigsten Opfer h\u00e4uslicher Gewalt, sagte sie und f\u00fcgte hinzu, dass auch Gewalt bei der Konfrontation mit Pflegeeltern weit verbreitet sei \u201cEs gab auch F\u00e4lle von sexueller Bel\u00e4stigung und <a href=\"https:\/\/dailynewshungary.com\/de\/padophilenforum-von-ungarischer-polizei-abgeschossen\/\">P\u00e4dophilie<\/a> In einer Schule oder Kirche und Kinder in Pflegeheimen werden oft Opfer von Jugendprostitution, sagte Gurmai.<\/p>\n<p>Sie kritisierte die Regierung daf\u00fcr, dass sie \u201edas Thema Kinderschutz als demagogisches, anstiftendes Wahlkampfinstrument nutzt\u201cw\u00e4hrend sie Handlungen, die die Sicherheit von Kindern gef\u00e4hrden, v\u00f6llig vernachl\u00e4ssigt. Gurmai sagte, die Sozialisten h\u00e4tten die Regierung aufgefordert, die Regeln f\u00fcr Pflegeeltern und das Umgangsrecht zu \u00fcberarbeiten, damit Kinder nicht gezwungen werden, Kontakt mit dem missbr\u00e4uchlichen Elternteil aufzunehmen, und das System zur \u00dcberwachung potenzieller Bedrohungen zu entwickeln.<\/p>\n<p>Die Abgeordnete sagte, sie habe eine schriftliche Anfrage an den Premierminister gerichtet, in der sie Viktor Orban fragte, \u201ewann und auf welche Weise er seine im Kinderschutzgesetz festgelegten Pflichten zu erf\u00fcllen gedenkt?\u201c\u201d.<\/p>\n<p>Es gibt wieder weniger Kinder in Ungarn, lesen Sie unseren Artikel <a href=\"https:\/\/dailynewshungary.com\/de\/es-gibt-wieder-weniger-ungarn-wo-konnte-es-enden\/\"><strong>HIER<\/strong><\/a>. In <a href=\"https:\/\/dailynewshungary.com\/de\/bonkers-13-jahriger-junge-erhalt-in-ungarn-einen-waffenschein\/\"><strong>DIES<\/strong> <\/a>Artikel, den Sie vielleicht \u00fcber einen 13-j\u00e4hrigen Jungen lesen, der einen Waffenschein erhielt. <a href=\"https:\/\/dailynewshungary.com\/de\/uberraschende-wendung-9-jahriges-kind-hat-in-ungarn-den-beliebten-schweizer-wolf-erschossen\/\"><strong>HIER<\/strong> <\/a>Zu lesen ist von einem 9-J\u00e4hrigen, der in Ungarn den beliebten &#8216;Schweizer Wolf&#8217; abgeschossen hat.<\/p>\n","protected":false},"excerpt":{"rendered":"<p>Die oppositionelle Sozialistische Partei dr\u00e4ngt die Regierung, angesichts der der \u00d6ffentlichkeit immer h\u00e4ufiger bekannt werdenden Missbrauchsf\u00e4lle \u201cechte Ma\u00dfnahmen\u201d zum Schutz von Kindern zu ergreifen, sagte der stellvertretende Fraktionsvorsitzende der Partei am Samstag. In letzter Zeit seien schwere Kindesmissbrauchsf\u00e4lle \u201cauf w\u00f6chentlicher Basis\u201d ans Licht gekommen, weshalb dem Thema Kinderschutz verst\u00e4rkte Aufmerksamkeit zuteil werde, sagte Zita Gurmai [&hellip;]<\/p>\n","protected":false},"author":50,"featured_media":672332,"comment_status":"open","ping_status":"open","sticky":false,"template":"","format":"standard","meta":{"_acf_changed":false,"_display_image":"yes","footnotes":""},"categories":[1081],"tags":[1165,1502,1695,1102],"class_list":["post-672331","post","type-post","status-publish","format-standard","has-post-thumbnail","hentry","category-politik","tag-familie","tag-kinder","tag-sozialisten","tag-ungarische-regierung"],"blocksy_meta":[],"acf":[],"author_username":"dnh","telegram_post":"","public_post_metadata":{"breaking_news":"yes","important":"no","csempe":"no","center_tile":"no","disable_thumbnail":"no","target_lang":"","_featured_image_style":"hidden","telegram_post":"","_xlat_group_id":""},"public_rank_math_data":{"title":"%title% %sep% %sitename%","description":"Sozialisten fordern die Regierung dringend auf, angesichts der immer h\u00e4ufiger auftretenden Missbrauchsf\u00e4lle \"echte Ma\u00dfnahmen\" zum Schutz von Kindern zu ergreifen","focus_keyword":"Kinder","canonical_url":"","robots":"","primary_category":"1081","breadcrumb_title":"","facebook_title":"","facebook_description":"","facebook_image":"","facebook_image_id":"","twitter_title":"","twitter_description":"","twitter_image":"","twitter_image_id":"","twitter_card_type":"","twitter_use_facebook":"","advanced_robots":"","pillar_content":"","seo_score":"68","contentai_score":"","rich_snippet":""},"_links":{"self":[{"href":"https:\/\/dailynewshungary.com\/de\/wp-json\/wp\/v2\/posts\/672331","targetHints":{"allow":["GET"]}}],"collection":[{"href":"https:\/\/dailynewshungary.com\/de\/wp-json\/wp\/v2\/posts"}],"about":[{"href":"https:\/\/dailynewshungary.com\/de\/wp-json\/wp\/v2\/types\/post"}],"author":[{"embeddable":true,"href":"https:\/\/dailynewshungary.com\/de\/wp-json\/wp\/v2\/users\/50"}],"replies":[{"embeddable":true,"href":"https:\/\/dailynewshungary.com\/de\/wp-json\/wp\/v2\/comments?post=672331"}],"version-history":[{"count":0,"href":"https:\/\/dailynewshungary.com\/de\/wp-json\/wp\/v2\/posts\/672331\/revisions"}],"wp:featuredmedia":[{"embeddable":true,"href":"https:\/\/dailynewshungary.com\/de\/wp-json\/wp\/v2\/media\/672332"}],"wp:attachment":[{"href":"https:\/\/dailynewshungary.com\/de\/wp-json\/wp\/v2\/media?parent=672331"}],"wp:term":[{"taxonomy":"category","embeddable":true,"href":"https:\/\/dailynewshungary.com\/de\/wp-json\/wp\/v2\/categories?post=672331"},{"taxonomy":"post_tag","embeddable":true,"href":"https:\/\/dailynewshungary.com\/de\/wp-json\/wp\/v2\/tags?post=672331"}],"curies":[{"name":"wp","href":"https:\/\/api.w.org\/{rel}","templated":true}]}}