{"id":672458,"date":"2023-08-02T13:34:42","date_gmt":"2023-08-02T11:34:42","guid":{"rendered":"https:\/\/dailynewshungary.com\/de\/ausenministerium-ungarn-steht-demokratisch-gewahlten-fuhrern-zur-seite\/"},"modified":"2023-08-02T13:34:42","modified_gmt":"2023-08-02T11:34:42","slug":"ausenministerium-ungarn-steht-demokratisch-gewahlten-fuhrern-zur-seite","status":"publish","type":"post","link":"https:\/\/dailynewshungary.com\/de\/ausenministerium-ungarn-steht-demokratisch-gewahlten-fuhrern-zur-seite\/","title":{"rendered":"Au\u00dfenministerium: Ungarn steht demokratisch gew\u00e4hlten F\u00fchrern zur Seite"},"content":{"rendered":"<p><strong>Ungarn stehe den demokratisch gew\u00e4hlten F\u00fchrern zur Seite und f\u00f6rdere so schnell wie m\u00f6glich einen echten Dialog, sagte P\u00e9ter Szt\u00e1ray, Staatssekret\u00e4r f\u00fcr Sicherheitspolitik und Energiesicherheit des ungarischen Au\u00dfenministeriums, am Mittwoch als Reaktion auf die Ank\u00fcndigung der Vereinigten Staaten, Sanktionen gegen vier Staats- und Regierungschefs zu verh\u00e4ngen in Bosnien und Herzegowina.<\/strong><\/p>\n<p>In seiner Erkl\u00e4rung vom 31. Juli erkl\u00e4rte das Office of Foreign Assets Control (OFAC) des US-Finanzministeriums, es habe vier Beamte von Bosnien und Herzegowina sanktioniert Die Sanktionen gelten f\u00fcr Premierminister Radovan Viskovic, Sprecher der Nationalversammlung der Republika Srpska (RSNA) und Pr\u00e4sident Nenad Stevandic, Zeljka Cvijanovic, der serbische Abgeordnete der dreik\u00f6pfigen Pr\u00e4sidentschaft des Landes, und Justizminister der Republika Srpska (RS) Milos Bukejlovic.<\/p>\n<p>OFAC erkl\u00e4rte in seiner Erkl\u00e4rung, dass \u201cdiese F\u00fchrer direkt daf\u00fcr verantwortlich sind, die Verabschiedung eines Gesetzes der Nationalversammlung der Republika Srpska (RSNA) zu f\u00f6rdern, das vorgibt, die Entscheidungen des Verfassungsgerichts von Bosnien und Herzegowina (BiH CC) in der RS f\u00fcr unanwendbar zu erkl\u00e4ren, und damit die Umsetzung des Friedensabkommens von Dayton (DPA) behindert und bedroht\u201d Im Rahmen der Sanktionen wurden alle Verm\u00f6genswerte, die diese Beamten in den Vereinigten Staaten haben, eingefroren und Personen, die mit ihnen Gesch\u00e4fte machen, wurden Beschr\u00e4nkungen auferlegt.<\/p>\n<p>In seiner Stellungnahme, die <a href=\"https:\/\/kormany.hu\/kulgazdasagi-es-kulugyminiszterium\/sztaray-peter\" target=\"_blank\" rel=\"noopener\">Szt\u00e1ray<\/a> Sagte, dass die Stabilit\u00e4t der <a href=\"https:\/\/dailynewshungary.com\/de\/der-grose-britische-zuguberfall-wie-eine-15-kopfige-bande-1963-26-millionen-pfund-stahl\/\">Westlicher Balkan<\/a> Ist von prim\u00e4rem nationalen Sicherheitsinteresse Ungarns Ungarn unternimmt daher im Einklang mit seiner verantwortungsvollen Nachbarschaftspolitik alle erdenklichen Anstrengungen, um Stabilit\u00e4t und Frieden in der Region einschlie\u00dflich Bosnien und Herzegowina langfristig zu gew\u00e4hrleisten, sagte er und f\u00fcgte hinzu, dass \u201ekeine Notwendigkeit\u201cder Entstehung einer neuen Sicherheitsherausforderung bestehe in Europa angesichts der vorherrschenden schwierigen Situationen in globalen Angelegenheiten.<\/p>\n<p>Er sagte, die bisherigen Erfahrungen h\u00e4tten deutlich gezeigt, dass \u201cSanktionen gegen den Westbalkan immer gescheitert sind und nur \u00c4rger verursacht haben\u201d Sanktionen h\u00e4tten im Westbalkan genau das Gegenteil bewirkt; sie versch\u00e4rfen die Spannungen und vertiefen Konflikte, anstatt den Frieden zu erleichtern, f\u00fcgte Szt\u00e1ray hinzu.<\/p>\n<p>\u201cDie Sanktionierung der demokratisch gew\u00e4hlten F\u00fchrer wirkt sich gegen die Stabilit\u00e4t aus, weshalb es besser w\u00e4re, stattdessen Konsultationen auf der Grundlage gegenseitigen Respekts zu f\u00fchren, nicht \u00fcber den Westbalkan, sondern mit dem Westbalkan\u201d, sagte der Staatssekret\u00e4r. Daher steht Ungarn zu den demokratisch gew\u00e4hlten F\u00fchrern und fordert, dass so bald wie m\u00f6glich ein Dialog aufgenommen wird, sagte er.<\/p>\n","protected":false},"excerpt":{"rendered":"<p>Ungarn stehe den demokratisch gew\u00e4hlten F\u00fchrern zur Seite und f\u00f6rdere so schnell wie m\u00f6glich einen echten Dialog, sagte P\u00e9ter Szt\u00e1ray, Staatssekret\u00e4r f\u00fcr Sicherheitspolitik und Energiesicherheit des ungarischen Au\u00dfenministeriums, am Mittwoch als Reaktion auf die Ank\u00fcndigung der Vereinigten Staaten, Sanktionen gegen vier Staats- und Regierungschefs zu verh\u00e4ngen in Bosnien und Herzegowina. In seiner Erkl\u00e4rung vom 31. [&hellip;]<\/p>\n","protected":false},"author":33,"featured_media":672459,"comment_status":"open","ping_status":"open","sticky":false,"template":"","format":"standard","meta":{"_acf_changed":false,"_display_image":"yes","footnotes":""},"categories":[1081],"tags":[1470,1243,1076],"class_list":["post-672458","post","type-post","status-publish","format-standard","has-post-thumbnail","hentry","category-politik","tag-ausenministerium-fur-ungarn","tag-balkan","tag-ungarn"],"blocksy_meta":[],"acf":[],"author_username":"ugyelet","telegram_post":"","public_post_metadata":{"breaking_news":"yes","important":"no","csempe":"no","center_tile":"no","disable_thumbnail":"no","target_lang":"","_featured_image_style":"hidden","telegram_post":"","_xlat_group_id":""},"public_rank_math_data":{"title":"%title% %sep% %sitename%","description":"\"Lassen Sie uns Konsultationen auf der Grundlage gegenseitigen Respekts, nicht \u00fcber den Westbalkan, sondern mit dem Westbalkan,\" Au\u00dfenministerium","focus_keyword":"Au\u00dfenministerium","canonical_url":"","robots":"","primary_category":"1081","breadcrumb_title":"","facebook_title":"","facebook_description":"","facebook_image":"","facebook_image_id":"","twitter_title":"","twitter_description":"","twitter_image":"","twitter_image_id":"","twitter_card_type":"","twitter_use_facebook":"","advanced_robots":"","pillar_content":"","seo_score":"61","contentai_score":"","rich_snippet":""},"_links":{"self":[{"href":"https:\/\/dailynewshungary.com\/de\/wp-json\/wp\/v2\/posts\/672458","targetHints":{"allow":["GET"]}}],"collection":[{"href":"https:\/\/dailynewshungary.com\/de\/wp-json\/wp\/v2\/posts"}],"about":[{"href":"https:\/\/dailynewshungary.com\/de\/wp-json\/wp\/v2\/types\/post"}],"author":[{"embeddable":true,"href":"https:\/\/dailynewshungary.com\/de\/wp-json\/wp\/v2\/users\/33"}],"replies":[{"embeddable":true,"href":"https:\/\/dailynewshungary.com\/de\/wp-json\/wp\/v2\/comments?post=672458"}],"version-history":[{"count":0,"href":"https:\/\/dailynewshungary.com\/de\/wp-json\/wp\/v2\/posts\/672458\/revisions"}],"wp:featuredmedia":[{"embeddable":true,"href":"https:\/\/dailynewshungary.com\/de\/wp-json\/wp\/v2\/media\/672459"}],"wp:attachment":[{"href":"https:\/\/dailynewshungary.com\/de\/wp-json\/wp\/v2\/media?parent=672458"}],"wp:term":[{"taxonomy":"category","embeddable":true,"href":"https:\/\/dailynewshungary.com\/de\/wp-json\/wp\/v2\/categories?post=672458"},{"taxonomy":"post_tag","embeddable":true,"href":"https:\/\/dailynewshungary.com\/de\/wp-json\/wp\/v2\/tags?post=672458"}],"curies":[{"name":"wp","href":"https:\/\/api.w.org\/{rel}","templated":true}]}}