{"id":672837,"date":"2023-07-22T18:34:50","date_gmt":"2023-07-22T16:34:50","guid":{"rendered":"https:\/\/dailynewshungary.com\/de\/so-wird-ungarn-wahrend-seiner-eu-prasidentschaft-2024-vorgehen\/"},"modified":"2023-07-22T18:34:50","modified_gmt":"2023-07-22T16:34:50","slug":"so-wird-ungarn-wahrend-seiner-eu-prasidentschaft-2024-vorgehen","status":"publish","type":"post","link":"https:\/\/dailynewshungary.com\/de\/so-wird-ungarn-wahrend-seiner-eu-prasidentschaft-2024-vorgehen\/","title":{"rendered":"So wird Ungarn w\u00e4hrend seiner EU-Pr\u00e4sidentschaft 2024 vorgehen"},"content":{"rendered":"<p><strong>Die bevorstehende Pr\u00e4sidentschaft Ungarns in der Europ\u00e4ischen Union werde \u201cweitgehende M\u00f6glichkeiten zur F\u00f6rderung ungarischer Interessen und Priorit\u00e4ten bieten\u201d, sagte J\u00e1nos Boka, Ungarns neuer Minister f\u00fcr EU-Angelegenheiten, am Freitag an der Sommeruniversit\u00e4t \u201cTusv\u00e1nyos\u201d in Baile Tusnad (Tusn\u00e1df\u00fcrd ) in Zentralrum\u00e4nien.<\/strong><\/p>\n<p>Der Minister, der das Amt am 1. August antreten wird, sagte, Ungarn werde die Rotation \u00fcbernehmen <a href=\"https:\/\/dailynewshungary.com\/de\/der-grose-britische-zuguberfall-wie-eine-15-kopfige-bande-1963-26-millionen-pfund-stahl\/\">EU<\/a> Pr\u00e4sidentschaft nach den EP-Wahlen 2024, in einer Zeit eines \u201cinstitutionellen \u00dcbergangs\u201d, in der das Land die Priorit\u00e4ten der EU \u201cso gestalten k\u00f6nnte, dass sie auch die Interessen und Priorit\u00e4ten Ungarns vertreten\u201d Er f\u00fcgte hinzu, dass Ungarn eine \u201cneutrale und loyal kooperative\u201d Pr\u00e4sidentschaft erf\u00fcllen werde.<\/p>\n<p>Die Wiederherstellung der \u201cr\u00fcckl\u00e4ufigen globalen Wettbewerbsf\u00e4higkeit\u201d der EU werde f\u00fcr die ungarische Pr\u00e4sidentschaft oberste Priorit\u00e4t haben, sagte BokaDie Arbeit an der Koh\u00e4sionspolitik der Gemeinschaft und die Schlie\u00dfung der Kluft zwischen den Regionen w\u00fcrden \u201cthematische Bestandteile\u201d dieser Bem\u00fchungen sein, sagte erDie ungarische Pr\u00e4sidentschaft werde \u201cdie Bem\u00fchungen bez\u00fcglich der Migrationspolitik der EU, \u00fcber die sich die Mitglieder im Konsens befinden\u201d wie die Verst\u00e4rkung der Kontrolle der Au\u00dfengrenzen und die Zusammenarbeit mit Drittl\u00e4ndern zur Bew\u00e4ltigung des Migrationsdrucks fortsetzen, sagte erDie ungarische Pr\u00e4sidentschaft werde sich auch daf\u00fcr einsetzen, Fortschritte bei der EU-Erweiterung zu erzielen und \u201cgreifbare Fortschritte im Falle jedes einzelnen tats\u00e4chlichen Kandidaten und potenziellen Kandidaten zu erzielen\u201d, sagte er.<\/p>\n<p>Boka bestand darauf, dass \u201cjede Krise innerhalb der EU ihren Institutionen eine Chance gibt, f\u00f6derative Komponenten der europ\u00e4ischen Integration zu st\u00e4rken. Dies f\u00fchrt zu einer Versch\u00e4rfung und Ausweitung der Gesetzgebung und immer strengeren Koordinierungsmechanismen, die den Mitgliedern Instrumente entziehen, um Krisen alleine zu bew\u00e4ltigen\u201d.Die EU \u201chat weder die Wirtschaftskrise noch die Covid-Pandemie erfolgreich gemeistert. Aber es wurden immer weitere Befugnisse und Ressourcen \u00fcbertragen\u201d von der nationalen auf die EU-Ebene, sagte er Bez\u00fcglich der Integration der <a href=\"https:\/\/dailynewshungary.com\/de\/der-grose-britische-zuguberfall-wie-eine-15-kopfige-bande-1963-26-millionen-pfund-stahl\/\">Westlicher Balkan<\/a>\u201eBoka sagte\u201c\u201edie EU handelt gegen ihre eigenen geostrategischen, sicherheitspolitischen und wirtschaftlichen Interessen, wenn sie den Beitritt dieser L\u00e4nder verlangsamt.\u201d Er f\u00fcgte hinzu, dass die Gr\u00fcnde \u201eallein politisch\u201d seien.<\/p>\n","protected":false},"excerpt":{"rendered":"<p>Die bevorstehende Pr\u00e4sidentschaft Ungarns in der Europ\u00e4ischen Union werde \u201cweitgehende M\u00f6glichkeiten zur F\u00f6rderung ungarischer Interessen und Priorit\u00e4ten bieten\u201d, sagte J\u00e1nos Boka, Ungarns neuer Minister f\u00fcr EU-Angelegenheiten, am Freitag an der Sommeruniversit\u00e4t \u201cTusv\u00e1nyos\u201d in Baile Tusnad (Tusn\u00e1df\u00fcrd ) in Zentralrum\u00e4nien. Der Minister, der das Amt am 1. August antreten wird, sagte, Ungarn werde die Rotation \u00fcbernehmen [&hellip;]<\/p>\n","protected":false},"author":50,"featured_media":672838,"comment_status":"open","ping_status":"open","sticky":false,"template":"","format":"standard","meta":{"_acf_changed":false,"_display_image":"yes","footnotes":""},"categories":[1081],"tags":[1082,1102],"class_list":["post-672837","post","type-post","status-publish","format-standard","has-post-thumbnail","hentry","category-politik","tag-europaische-union","tag-ungarische-regierung"],"blocksy_meta":[],"acf":[],"author_username":"dnh","telegram_post":"","public_post_metadata":{"breaking_news":"yes","important":"no","csempe":"no","center_tile":"no","disable_thumbnail":"no","target_lang":"","_featured_image_style":"hidden","telegram_post":"","_xlat_group_id":""},"public_rank_math_data":{"title":"%title% %sep% %sitename%","description":"J\u00e1nos Boka, Ungarns neuer Minister f\u00fcr EU-Angelegenheiten, sprach w\u00e4hrend seiner EU-Ratspr\u00e4sidentschaft im Jahr 2024 \u00fcber Ungarns Pl\u00e4ne","focus_keyword":"Pr\u00e4sidentschaft","canonical_url":"","robots":"","primary_category":"1081","breadcrumb_title":"","facebook_title":"","facebook_description":"","facebook_image":"","facebook_image_id":"","twitter_title":"","twitter_description":"","twitter_image":"","twitter_image_id":"","twitter_card_type":"","twitter_use_facebook":"","advanced_robots":"","pillar_content":"","seo_score":"","contentai_score":"","rich_snippet":""},"_links":{"self":[{"href":"https:\/\/dailynewshungary.com\/de\/wp-json\/wp\/v2\/posts\/672837","targetHints":{"allow":["GET"]}}],"collection":[{"href":"https:\/\/dailynewshungary.com\/de\/wp-json\/wp\/v2\/posts"}],"about":[{"href":"https:\/\/dailynewshungary.com\/de\/wp-json\/wp\/v2\/types\/post"}],"author":[{"embeddable":true,"href":"https:\/\/dailynewshungary.com\/de\/wp-json\/wp\/v2\/users\/50"}],"replies":[{"embeddable":true,"href":"https:\/\/dailynewshungary.com\/de\/wp-json\/wp\/v2\/comments?post=672837"}],"version-history":[{"count":0,"href":"https:\/\/dailynewshungary.com\/de\/wp-json\/wp\/v2\/posts\/672837\/revisions"}],"wp:featuredmedia":[{"embeddable":true,"href":"https:\/\/dailynewshungary.com\/de\/wp-json\/wp\/v2\/media\/672838"}],"wp:attachment":[{"href":"https:\/\/dailynewshungary.com\/de\/wp-json\/wp\/v2\/media?parent=672837"}],"wp:term":[{"taxonomy":"category","embeddable":true,"href":"https:\/\/dailynewshungary.com\/de\/wp-json\/wp\/v2\/categories?post=672837"},{"taxonomy":"post_tag","embeddable":true,"href":"https:\/\/dailynewshungary.com\/de\/wp-json\/wp\/v2\/tags?post=672837"}],"curies":[{"name":"wp","href":"https:\/\/api.w.org\/{rel}","templated":true}]}}