{"id":673015,"date":"2023-07-17T19:04:00","date_gmt":"2023-07-17T17:04:00","guid":{"rendered":"https:\/\/dailynewshungary.com\/de\/16-jahriger-ungarischer-teenager-kampft-in-der-ukrainischen-armee\/"},"modified":"2023-07-17T19:04:00","modified_gmt":"2023-07-17T17:04:00","slug":"16-jahriger-ungarischer-teenager-kampft-in-der-ukrainischen-armee","status":"publish","type":"post","link":"https:\/\/dailynewshungary.com\/de\/16-jahriger-ungarischer-teenager-kampft-in-der-ukrainischen-armee\/","title":{"rendered":"16-j\u00e4hriger ungarischer Teenager k\u00e4mpft in der ukrainischen Armee?"},"content":{"rendered":"<p><strong>D\u00e1niel Duzs\u00e1r, ein 16-j\u00e4hriger ungarischer Teenager mit ukrainischer Staatsb\u00fcrgerschaft, fand in Gy-r Zuflucht vor dem Krieg. Der Junge verschwand vor einem Monat in Prag und die Menschen suchen verzweifelt nach ihm. Die Polizeistation von Gy-r hat eine internationale Fahndungsanzeige f\u00fcr die minderj\u00e4hrige vermisste Person herausgegeben.<\/strong><\/p>\n<p>Als <a href=\"https:\/\/www.blikk.hu\/aktualis\/krimi\/orosz-ukran-haboru-16-eves-magyar-fiu-besorozas\/784h0n3\" target=\"_blank\" rel=\"noopener\">Blikk<\/a> Berichtet wird, dass D\u00e1niel von Prag aus Richtung polnisch-ukrainische Grenze unterwegs war, es ist m\u00f6glich, dass er von den ukrainischen Grenzsoldaten oder der Polizei gefasst und sofort eingezogen wurde Daher ist nicht auszuschlie\u00dfen, dass er sich nun irgendwo an der Front befindet, wo immer mehr Jugendliche in seinem Alter im sinnlosen Krieg k\u00e4mpfen und sterben D\u00e1niels Freundin wartete auf eine Nachricht des Jungen, der am 19. Juni mit seinen Freunden nach Prag fuhr, nach einer Woche ohne Angaben zum Aufenthaltsort des Jungen verst\u00e4ndigte seine Freundin die PolizeiDas M\u00e4dchen glaubt, dass D\u00e1niel Richtung unterwegs war <a href=\"https:\/\/dailynewshungary.com\/de\/der-grose-britische-zuguberfall-wie-eine-15-kopfige-bande-1963-26-millionen-pfund-stahl\/\">Polen<\/a> Mit seinen Freunden, aber es ist immer noch ein R\u00e4tsel warum.<\/p>\n<h3>Ukrainische Wehrpflicht<\/h3>\n<p>In der Ukraine gibt es eine totale Mobilmachung, wie auch 2014 M\u00e4nner im Alter von 16-65 Jahren werden eingezogen, Jung und Alt sind im Hinterland, aber 18-J\u00e4hrige k\u00e4mpfen an der Front, die ukrainische Polizei kontrolliert im Rahmen der Zwangsrekrutierung zivile M\u00e4nner auf der Stra\u00dfe, Polizei durchsucht Stra\u00dfen, Gesch\u00e4fte, Turnhallen und Arbeitspl\u00e4tze, um M\u00e4nner zu finden, die fit f\u00fcr den Eintritt in die Armee sind Wer keine Wehrpflichtbescheinigung (wegen Arbeit oder medizinischen Problemen) hat, wird sofort zusammengeschlagen und in ein Auto gezwungenWenn D\u00e1niel aus irgendeinem Grund versucht hat, nach Hause zur\u00fcckzukehren, kann es sein Schicksal nicht so gut wie seine Freundin zur\u00fcckbekommen haben. Wenn das der Fall ist, darf er nicht zur\u00fcckversichert sein.<\/p>\n<p>Auch Frauen sind nicht vom Wehrdienst befreit Bildungseinrichtungen haben Studierende mit \u00e4rztlicher Qualifikation aufgelistet, denen ein Wehrzeugnis ausgestellt wurde Diese Frauen werden bei gro\u00dfen Milit\u00e4reins\u00e4tzen, bei denen viele Opfer zu erwarten sind, mit Bussen an die Front gebracht.<\/p>\n<h3>Gr\u00e4ueltaten gegen Ungarn<\/h3>\n<p>Nach Ansicht der in den Transkarpaten lebenden Menschen ist es nicht nur die Zwangsrekrutierung, die dazu f\u00fchrt <a href=\"https:\/\/dailynewshungary.com\/de\/der-grose-britische-zuguberfall-wie-eine-15-kopfige-bande-1963-26-millionen-pfund-stahl\/\">Ungarn<\/a> Gef\u00e4hrdet Leider gibt es immer mehr antiungarische Gr\u00e4ueltaten im Land und an der Front, Ungarn werden nicht mehr nur zur 128. Brigade in Transkarpatien eingezogen, dar\u00fcber hinaus gibt es in diesen Einheiten viele ukrainisch-nationalistische Offiziere und Berufssoldaten, die sich die <a href=\"https:\/\/dailynewshungary.com\/de\/der-grose-britische-zuguberfall-wie-eine-15-kopfige-bande-1963-26-millionen-pfund-stahl\/\">Krieg<\/a> Ungarn zu bestrafen und zu bedrohen.<\/p>\n","protected":false},"excerpt":{"rendered":"<p>D\u00e1niel Duzs\u00e1r, ein 16-j\u00e4hriger ungarischer Teenager mit ukrainischer Staatsb\u00fcrgerschaft, fand in Gy-r Zuflucht vor dem Krieg. Der Junge verschwand vor einem Monat in Prag und die Menschen suchen verzweifelt nach ihm. Die Polizeistation von Gy-r hat eine internationale Fahndungsanzeige f\u00fcr die minderj\u00e4hrige vermisste Person herausgegeben. Als Blikk Berichtet wird, dass D\u00e1niel von Prag aus Richtung [&hellip;]<\/p>\n","protected":false},"author":76,"featured_media":673016,"comment_status":"open","ping_status":"open","sticky":false,"template":"","format":"standard","meta":{"_acf_changed":false,"_display_image":"yes","footnotes":""},"categories":[1098],"tags":[1360,1184,1084],"class_list":["post-673015","post","type-post","status-publish","format-standard","has-post-thumbnail","hentry","category-gesellschaft","tag-hungern","tag-krieg","tag-krieg-in-der-ukraine"],"blocksy_meta":[],"acf":[],"author_username":"fanniforgacs","telegram_post":"","public_post_metadata":{"breaking_news":"yes","important":"no","csempe":"no","center_tile":"no","disable_thumbnail":"no","target_lang":"","_featured_image_style":"hidden","telegram_post":"","_xlat_group_id":""},"public_rank_math_data":{"title":"%title% %sep% %sitename%","description":"Ein 16-j\u00e4hriger ungarischer Junge mit ukrainischer Staatsb\u00fcrgerschaft verschwand spurlosEs ist m\u00f6glich, dass er jetzt an der Front k\u00e4mpft.","focus_keyword":"Ukrainisch","canonical_url":"","robots":"","primary_category":"1098","breadcrumb_title":"","facebook_title":"","facebook_description":"","facebook_image":"","facebook_image_id":"","twitter_title":"","twitter_description":"","twitter_image":"","twitter_image_id":"","twitter_card_type":"","twitter_use_facebook":"","advanced_robots":"","pillar_content":"","seo_score":"69","contentai_score":"","rich_snippet":""},"_links":{"self":[{"href":"https:\/\/dailynewshungary.com\/de\/wp-json\/wp\/v2\/posts\/673015","targetHints":{"allow":["GET"]}}],"collection":[{"href":"https:\/\/dailynewshungary.com\/de\/wp-json\/wp\/v2\/posts"}],"about":[{"href":"https:\/\/dailynewshungary.com\/de\/wp-json\/wp\/v2\/types\/post"}],"author":[{"embeddable":true,"href":"https:\/\/dailynewshungary.com\/de\/wp-json\/wp\/v2\/users\/76"}],"replies":[{"embeddable":true,"href":"https:\/\/dailynewshungary.com\/de\/wp-json\/wp\/v2\/comments?post=673015"}],"version-history":[{"count":0,"href":"https:\/\/dailynewshungary.com\/de\/wp-json\/wp\/v2\/posts\/673015\/revisions"}],"wp:featuredmedia":[{"embeddable":true,"href":"https:\/\/dailynewshungary.com\/de\/wp-json\/wp\/v2\/media\/673016"}],"wp:attachment":[{"href":"https:\/\/dailynewshungary.com\/de\/wp-json\/wp\/v2\/media?parent=673015"}],"wp:term":[{"taxonomy":"category","embeddable":true,"href":"https:\/\/dailynewshungary.com\/de\/wp-json\/wp\/v2\/categories?post=673015"},{"taxonomy":"post_tag","embeddable":true,"href":"https:\/\/dailynewshungary.com\/de\/wp-json\/wp\/v2\/tags?post=673015"}],"curies":[{"name":"wp","href":"https:\/\/api.w.org\/{rel}","templated":true}]}}