{"id":673071,"date":"2023-07-16T12:34:44","date_gmt":"2023-07-16T10:34:44","guid":{"rendered":"https:\/\/dailynewshungary.com\/de\/europaische-kommission-verweist-ungarn-vor-gericht\/"},"modified":"2023-07-16T12:34:44","modified_gmt":"2023-07-16T10:34:44","slug":"europaische-kommission-verweist-ungarn-vor-gericht","status":"publish","type":"post","link":"https:\/\/dailynewshungary.com\/de\/europaische-kommission-verweist-ungarn-vor-gericht\/","title":{"rendered":"Europ\u00e4ische Kommission verweist Ungarn vor Gericht"},"content":{"rendered":"<p><strong>Die Europ\u00e4ische Kommission gab am Freitag bekannt, dass beschlossen wurde, Ungarn wegen der Einf\u00fchrung von Festpreisen f\u00fcr Baumaterialien, hoher Strafzahlungen bei Nichteinhaltung dieser Festpreise und der Produktion vor dem Gerichtshof der Europ\u00e4ischen Union (EuGH) zu verklagen Verpflichtungen f\u00fcr Baumaterialien und Rohstoffe f\u00fcr den Bausektor.<\/strong><\/p>\n<p>Die EG erkl\u00e4rte, dass diese nationalen Ma\u00dfnahmen nicht der Niederlassungsfreiheit entspr\u00e4chen und die Ma\u00dfnahme zur Festlegung von Festpreisen und Zwangsgeldern nicht gem\u00e4\u00df der EU-Binnenmarkttransparenzrichtlinie notifiziert worden sei, wonach die Mitgliedstaaten verpflichtet seien, Entw\u00fcrfe technischer Vorschriften zu notifizieren.<\/p>\n<p>Der Erkl\u00e4rung zufolge werden mit den einzelstaatlichen Ma\u00dfnahmen Festpreise f\u00fcr bestimmte Baumaterialien, wie Sand, Kies und Zement, eingef\u00fchrt und eine Verpflichtung f\u00fcr Unternehmen, das Produktionsniveau auch dann aufrechtzuerhalten, wenn es wirtschaftlich nicht tragbar ist Es f\u00fcgte hinzu, dass diese Ma\u00dfnahmen weder gerechtfertigt noch verh\u00e4ltnism\u00e4\u00dfig erschienen.<\/p>\n<p>Die EG \u00fcbermittelte im April 2022 zun\u00e4chst ein Aufforderungsschreiben mit anschlie\u00dfender mit Gr\u00fcnden versehener Stellungnahme im Januar 2023 Als die <a href=\"https:\/\/dailynewshungary.com\/de\/der-grose-britische-zuguberfall-wie-eine-15-kopfige-bande-1963-26-millionen-pfund-stahl\/\">Kommission<\/a> Ist Ungarn nach wie vor gegen die EU-Vorschriften versto\u00dfen, hat es beschlossen, den Fall an den EuGH zu verweisen.<\/p>\n<p>Wir schrieben <a href=\"https:\/\/dailynewshungary.com\/de\/ungarns-bausektor-sinkt-drastisch\/\">HIER<\/a> \u00fcber den fallenden Bausektor in Ungarn In <a href=\"https:\/\/dailynewshungary.com\/de\/video-neue-schnellstrase-fast-fertiggestellt-die-gyr-mit-der-barocken-ungarischen-stadt-verbindet\/\">DIES<\/a> Artikel, den Sie vielleicht \u00fcber eine neue Schnellstra\u00dfe lesen, die Gy.r mit der barocken Perle Transdanubiens verbindet.<\/p>\n<p>Ausgew\u00e4hlte Bild: Ursula von der Leyen, die Vorsitzende der Europ\u00e4ischen Kommission<\/p>\n","protected":false},"excerpt":{"rendered":"<p>Die Europ\u00e4ische Kommission gab am Freitag bekannt, dass beschlossen wurde, Ungarn wegen der Einf\u00fchrung von Festpreisen f\u00fcr Baumaterialien, hoher Strafzahlungen bei Nichteinhaltung dieser Festpreise und der Produktion vor dem Gerichtshof der Europ\u00e4ischen Union (EuGH) zu verklagen Verpflichtungen f\u00fcr Baumaterialien und Rohstoffe f\u00fcr den Bausektor. Die EG erkl\u00e4rte, dass diese nationalen Ma\u00dfnahmen nicht der Niederlassungsfreiheit entspr\u00e4chen [&hellip;]<\/p>\n","protected":false},"author":50,"featured_media":673072,"comment_status":"open","ping_status":"open","sticky":false,"template":"","format":"standard","meta":{"_acf_changed":false,"_display_image":"yes","footnotes":""},"categories":[1081],"tags":[1426,1082,1656,1102],"class_list":["post-673071","post","type-post","status-publish","format-standard","has-post-thumbnail","hentry","category-politik","tag-europaische-kommission","tag-europaische-union","tag-europaischer-gerichtshof","tag-ungarische-regierung"],"blocksy_meta":[],"acf":[],"author_username":"dnh","telegram_post":"","public_post_metadata":{"breaking_news":"yes","important":"no","csempe":"no","center_tile":"no","disable_thumbnail":"no","target_lang":"","_featured_image_style":"hidden","telegram_post":"","_xlat_group_id":""},"public_rank_math_data":{"title":"%title% %sep% %sitename%","description":"Die EG teilte mit, dass beschlossen worden sei, Ungarn vor dem Gerichtshof der Europ\u00e4ischen Union (EuGH) zu verklagen","focus_keyword":"Gericht","canonical_url":"","robots":"","primary_category":"1081","breadcrumb_title":"","facebook_title":"","facebook_description":"","facebook_image":"","facebook_image_id":"","twitter_title":"","twitter_description":"","twitter_image":"","twitter_image_id":"","twitter_card_type":"","twitter_use_facebook":"","advanced_robots":"","pillar_content":"","seo_score":"56","contentai_score":"","rich_snippet":""},"_links":{"self":[{"href":"https:\/\/dailynewshungary.com\/de\/wp-json\/wp\/v2\/posts\/673071","targetHints":{"allow":["GET"]}}],"collection":[{"href":"https:\/\/dailynewshungary.com\/de\/wp-json\/wp\/v2\/posts"}],"about":[{"href":"https:\/\/dailynewshungary.com\/de\/wp-json\/wp\/v2\/types\/post"}],"author":[{"embeddable":true,"href":"https:\/\/dailynewshungary.com\/de\/wp-json\/wp\/v2\/users\/50"}],"replies":[{"embeddable":true,"href":"https:\/\/dailynewshungary.com\/de\/wp-json\/wp\/v2\/comments?post=673071"}],"version-history":[{"count":0,"href":"https:\/\/dailynewshungary.com\/de\/wp-json\/wp\/v2\/posts\/673071\/revisions"}],"wp:featuredmedia":[{"embeddable":true,"href":"https:\/\/dailynewshungary.com\/de\/wp-json\/wp\/v2\/media\/673072"}],"wp:attachment":[{"href":"https:\/\/dailynewshungary.com\/de\/wp-json\/wp\/v2\/media?parent=673071"}],"wp:term":[{"taxonomy":"category","embeddable":true,"href":"https:\/\/dailynewshungary.com\/de\/wp-json\/wp\/v2\/categories?post=673071"},{"taxonomy":"post_tag","embeddable":true,"href":"https:\/\/dailynewshungary.com\/de\/wp-json\/wp\/v2\/tags?post=673071"}],"curies":[{"name":"wp","href":"https:\/\/api.w.org\/{rel}","templated":true}]}}