{"id":673262,"date":"2023-07-11T12:45:44","date_gmt":"2023-07-11T10:45:44","guid":{"rendered":"https:\/\/dailynewshungary.com\/de\/erstaunliche-ungarische-entdeckung-so-erzeugt-das-gehirn-negative-erinnerungen\/"},"modified":"2023-07-11T12:45:44","modified_gmt":"2023-07-11T10:45:44","slug":"erstaunliche-ungarische-entdeckung-so-erzeugt-das-gehirn-negative-erinnerungen","status":"publish","type":"post","link":"https:\/\/dailynewshungary.com\/de\/erstaunliche-ungarische-entdeckung-so-erzeugt-das-gehirn-negative-erinnerungen\/","title":{"rendered":"Erstaunliche ungarische Entdeckung: So erzeugt das Gehirn negative Erinnerungen"},"content":{"rendered":"<p><strong>Ungarische Forscher haben eine Gruppe von Neuronen im Hirnstamm entdeckt, die f\u00fcr die Speicherung und den R\u00fcckruf negativer Erinnerungen verantwortlich sind.<\/strong><\/p>\n<h2>Ungarische Entdeckung<\/h2>\n<p><a href=\"https:\/\/dailynewshungary.com\/de\/der-grose-britische-zuguberfall-wie-eine-15-kopfige-bande-1963-26-millionen-pfund-stahl\/\" target=\"_blank\" rel=\"noopener\">Forscher<\/a> Am ELKH Research Institute of Experimental Medicine (KOKI) haben wir herausgefunden, dass eine Gruppe von Hirnstammneuronen, von denen angenommen wird, dass sie evolution\u00e4r alt sind, auch f\u00fcr die Speicherung und den Abruf negativer Erinnerungen erforderlich ist.<\/p>\n<p>Die Erkenntnisse der Forscher zeigen, dass Ged\u00e4chtnisprozesse nicht nur von der Hirnrinde h\u00f6herer Ordnung gesteuert werden, sondern auch von einem bisher weniger untersuchten Hirnstamm Diese Entdeckung der ungarischen Forscher k\u00f6nnte eine v\u00f6llig neue Richtung f\u00fcr die zuk\u00fcnftige Ged\u00e4chtnisforschung vorgeben.<\/p>\n<p>Erinnerungen werden durch ein pr\u00e4zises Aktivit\u00e4tsmuster von Millionen Neuronen in einem Bereich der Gro\u00dfhirnrinde namens Hippocampus kodiert \u201cObwohl der Hippocampus unsere negativen Erfahrungen mit der Umgebung verkn\u00fcpft, in der wir sie erlebt haben, k\u00f6nnen wir auch bewusst ihre Schwere und unsere Erinnerungen an sie kontrollieren. Diese werden nicht nur durch den Zusammenhang zwischen der schlechten Erfahrung und der Umwelt erzeugt, sondern werden auch durch eine Reihe fr\u00fcherer Erinnerungen, Annahmen, aktuelle Stimmung, physiologischer Zustand des K\u00f6rpers und andere Umst\u00e4nde beeinflusst\u201d, sagten die Forscher.<\/p>\n<h2>Bahnbrechendes Ergebnis Ungarns <a href=\"https:\/\/dailynewshungary.com\/de\/der-grose-britische-zuguberfall-wie-eine-15-kopfige-bande-1963-26-millionen-pfund-stahl\/\">Wissenschaftler<\/a><\/h2>\n<p>Wir wussten bereits, dass Umweltinformationen von der Gro\u00dfhirnrinde zum Hippocampus \u00fcbertragen werden Die Prozesse und Wege waren den Forschern jedoch bisher nicht bekannt Die <a href=\"https:\/\/dailynewshungary.com\/de\/der-grose-britische-zuguberfall-wie-eine-15-kopfige-bande-1963-26-millionen-pfund-stahl\/\" target=\"_blank\" rel=\"noopener\">Ungarisch<\/a> Das Team von G\u00e1bor Nyiri hat in diesem Bereich eine bahnbrechende Entdeckung gemacht <a href=\"https:\/\/www.napi.hu\/belfold\/agy-kutatas-tudomany-elkh-memoria.773624.html\" target=\"_blank\" rel=\"noopener\">Napi.hu berichtet<\/a>.<\/p>\n<p>\u201cWenn eine Erinnerung aufgezeichnet wird, m\u00fcssen einige hippocampale Hauptzellen aktiviert werden, w\u00e4hrend andere gehemmt werden m\u00fcssen, um die Ged\u00e4chtnisspur zu bilden Das Aktivit\u00e4tsmuster dieser Zellen h\u00e4ngt von einer Reihe von Faktoren ab. Zum Beispiel die sensorischen Informationen, die sie vom Kortex erhalten, und die inneren Prozesse, mit denen sie assoziieren\u201d, erkl\u00e4rten die Forscher.<\/p>\n<h2>Verarbeitung negativer Erinnerungen<\/h2>\n<p>KOKI-Forscher haben gezeigt, dass eine Gruppe von Zellen namens Nucleus incertus, die Nervenfasern in den Hippocampus schicken, eine entscheidende Rolle bei der Erinnerung an negative Erfahrungen spielt.<\/p>\n<p>Sie zeigten, dass ihre Aktivierung allein keine nachteiligen Erfahrungen verursachte. Im Gegenteil, wenn dieselben Hirnstammzellen aktiviert wurden, als das ung\u00fcnstige Erlebnis aufgezeichnet wurde, erm\u00f6glichte ihre anschlie\u00dfende Reaktivierung die Erinnerung an diesen negativen Input.<\/p>\n","protected":false},"excerpt":{"rendered":"<p>Ungarische Forscher haben eine Gruppe von Neuronen im Hirnstamm entdeckt, die f\u00fcr die Speicherung und den R\u00fcckruf negativer Erinnerungen verantwortlich sind. Ungarische Entdeckung Forscher Am ELKH Research Institute of Experimental Medicine (KOKI) haben wir herausgefunden, dass eine Gruppe von Hirnstammneuronen, von denen angenommen wird, dass sie evolution\u00e4r alt sind, auch f\u00fcr die Speicherung und den [&hellip;]<\/p>\n","protected":false},"author":48,"featured_media":673263,"comment_status":"open","ping_status":"open","sticky":false,"template":"","format":"standard","meta":{"_acf_changed":false,"_display_image":"yes","footnotes":""},"categories":[1098],"tags":[1385,1360,1537],"class_list":["post-673262","post","type-post","status-publish","format-standard","has-post-thumbnail","hentry","category-gesellschaft","tag-forschung","tag-hungern","tag-wissenschaft"],"blocksy_meta":[],"acf":[],"author_username":"bandrew","telegram_post":"","public_post_metadata":{"breaking_news":"yes","important":"no","csempe":"no","center_tile":"no","disable_thumbnail":"no","target_lang":"","_featured_image_style":"hidden","telegram_post":"","_xlat_group_id":""},"public_rank_math_data":{"title":"%title% %sep% %sitename%","description":"Ungarische Forscher haben eine Gruppe von Neuronen im Hirnstamm entdeckt, die f\u00fcr die Speicherung und den R\u00fcckruf negativer Erinnerungen verantwortlich sind.","focus_keyword":"Gehirn","canonical_url":"","robots":"","primary_category":"1098","breadcrumb_title":"","facebook_title":"","facebook_description":"","facebook_image":"","facebook_image_id":"","twitter_title":"","twitter_description":"","twitter_image":"","twitter_image_id":"","twitter_card_type":"","twitter_use_facebook":"","advanced_robots":"","pillar_content":"","seo_score":"69","contentai_score":"","rich_snippet":""},"_links":{"self":[{"href":"https:\/\/dailynewshungary.com\/de\/wp-json\/wp\/v2\/posts\/673262","targetHints":{"allow":["GET"]}}],"collection":[{"href":"https:\/\/dailynewshungary.com\/de\/wp-json\/wp\/v2\/posts"}],"about":[{"href":"https:\/\/dailynewshungary.com\/de\/wp-json\/wp\/v2\/types\/post"}],"author":[{"embeddable":true,"href":"https:\/\/dailynewshungary.com\/de\/wp-json\/wp\/v2\/users\/48"}],"replies":[{"embeddable":true,"href":"https:\/\/dailynewshungary.com\/de\/wp-json\/wp\/v2\/comments?post=673262"}],"version-history":[{"count":0,"href":"https:\/\/dailynewshungary.com\/de\/wp-json\/wp\/v2\/posts\/673262\/revisions"}],"wp:featuredmedia":[{"embeddable":true,"href":"https:\/\/dailynewshungary.com\/de\/wp-json\/wp\/v2\/media\/673263"}],"wp:attachment":[{"href":"https:\/\/dailynewshungary.com\/de\/wp-json\/wp\/v2\/media?parent=673262"}],"wp:term":[{"taxonomy":"category","embeddable":true,"href":"https:\/\/dailynewshungary.com\/de\/wp-json\/wp\/v2\/categories?post=673262"},{"taxonomy":"post_tag","embeddable":true,"href":"https:\/\/dailynewshungary.com\/de\/wp-json\/wp\/v2\/tags?post=673262"}],"curies":[{"name":"wp","href":"https:\/\/api.w.org\/{rel}","templated":true}]}}