{"id":673270,"date":"2023-07-11T09:35:18","date_gmt":"2023-07-11T07:35:18","guid":{"rendered":"https:\/\/dailynewshungary.com\/de\/justizminister-fordert-verfassungsrechtlichen-dialog-im-vorfeld-des-eu-affarenministertreffens\/"},"modified":"2023-07-11T09:35:18","modified_gmt":"2023-07-11T07:35:18","slug":"justizminister-fordert-verfassungsrechtlichen-dialog-im-vorfeld-des-eu-affarenministertreffens","status":"publish","type":"post","link":"https:\/\/dailynewshungary.com\/de\/justizminister-fordert-verfassungsrechtlichen-dialog-im-vorfeld-des-eu-affarenministertreffens\/","title":{"rendered":"Justizminister fordert \u2018verfassungsrechtlichen Dialog\u2019 im Vorfeld des EU-Aff\u00e4renministertreffens"},"content":{"rendered":"<p><strong>Die Debatte \u00fcber Rechtsstaatlichkeit k\u00f6nne nur vorankommen, wenn der \u201cpolitisch motivierte Diskurs\u201d in der Europ\u00e4ischen Union durch einen \u201cunvoreingenommenen, internationalen Verfassungsdialog\u201d ersetzt werde, sagte Ungarns Justizminister MTI vor einem Treffen der EU-Aff\u00e4rentsminister am Montag in Br\u00fcssel.<\/strong><\/p>\n<p>\u201cDie EU misst in dieser Frage bedauerlicherweise weiterhin mit zweierlei Ma\u00df\u201d, sagte Judit Varga.<\/p>\n<p>Zur Tagesordnung des Treffens sagte sie, die Staats &#8211; und Regierungschefs der Mitgliedstaaten h\u00e4tten eine \u00dcberpr\u00fcfung des langfristigen Haushalts des Blocks im Jahr 2020 ausgeschlossenDie <a href=\"https:\/\/dailynewshungary.com\/de\/der-grose-britische-zuguberfall-wie-eine-15-kopfige-bande-1963-26-millionen-pfund-stahl\/\" target=\"_blank\" rel=\"noopener\">Europ\u00e4ische Kommission<\/a> \u201eDiese Entscheidung wurde ignoriert, als es bereits um weitere Mittel bat\u201c\u201eaber nicht erkl\u00e4ren kann, warum das Geld aufgebraucht ist\u201d, sagte Varga.<\/p>\n<p>Das \u00c4nderungspaket enth\u00e4lt 50 Milliarden Euro, die f\u00fcr die Unterst\u00fctzung vorgesehen sind <a href=\"https:\/\/dailynewshungary.com\/de\/der-grose-britische-zuguberfall-wie-eine-15-kopfige-bande-1963-26-millionen-pfund-stahl\/\" target=\"_blank\" rel=\"noopener\">Ukraine<\/a> In den n\u00e4chsten vier Jahren, allerdings ohne zu kl\u00e4ren, wie viel dieser Gelder als Hilfe und wie viel als Darlehen bereitgestellt w\u00fcrden, sagte sie.<\/p>\n<p>Die EG habe au\u00dferdem weitere Zahlungen der Mitgliedstaaten f\u00fcr Verwaltungskosten beantragt, \u201eauch wenn von den Mitgliedstaaten erwartet wird, dass sie die Last der Inflation tragen, die durch die Sanktionen gegen Russland und die wirtschaftlichen Herausforderungen einer Energiekrise verursacht wird, f\u00fcgte der Minister hinzu.<\/p>\n<p>Gleichzeitig sagte Varga, \u201cder schwerste Fehler im Prinzip\u201d sei, dass die Mittel zu einer Zeit angefordert w\u00fcrden, als einige Mitgliedstaaten, darunter Ungarn, noch keine Mittel aus der Resilienz- und Wiederherstellungsfinanzierung erhalten h\u00e4tten.<\/p>\n<p><a href=\"https:\/\/dailynewshungary.com\/de\/der-grose-britische-zuguberfall-wie-eine-15-kopfige-bande-1963-26-millionen-pfund-stahl\/\" target=\"_blank\" rel=\"noopener\">Ungarn<\/a> Solidarit\u00e4t zeigte, als es die w\u00e4hrend der Coronavirus-Pandemie gemeinsam aufgenommenen Kredite der Mitgliedsstaaten ratifizierte, \u201cvon denen das Land aus erfundenen Gr\u00fcnden keinen Cent erhalten hat\u201d, sagte sie.<\/p>\n<p>Dieses Problem m\u00fcsse angegangen werden, bevor die EU in anderen Angelegenheiten fortfahren k\u00f6nne, sagte Varga.<\/p>\n<p>Unterdessen d\u00fcrfe die EU keine Entscheidungen treffen, die die Mitgliedstaaten zu Gro\u00dffinanzierungen verpflichten, ohne die Details aufzukl\u00e4ren, sagte sie.<\/p>\n","protected":false},"excerpt":{"rendered":"<p>Die Debatte \u00fcber Rechtsstaatlichkeit k\u00f6nne nur vorankommen, wenn der \u201cpolitisch motivierte Diskurs\u201d in der Europ\u00e4ischen Union durch einen \u201cunvoreingenommenen, internationalen Verfassungsdialog\u201d ersetzt werde, sagte Ungarns Justizminister MTI vor einem Treffen der EU-Aff\u00e4rentsminister am Montag in Br\u00fcssel. \u201cDie EU misst in dieser Frage bedauerlicherweise weiterhin mit zweierlei Ma\u00df\u201d, sagte Judit Varga. Zur Tagesordnung des Treffens sagte [&hellip;]<\/p>\n","protected":false},"author":33,"featured_media":673271,"comment_status":"open","ping_status":"open","sticky":false,"template":"","format":"standard","meta":{"_acf_changed":false,"_display_image":"yes","footnotes":""},"categories":[1081],"tags":[1426,1082,1092,1076],"class_list":["post-673270","post","type-post","status-publish","format-standard","has-post-thumbnail","hentry","category-politik","tag-europaische-kommission","tag-europaische-union","tag-ukraine","tag-ungarn"],"blocksy_meta":[],"acf":[],"author_username":"ugyelet","telegram_post":"","public_post_metadata":{"breaking_news":"yes","important":"no","csempe":"no","center_tile":"no","disable_thumbnail":"no","target_lang":"","_featured_image_style":"hidden","telegram_post":"","_xlat_group_id":""},"public_rank_math_data":{"title":"%title% %sep% %sitename%","description":"Die Debatte \u00fcber Rechtsstaatlichkeit kann nur vorankommen, wenn der \"politisch motivierte Diskurs\" in der Europ\u00e4ischen Union durch einen \"unvoreingenommenen, internationalen Verfassungsdialog\" ersetzt wird","focus_keyword":"EU","canonical_url":"","robots":"","primary_category":"1081","breadcrumb_title":"","facebook_title":"","facebook_description":"","facebook_image":"","facebook_image_id":"","twitter_title":"","twitter_description":"","twitter_image":"","twitter_image_id":"","twitter_card_type":"","twitter_use_facebook":"","advanced_robots":"","pillar_content":"","seo_score":"59","contentai_score":"","rich_snippet":""},"_links":{"self":[{"href":"https:\/\/dailynewshungary.com\/de\/wp-json\/wp\/v2\/posts\/673270","targetHints":{"allow":["GET"]}}],"collection":[{"href":"https:\/\/dailynewshungary.com\/de\/wp-json\/wp\/v2\/posts"}],"about":[{"href":"https:\/\/dailynewshungary.com\/de\/wp-json\/wp\/v2\/types\/post"}],"author":[{"embeddable":true,"href":"https:\/\/dailynewshungary.com\/de\/wp-json\/wp\/v2\/users\/33"}],"replies":[{"embeddable":true,"href":"https:\/\/dailynewshungary.com\/de\/wp-json\/wp\/v2\/comments?post=673270"}],"version-history":[{"count":0,"href":"https:\/\/dailynewshungary.com\/de\/wp-json\/wp\/v2\/posts\/673270\/revisions"}],"wp:featuredmedia":[{"embeddable":true,"href":"https:\/\/dailynewshungary.com\/de\/wp-json\/wp\/v2\/media\/673271"}],"wp:attachment":[{"href":"https:\/\/dailynewshungary.com\/de\/wp-json\/wp\/v2\/media?parent=673270"}],"wp:term":[{"taxonomy":"category","embeddable":true,"href":"https:\/\/dailynewshungary.com\/de\/wp-json\/wp\/v2\/categories?post=673270"},{"taxonomy":"post_tag","embeddable":true,"href":"https:\/\/dailynewshungary.com\/de\/wp-json\/wp\/v2\/tags?post=673270"}],"curies":[{"name":"wp","href":"https:\/\/api.w.org\/{rel}","templated":true}]}}