{"id":673560,"date":"2023-07-03T11:40:31","date_gmt":"2023-07-03T09:40:31","guid":{"rendered":"https:\/\/dailynewshungary.com\/de\/orban-regierung-benennt-minister-der-fur-eu-angelegenheiten-zustandig-ist\/"},"modified":"2023-07-03T11:40:31","modified_gmt":"2023-07-03T09:40:31","slug":"orban-regierung-benennt-minister-der-fur-eu-angelegenheiten-zustandig-ist","status":"publish","type":"post","link":"https:\/\/dailynewshungary.com\/de\/orban-regierung-benennt-minister-der-fur-eu-angelegenheiten-zustandig-ist\/","title":{"rendered":"Orb\u00e1n-Regierung benennt Minister, der f\u00fcr EU-Angelegenheiten zust\u00e4ndig ist"},"content":{"rendered":"<p><strong>J\u00e1nos B\u00f3ka, der Staatssekret\u00e4r f\u00fcr Angelegenheiten der Europ\u00e4ischen Union des Justizministeriums, sei ab dem 1. August als Minister f\u00fcr EU-Angelegenheiten gewonnen worden, sagte der Leiter des B\u00fcros des Premierministers am Montag.<\/strong><\/p>\n<p>Letzte Woche tritt Judit Varga, ungarischer Justizminister, zur\u00fcck <a href=\"https:\/\/dailynewshungary.com\/de\/judit-varga-ungarischer-justizminister-tritt-zuruck-und-updated\/\">Details HIER<\/a>. Gergely Guly\u00e1s sagte, Premierminister Viktor Orb\u00e1n habe mit Bence Tuzson, dem k\u00fcnftigen Justizminister, vereinbart, dass er ein \u201csauberes\u201d Justizministerium leiten werde, und daher habe Premierminister Viktor Orb\u00e1n die Leitung von \u00fcbertragen <a href=\"https:\/\/dailynewshungary.com\/de\/der-grose-britische-zuguberfall-wie-eine-15-kopfige-bande-1963-26-millionen-pfund-stahl\/\">EU<\/a> Angelegenheiten an J\u00e1nos B\u00f3ka, den Staatsminister f\u00fcr Justiz, der diesen Bereich als Minister leiten wird.<\/p>\n<p>Boka werde unter anderem f\u00fcr die Zusammenarbeit mit Ungarns Verb\u00fcndeten und anderen Ministerien w\u00e4hrend der Vorbereitung Ungarns auf die \u00dcbernahme der rotierenden Pr\u00e4sidentschaft im zweiten Halbjahr 2024 verantwortlich sein, sagte Gergely Guly\u00e1s.<\/p>\n<p>Premierminister Viktor Orb\u00e1n werde Pr\u00e4sident Katalin Nov\u00e1k vorschlagen, B\u00f3ka ab dem 1. August zu ernennen, f\u00fcgte er hinzu.<\/p>\n<p>Wie wir am Freitag schrieben, sagte Orb\u00e1n in Br\u00fcssel, dass die Chance, dass die Staats- und Regierungschefs der EU-Mitgliedstaaten die Haushalts\u00e4nderungsvorschl\u00e4ge der Europ\u00e4ischen Kommission akzeptieren, nahe bei Null liege <a href=\"https:\/\/dailynewshungary.com\/de\/orban-brussel-will-aus-geld-die-ungarischen-stromausfalle-abschaffen\/\">Details HIER<\/a>.<\/p>\n","protected":false},"excerpt":{"rendered":"<p>J\u00e1nos B\u00f3ka, der Staatssekret\u00e4r f\u00fcr Angelegenheiten der Europ\u00e4ischen Union des Justizministeriums, sei ab dem 1. August als Minister f\u00fcr EU-Angelegenheiten gewonnen worden, sagte der Leiter des B\u00fcros des Premierministers am Montag. Letzte Woche tritt Judit Varga, ungarischer Justizminister, zur\u00fcck Details HIER. Gergely Guly\u00e1s sagte, Premierminister Viktor Orb\u00e1n habe mit Bence Tuzson, dem k\u00fcnftigen Justizminister, vereinbart, [&hellip;]<\/p>\n","protected":false},"author":2,"featured_media":673561,"comment_status":"open","ping_status":"open","sticky":false,"template":"","format":"standard","meta":{"_acf_changed":false,"_display_image":"yes","footnotes":""},"categories":[1081],"tags":[1082,1102,1076],"class_list":["post-673560","post","type-post","status-publish","format-standard","has-post-thumbnail","hentry","category-politik","tag-europaische-union","tag-ungarische-regierung","tag-ungarn"],"blocksy_meta":[],"acf":[],"author_username":"alk","telegram_post":"","public_post_metadata":{"breaking_news":"yes","important":"no","csempe":"no","center_tile":"no","disable_thumbnail":"no","target_lang":"","_featured_image_style":"hidden","telegram_post":"","_xlat_group_id":""},"public_rank_math_data":{"title":"%title% %sep% %sitename%","description":"Der neue Minister wird f\u00fcr #EU-Angelegenheiten, die Zusammenarbeit mit Ungarns Verb\u00fcndeten und die anderen Themen verantwortlich sein...","focus_keyword":"EU-angelegenheiten","canonical_url":"","robots":"","primary_category":"1081","breadcrumb_title":"","facebook_title":"","facebook_description":"","facebook_image":"","facebook_image_id":"","twitter_title":"","twitter_description":"","twitter_image":"","twitter_image_id":"","twitter_card_type":"","twitter_use_facebook":"","advanced_robots":"","pillar_content":"","seo_score":"60","contentai_score":"","rich_snippet":""},"_links":{"self":[{"href":"https:\/\/dailynewshungary.com\/de\/wp-json\/wp\/v2\/posts\/673560","targetHints":{"allow":["GET"]}}],"collection":[{"href":"https:\/\/dailynewshungary.com\/de\/wp-json\/wp\/v2\/posts"}],"about":[{"href":"https:\/\/dailynewshungary.com\/de\/wp-json\/wp\/v2\/types\/post"}],"author":[{"embeddable":true,"href":"https:\/\/dailynewshungary.com\/de\/wp-json\/wp\/v2\/users\/2"}],"replies":[{"embeddable":true,"href":"https:\/\/dailynewshungary.com\/de\/wp-json\/wp\/v2\/comments?post=673560"}],"version-history":[{"count":0,"href":"https:\/\/dailynewshungary.com\/de\/wp-json\/wp\/v2\/posts\/673560\/revisions"}],"wp:featuredmedia":[{"embeddable":true,"href":"https:\/\/dailynewshungary.com\/de\/wp-json\/wp\/v2\/media\/673561"}],"wp:attachment":[{"href":"https:\/\/dailynewshungary.com\/de\/wp-json\/wp\/v2\/media?parent=673560"}],"wp:term":[{"taxonomy":"category","embeddable":true,"href":"https:\/\/dailynewshungary.com\/de\/wp-json\/wp\/v2\/categories?post=673560"},{"taxonomy":"post_tag","embeddable":true,"href":"https:\/\/dailynewshungary.com\/de\/wp-json\/wp\/v2\/tags?post=673560"}],"curies":[{"name":"wp","href":"https:\/\/api.w.org\/{rel}","templated":true}]}}