{"id":673592,"date":"2023-07-02T09:34:35","date_gmt":"2023-07-02T07:34:35","guid":{"rendered":"https:\/\/dailynewshungary.com\/de\/sprecher-anti-christentum-totet-europa\/"},"modified":"2023-07-02T09:34:35","modified_gmt":"2023-07-02T07:34:35","slug":"sprecher-anti-christentum-totet-europa","status":"publish","type":"post","link":"https:\/\/dailynewshungary.com\/de\/sprecher-anti-christentum-totet-europa\/","title":{"rendered":"Sprecher: Anti-Christentum t\u00f6tet Europa"},"content":{"rendered":"<p><strong>Das Christentum habe Europa seit zweitausend Jahren am Leben erhalten, w\u00e4hrend die Leugnung des Christentums und das Antichristentum es zunichte machen, sagte Parlamentspr\u00e4sident L\u00e1szl\u00f3 K\u00f6v\u00e9r am Freitag bei einem Gottesdienst in Brasov (Brass\u00f3) in Zentralrum\u00e4nien.<\/strong><\/p>\n<p>\u201cDas Christentum war die kulturelle und politische Wiege der Nationen und Staaten Europas, darunter Ungarn, Deutsche und <a href=\"https:\/\/dailynewshungary.com\/de\/der-grose-britische-zuguberfall-wie-eine-15-kopfige-bande-1963-26-millionen-pfund-stahl\/\">Rum\u00e4nen<\/a>\u2018sagte\u201d K\u00f6v\u00e9r in einer Rede am Er\u00f6ffnungstag der zweiten Wallfahrt des Burzenlandes und <a href=\"https:\/\/dailynewshungary.com\/de\/der-grose-britische-zuguberfall-wie-eine-15-kopfige-bande-1963-26-millionen-pfund-stahl\/\">Siebenb\u00fcrgisch<\/a> S\u00e4chsische Cs\u00e1ng\u00f3-Ungarn \u201cDaaus folgt, dass die Leugnung des Christentums und des Antichristentums f\u00fcr uns alle ein kultureller und politischer Sarg sein wird\u201d, f\u00fcgte der Redner, der Hauptpatron der Veranstaltung ist, hinzu.<\/p>\n<p>Dezs. Adorj\u00e1ni, Bischof der Evangelisch-Lutherischen Kirche Rum\u00e4niens und Organisator der Pilgerfahrt, sagte, der Gottesdienst sei f\u00fcr ungarische Lutheraner eine M\u00f6glichkeit gewesen, dem lutherischen Reformator Johannes Honter zu danken und sich an ihre jahrhundertelange gemeinsame Geschichte mit den Sachsen zu erinnern.<\/p>\n","protected":false},"excerpt":{"rendered":"<p>Das Christentum habe Europa seit zweitausend Jahren am Leben erhalten, w\u00e4hrend die Leugnung des Christentums und das Antichristentum es zunichte machen, sagte Parlamentspr\u00e4sident L\u00e1szl\u00f3 K\u00f6v\u00e9r am Freitag bei einem Gottesdienst in Brasov (Brass\u00f3) in Zentralrum\u00e4nien. \u201cDas Christentum war die kulturelle und politische Wiege der Nationen und Staaten Europas, darunter Ungarn, Deutsche und Rum\u00e4nen\u2018sagte\u201d K\u00f6v\u00e9r in [&hellip;]<\/p>\n","protected":false},"author":50,"featured_media":673593,"comment_status":"open","ping_status":"open","sticky":false,"template":"","format":"standard","meta":{"_acf_changed":false,"_display_image":"yes","footnotes":""},"categories":[1101],"tags":[1125,1746,1425,1102,1076],"class_list":["post-673592","post","type-post","status-publish","format-standard","has-post-thumbnail","hentry","category-flashnews","tag-geschichte","tag-hausredner","tag-rumanien","tag-ungarische-regierung","tag-ungarn"],"blocksy_meta":[],"acf":[],"author_username":"dnh","telegram_post":"","public_post_metadata":{"breaking_news":"yes","important":"no","csempe":"no","center_tile":"no","disable_thumbnail":"no","target_lang":"","_featured_image_style":"hidden","telegram_post":"","_xlat_group_id":""},"public_rank_math_data":{"title":"%title% %sep% %sitename%","description":"Das Christentum habe Europa seit zweitausend Jahren am Leben erhalten, w\u00e4hrend die Leugnung des Christentums und das Antichristentum es zunichte machten, sagte er","focus_keyword":"Europa","canonical_url":"","robots":"","primary_category":"1101","breadcrumb_title":"","facebook_title":"","facebook_description":"","facebook_image":"","facebook_image_id":"","twitter_title":"","twitter_description":"","twitter_image":"","twitter_image_id":"","twitter_card_type":"","twitter_use_facebook":"","advanced_robots":"","pillar_content":"","seo_score":"","contentai_score":"","rich_snippet":""},"_links":{"self":[{"href":"https:\/\/dailynewshungary.com\/de\/wp-json\/wp\/v2\/posts\/673592","targetHints":{"allow":["GET"]}}],"collection":[{"href":"https:\/\/dailynewshungary.com\/de\/wp-json\/wp\/v2\/posts"}],"about":[{"href":"https:\/\/dailynewshungary.com\/de\/wp-json\/wp\/v2\/types\/post"}],"author":[{"embeddable":true,"href":"https:\/\/dailynewshungary.com\/de\/wp-json\/wp\/v2\/users\/50"}],"replies":[{"embeddable":true,"href":"https:\/\/dailynewshungary.com\/de\/wp-json\/wp\/v2\/comments?post=673592"}],"version-history":[{"count":0,"href":"https:\/\/dailynewshungary.com\/de\/wp-json\/wp\/v2\/posts\/673592\/revisions"}],"wp:featuredmedia":[{"embeddable":true,"href":"https:\/\/dailynewshungary.com\/de\/wp-json\/wp\/v2\/media\/673593"}],"wp:attachment":[{"href":"https:\/\/dailynewshungary.com\/de\/wp-json\/wp\/v2\/media?parent=673592"}],"wp:term":[{"taxonomy":"category","embeddable":true,"href":"https:\/\/dailynewshungary.com\/de\/wp-json\/wp\/v2\/categories?post=673592"},{"taxonomy":"post_tag","embeddable":true,"href":"https:\/\/dailynewshungary.com\/de\/wp-json\/wp\/v2\/tags?post=673592"}],"curies":[{"name":"wp","href":"https:\/\/api.w.org\/{rel}","templated":true}]}}