{"id":674049,"date":"2023-06-20T14:34:48","date_gmt":"2023-06-20T12:34:48","guid":{"rendered":"https:\/\/dailynewshungary.com\/de\/in-ungarn-wird-mit-einem-erhohten-militarfahrzeugverkehr-gerechnet-hier-ist\/"},"modified":"2023-06-20T14:34:48","modified_gmt":"2023-06-20T12:34:48","slug":"in-ungarn-wird-mit-einem-erhohten-militarfahrzeugverkehr-gerechnet-hier-ist","status":"publish","type":"post","link":"https:\/\/dailynewshungary.com\/de\/in-ungarn-wird-mit-einem-erhohten-militarfahrzeugverkehr-gerechnet-hier-ist\/","title":{"rendered":"In Ungarn wird mit einem erh\u00f6hten Milit\u00e4rfahrzeugverkehr gerechnet: Hier ist"},"content":{"rendered":"<p><strong>Laut einer Erkl\u00e4rung des Verteidigungsministeriums wird in Ungarn mit einem erh\u00f6hten Verkehr mit Milit\u00e4rfahrzeugen gerechnet.<\/strong><\/p>\n<h2>Milit\u00e4rfahrzeugverkehr<\/h2>\n<p>In der Erkl\u00e4rung erinnert das Ministerium die \u00d6ffentlichkeit daran, dass das Hauptquartier Multinationales Divisionszentrum (HQ MND-C) und sein unterst\u00fctzendes Element in Szekesfeh\u00e9rv\u00e1r eine internationale \u00dcbung \u201cStarke Bastion 23\u201d durchf\u00fchren werdenEs wird erwartet, dass der Verkehr mit Milit\u00e4rfahrzeugen auf der<\/p>\n<blockquote>\n<p>Szekesfeferv\u00e1rba Regia-Kaserne, Grenz\u00fcbergangsroute Al-Elete zwischen dem 19-30. Juni 2023.<\/p>\n<\/blockquote>\n<p>Die Konvois bestehen unter anderem aus Milit\u00e4rcontainer-Lastwagen und -Ladern, Milit\u00e4rlastwagen und SUVs, gepanzerten Kampffahrzeugen, leichten Infanteriefahrzeugen und Milit\u00e4rbussen mit Milit\u00e4rpolizeieskorte <a href=\"https:\/\/www.portfolio.hu\/global\/20230619\/megnovekedett-katonai-jarmuforgalomra-kell-szamitani-magyarorszagon-622634\" target=\"_blank\" rel=\"noopener\">Portfolio<\/a> Berichten.<\/p>\n<h2>WICHTIG!<\/h2>\n<p>Die <a href=\"https:\/\/dailynewshungary.com\/de\/der-grose-britische-zuguberfall-wie-eine-15-kopfige-bande-1963-26-millionen-pfund-stahl\/\">Ungarische Verteidigungskr\u00e4fte<\/a> Fahrer auffordert, sich zu n\u00e4hern <a href=\"https:\/\/dailynewshungary.com\/de\/der-grose-britische-zuguberfall-wie-eine-15-kopfige-bande-1963-26-millionen-pfund-stahl\/\">Milit\u00e4rfahrzeuge<\/a> Mit der gebotenen Vorsicht und unter Beachtung der Verkehrsregeln, da sich ihre Gr\u00f6\u00dfe und Geschwindigkeit, sowie L\u00e4nge und Fortschritt der Konvois von der \u00fcblichen Art des allt\u00e4glichen Stra\u00dfenverkehrs unterscheiden.<\/p>\n<p>Zivile Fahrzeuge d\u00fcrfen nicht in den geschlossenen Konvoi einfahren Somit werden Begleitfahrzeuge eingesetzt, um die Durchfahrt von Fahrzeugen zu gew\u00e4hrleisten, Fahrer werden gebeten, unter Ber\u00fccksichtigung der aktuellen Stra\u00dfen, Wetter &#8211; und Sichtverh\u00e4ltnisse in der N\u00e4he von Milit\u00e4rkonvois zu fahren.<\/p>\n<p><em>Ausgew\u00e4hlte Bild: Illustration<\/em><\/p>\n","protected":false},"excerpt":{"rendered":"<p>Laut einer Erkl\u00e4rung des Verteidigungsministeriums wird in Ungarn mit einem erh\u00f6hten Verkehr mit Milit\u00e4rfahrzeugen gerechnet. Milit\u00e4rfahrzeugverkehr In der Erkl\u00e4rung erinnert das Ministerium die \u00d6ffentlichkeit daran, dass das Hauptquartier Multinationales Divisionszentrum (HQ MND-C) und sein unterst\u00fctzendes Element in Szekesfeh\u00e9rv\u00e1r eine internationale \u00dcbung \u201cStarke Bastion 23\u201d durchf\u00fchren werdenEs wird erwartet, dass der Verkehr mit Milit\u00e4rfahrzeugen auf der [&hellip;]<\/p>\n","protected":false},"author":62,"featured_media":674050,"comment_status":"open","ping_status":"open","sticky":false,"template":"","format":"standard","meta":{"_acf_changed":false,"_display_image":"","footnotes":""},"categories":[1081],"tags":[1203,1249,1204,1076],"class_list":["post-674049","post","type-post","status-publish","format-standard","has-post-thumbnail","hentry","category-politik","tag-armee","tag-frankreich","tag-militar","tag-ungarn"],"blocksy_meta":[],"acf":[],"author_username":"hmercedesz","telegram_post":"","public_post_metadata":{"breaking_news":"yes","important":"no","csempe":"no","center_tile":"no","disable_thumbnail":"no","target_lang":"","_featured_image_style":"","telegram_post":"","_xlat_group_id":""},"public_rank_math_data":{"title":"%title% %sep% %sitename%","description":"Laut einer Erkl\u00e4rung des Verteidigungsministeriums wird in Ungarn mit einem erh\u00f6hten Verkehr mit Milit\u00e4rfahrzeugen gerechnet.","focus_keyword":"Milit\u00e4rfahrzeug","canonical_url":"","robots":"","primary_category":"1081","breadcrumb_title":"","facebook_title":"","facebook_description":"","facebook_image":"","facebook_image_id":"","twitter_title":"","twitter_description":"","twitter_image":"","twitter_image_id":"","twitter_card_type":"","twitter_use_facebook":"","advanced_robots":"","pillar_content":"","seo_score":"73","contentai_score":"","rich_snippet":""},"_links":{"self":[{"href":"https:\/\/dailynewshungary.com\/de\/wp-json\/wp\/v2\/posts\/674049","targetHints":{"allow":["GET"]}}],"collection":[{"href":"https:\/\/dailynewshungary.com\/de\/wp-json\/wp\/v2\/posts"}],"about":[{"href":"https:\/\/dailynewshungary.com\/de\/wp-json\/wp\/v2\/types\/post"}],"author":[{"embeddable":true,"href":"https:\/\/dailynewshungary.com\/de\/wp-json\/wp\/v2\/users\/62"}],"replies":[{"embeddable":true,"href":"https:\/\/dailynewshungary.com\/de\/wp-json\/wp\/v2\/comments?post=674049"}],"version-history":[{"count":0,"href":"https:\/\/dailynewshungary.com\/de\/wp-json\/wp\/v2\/posts\/674049\/revisions"}],"wp:featuredmedia":[{"embeddable":true,"href":"https:\/\/dailynewshungary.com\/de\/wp-json\/wp\/v2\/media\/674050"}],"wp:attachment":[{"href":"https:\/\/dailynewshungary.com\/de\/wp-json\/wp\/v2\/media?parent=674049"}],"wp:term":[{"taxonomy":"category","embeddable":true,"href":"https:\/\/dailynewshungary.com\/de\/wp-json\/wp\/v2\/categories?post=674049"},{"taxonomy":"post_tag","embeddable":true,"href":"https:\/\/dailynewshungary.com\/de\/wp-json\/wp\/v2\/tags?post=674049"}],"curies":[{"name":"wp","href":"https:\/\/api.w.org\/{rel}","templated":true}]}}