{"id":674055,"date":"2023-06-20T13:04:30","date_gmt":"2023-06-20T11:04:30","guid":{"rendered":"https:\/\/dailynewshungary.com\/de\/video-norweger-plante-massenmord-in-budapest-verhaftet-von-der-polizei\/"},"modified":"2023-06-20T13:04:30","modified_gmt":"2023-06-20T11:04:30","slug":"video-norweger-plante-massenmord-in-budapest-verhaftet-von-der-polizei","status":"publish","type":"post","link":"https:\/\/dailynewshungary.com\/de\/video-norweger-plante-massenmord-in-budapest-verhaftet-von-der-polizei\/","title":{"rendered":"VIDEO: Norweger plante Massenmord in Budapest, verhaftet von der Polizei"},"content":{"rendered":"<p><strong>Ein in Budapest lebender norwegischer Staatsb\u00fcrger wurde letzte Woche von Mitgliedern der TEK-Terrorabwehreinheit festgenommen, die verd\u00e4chtigt wurden, einen Terroranschlag vorbereitet zu haben, teilte die Polizei am Dienstag mit.hu.<\/strong><\/p>\n<p>Das Nationale Ermittlungsb\u00fcro der ungarischen Schnellreaktionspolizei wurde von TEK darauf aufmerksam gemacht, dass der 45-j\u00e4hrige Mann mehrere Videos auf eine Video-Sharing-Website hochgeladen hatte, aus denen hervorgeht, dass er einen Amoklauf plante. In den Videos sprach er im Allgemeinen auf Norwegisch, obwohl er Drohungen auch auf Englisch aussprach.<\/p>\n<p><iframe loading=\"lazy\" title=\"Breivik-et akarta t\u00falsz\u00e1rnyalni - TEK vide\u00f3\" width=\"1480\" height=\"833\" src=\"https:\/\/www.youtube.com\/embed\/CDhpTgXMumk?feature=oembed\" frameborder=\"0\" allow=\"accelerometer; autoplay; clipboard-write; encrypted-media; gyroscope; picture-in-picture; web-share\" referrerpolicy=\"strict-origin-when-cross-origin\" allowfullscreen=\"\"><\/iframe><\/p>\n<p>Die ungarischen Ermittler kontaktierten <a href=\"https:\/\/dailynewshungary.com\/de\/der-grose-britische-zuguberfall-wie-eine-15-kopfige-bande-1963-26-millionen-pfund-stahl\/\">Norwegische Polizei<\/a> und ihnen wurde mitgeteilt, dass der Mann in seinem Heimatland mehrfach wegen verschiedener Gewalt &#8211; und Sexualverbrechen verurteilt worden sei.<\/p>\n<p>Er wurde in seinem gemieteten Haus festgenommen <a href=\"https:\/\/dailynewshungary.com\/de\/der-grose-britische-zuguberfall-wie-eine-15-kopfige-bande-1963-26-millionen-pfund-stahl\/\">Budapest<\/a> Letzten Mittwoch, und <a href=\"https:\/\/dailynewshungary.com\/de\/der-grose-britische-zuguberfall-wie-eine-15-kopfige-bande-1963-26-millionen-pfund-stahl\/\">Polizei<\/a> Bei einer Hausdurchsuchung gefundener Computer und zugeh\u00f6rige Ausr\u00fcstung.<\/p>\n<p>Das Gericht ordnete seine Festnahme am Samstag an und er wurde in die Obhut des Judicial Observation and Psychiatric Institute (IMEI) gegeben, teilte Polizei.hu mit.<\/p>\n<p><iframe loading=\"lazy\" title=\"Breivik-et akarta t\u00falsz\u00e1rnyalni\" width=\"1480\" height=\"833\" src=\"https:\/\/www.youtube.com\/embed\/oKPgA23k2A0?start=2&amp;feature=oembed\" frameborder=\"0\" allow=\"accelerometer; autoplay; clipboard-write; encrypted-media; gyroscope; picture-in-picture; web-share\" referrerpolicy=\"strict-origin-when-cross-origin\" allowfullscreen=\"\"><\/iframe><\/p>\n","protected":false},"excerpt":{"rendered":"<p>Ein in Budapest lebender norwegischer Staatsb\u00fcrger wurde letzte Woche von Mitgliedern der TEK-Terrorabwehreinheit festgenommen, die verd\u00e4chtigt wurden, einen Terroranschlag vorbereitet zu haben, teilte die Polizei am Dienstag mit.hu. Das Nationale Ermittlungsb\u00fcro der ungarischen Schnellreaktionspolizei wurde von TEK darauf aufmerksam gemacht, dass der 45-j\u00e4hrige Mann mehrere Videos auf eine Video-Sharing-Website hochgeladen hatte, aus denen hervorgeht, dass [&hellip;]<\/p>\n","protected":false},"author":33,"featured_media":674056,"comment_status":"open","ping_status":"open","sticky":false,"template":"","format":"standard","meta":{"_acf_changed":false,"_display_image":"","footnotes":""},"categories":[1101],"tags":[1406,1596,1163,1076,1285],"class_list":["post-674055","post","type-post","status-publish","format-standard","has-post-thumbnail","hentry","category-flashnews","tag-kumpel","tag-norwegen","tag-ungarische-polizei","tag-ungarn","tag-verbrechen"],"blocksy_meta":[],"acf":[],"author_username":"ugyelet","telegram_post":"","public_post_metadata":{"breaking_news":"yes","important":"no","csempe":"no","center_tile":"no","disable_thumbnail":"no","target_lang":"","_featured_image_style":"","telegram_post":"","_xlat_group_id":""},"public_rank_math_data":{"title":"%title% %sep% %sitename%","description":"Ein in Budapest lebender Norweger wurde letzte Woche von der Anti-Terror-Einheit des TEK festgenommen, weil er verd\u00e4chtigt wurde, einen Terroranschlag vorbereitet zu haben.","focus_keyword":"Norwegisch","canonical_url":"","robots":"","primary_category":"1101","breadcrumb_title":"","facebook_title":"","facebook_description":"","facebook_image":"","facebook_image_id":"","twitter_title":"","twitter_description":"","twitter_image":"","twitter_image_id":"","twitter_card_type":"","twitter_use_facebook":"","advanced_robots":"","pillar_content":"","seo_score":"67","contentai_score":"","rich_snippet":""},"_links":{"self":[{"href":"https:\/\/dailynewshungary.com\/de\/wp-json\/wp\/v2\/posts\/674055","targetHints":{"allow":["GET"]}}],"collection":[{"href":"https:\/\/dailynewshungary.com\/de\/wp-json\/wp\/v2\/posts"}],"about":[{"href":"https:\/\/dailynewshungary.com\/de\/wp-json\/wp\/v2\/types\/post"}],"author":[{"embeddable":true,"href":"https:\/\/dailynewshungary.com\/de\/wp-json\/wp\/v2\/users\/33"}],"replies":[{"embeddable":true,"href":"https:\/\/dailynewshungary.com\/de\/wp-json\/wp\/v2\/comments?post=674055"}],"version-history":[{"count":0,"href":"https:\/\/dailynewshungary.com\/de\/wp-json\/wp\/v2\/posts\/674055\/revisions"}],"wp:featuredmedia":[{"embeddable":true,"href":"https:\/\/dailynewshungary.com\/de\/wp-json\/wp\/v2\/media\/674056"}],"wp:attachment":[{"href":"https:\/\/dailynewshungary.com\/de\/wp-json\/wp\/v2\/media?parent=674055"}],"wp:term":[{"taxonomy":"category","embeddable":true,"href":"https:\/\/dailynewshungary.com\/de\/wp-json\/wp\/v2\/categories?post=674055"},{"taxonomy":"post_tag","embeddable":true,"href":"https:\/\/dailynewshungary.com\/de\/wp-json\/wp\/v2\/tags?post=674055"}],"curies":[{"name":"wp","href":"https:\/\/api.w.org\/{rel}","templated":true}]}}