{"id":674209,"date":"2023-06-15T22:05:26","date_gmt":"2023-06-15T20:05:26","guid":{"rendered":"https:\/\/dailynewshungary.com\/de\/ungarische-fm-turkstream-lieferungen-werden-nach-wartung-wieder-aufgenommen\/"},"modified":"2023-06-15T22:05:26","modified_gmt":"2023-06-15T20:05:26","slug":"ungarische-fm-turkstream-lieferungen-werden-nach-wartung-wieder-aufgenommen","status":"publish","type":"post","link":"https:\/\/dailynewshungary.com\/de\/ungarische-fm-turkstream-lieferungen-werden-nach-wartung-wieder-aufgenommen\/","title":{"rendered":"Ungarische FM: T\u00fcrkStream Lieferungen werden nach Wartung wieder aufgenommen"},"content":{"rendered":"<p><strong>Die Lieferungen seien \u00fcber die T\u00fcrkStream-Pipeline nach erfolgreicher j\u00e4hrlicher Wartung wieder aufgenommen worden, teilte der Minister f\u00fcr ausw\u00e4rtige Angelegenheiten und Handel am Donnerstag in St. Petersburg mit und f\u00fcgte hinzu, dass die Winterreserven Ungarns planm\u00e4\u00dfig gef\u00fcllt w\u00fcrden.<\/strong><\/p>\n<p>Der russische Anbieter hat Anfang dieser Woche die Lieferungen wieder aufgenommen und das Volumen ist nun auf dem normalen Niveau <a href=\"https:\/\/dailynewshungary.com\/de\/der-grose-britische-zuguberfall-wie-eine-15-kopfige-bande-1963-26-millionen-pfund-stahl\/\" target=\"_blank\" rel=\"noopener\">P\u00e9ter Szijj\u00e1rt\u00f3<\/a> Sagte. <a href=\"https:\/\/dailynewshungary.com\/de\/der-grose-britische-zuguberfall-wie-eine-15-kopfige-bande-1963-26-millionen-pfund-stahl\/\" target=\"_blank\" rel=\"noopener\">Ungarns<\/a> Die Reserven decken bereits 37 Prozent des Jahresverbrauchs des Landes, gegen\u00fcber einem europ\u00e4ischen Durchschnitt von 21 Prozent, sagte er \u201cEgal wie hart der Winter sein wird, drosseln <a href=\"https:\/\/dailynewshungary.com\/de\/der-grose-britische-zuguberfall-wie-eine-15-kopfige-bande-1963-26-millionen-pfund-stahl\/\" target=\"_blank\" rel=\"noopener\">Gas<\/a> Konsum komme nicht in Frage, \u201cf\u00fcgte er hinzu.<\/p>\n<p>\u201cEs ist an der Zeit, dass jeder versteht, dass die Energieversorgung kein ideologisches oder politisches Thema ist, sondern eine steinharte Realit\u00e4t\u201d, sagte er.<\/p>\n<p>Sollte es von russischen Ressourcen abgeschnitten werden, w\u00e4re Ungarn nicht in der Lage, seinen Energiebedarf zu decken, \u201eund damit eine pragmatische Energiekooperation mit <a href=\"https:\/\/dailynewshungary.com\/de\/der-grose-britische-zuguberfall-wie-eine-15-kopfige-bande-1963-26-millionen-pfund-stahl\/\" target=\"_blank\" rel=\"noopener\">Russland<\/a> In unserem Interesse bleibt, sagte er\u201d Die<a href=\"https:\/\/dailynewshungary.com\/de\/der-grose-britische-zuguberfall-wie-eine-15-kopfige-bande-1963-26-millionen-pfund-stahl\/\" target=\"_blank\" rel=\"noopener\"> Europ\u00e4ischen Union<\/a> Sanktionen erlauben auch eine solche Zusammenarbeit, f\u00fcgte er hinzu.<\/p>\n<p>Szijj\u00e1rt\u00f3 nimmt am Internationalen Wirtschaftsforum in St. Petersburg teil, wo er den stellvertretenden russischen Premierminister Denis Manturov und den Generaldirektor von Rosatom, Alexey Likhachev, treffen soll.<\/p>\n","protected":false},"excerpt":{"rendered":"<p>Die Lieferungen seien \u00fcber die T\u00fcrkStream-Pipeline nach erfolgreicher j\u00e4hrlicher Wartung wieder aufgenommen worden, teilte der Minister f\u00fcr ausw\u00e4rtige Angelegenheiten und Handel am Donnerstag in St. Petersburg mit und f\u00fcgte hinzu, dass die Winterreserven Ungarns planm\u00e4\u00dfig gef\u00fcllt w\u00fcrden. Der russische Anbieter hat Anfang dieser Woche die Lieferungen wieder aufgenommen und das Volumen ist nun auf dem [&hellip;]<\/p>\n","protected":false},"author":33,"featured_media":674210,"comment_status":"open","ping_status":"open","sticky":false,"template":"","format":"standard","meta":{"_acf_changed":false,"_display_image":"yes","footnotes":""},"categories":[1281],"tags":[1470,1396,1082,1209,1200,1076],"class_list":["post-674209","post","type-post","status-publish","format-standard","has-post-thumbnail","hentry","category-geschaft","tag-ausenministerium-fur-ungarn","tag-erdgas","tag-europaische-union","tag-russland","tag-turkei","tag-ungarn"],"blocksy_meta":[],"acf":[],"author_username":"ugyelet","telegram_post":"","public_post_metadata":{"breaking_news":"yes","important":"no","csempe":"no","center_tile":"no","disable_thumbnail":"no","target_lang":"","_featured_image_style":"hidden","telegram_post":"","_xlat_group_id":""},"public_rank_math_data":{"title":"%title% %sep% %sitename%","description":"Die Lieferungen seien \u00fcber die T\u00fcrkStream-Pipeline nach erfolgreicher j\u00e4hrlicher Wartung wieder aufgenommen worden, teilte der Minister f\u00fcr ausw\u00e4rtige Angelegenheiten und Handel mit","focus_keyword":"Ungarisch","canonical_url":"","robots":"","primary_category":"1281","breadcrumb_title":"","facebook_title":"","facebook_description":"","facebook_image":"","facebook_image_id":"","twitter_title":"","twitter_description":"","twitter_image":"","twitter_image_id":"","twitter_card_type":"","twitter_use_facebook":"","advanced_robots":"","pillar_content":"","seo_score":"48","contentai_score":"","rich_snippet":""},"_links":{"self":[{"href":"https:\/\/dailynewshungary.com\/de\/wp-json\/wp\/v2\/posts\/674209","targetHints":{"allow":["GET"]}}],"collection":[{"href":"https:\/\/dailynewshungary.com\/de\/wp-json\/wp\/v2\/posts"}],"about":[{"href":"https:\/\/dailynewshungary.com\/de\/wp-json\/wp\/v2\/types\/post"}],"author":[{"embeddable":true,"href":"https:\/\/dailynewshungary.com\/de\/wp-json\/wp\/v2\/users\/33"}],"replies":[{"embeddable":true,"href":"https:\/\/dailynewshungary.com\/de\/wp-json\/wp\/v2\/comments?post=674209"}],"version-history":[{"count":0,"href":"https:\/\/dailynewshungary.com\/de\/wp-json\/wp\/v2\/posts\/674209\/revisions"}],"wp:featuredmedia":[{"embeddable":true,"href":"https:\/\/dailynewshungary.com\/de\/wp-json\/wp\/v2\/media\/674210"}],"wp:attachment":[{"href":"https:\/\/dailynewshungary.com\/de\/wp-json\/wp\/v2\/media?parent=674209"}],"wp:term":[{"taxonomy":"category","embeddable":true,"href":"https:\/\/dailynewshungary.com\/de\/wp-json\/wp\/v2\/categories?post=674209"},{"taxonomy":"post_tag","embeddable":true,"href":"https:\/\/dailynewshungary.com\/de\/wp-json\/wp\/v2\/tags?post=674209"}],"curies":[{"name":"wp","href":"https:\/\/api.w.org\/{rel}","templated":true}]}}