{"id":674245,"date":"2023-06-14T21:34:14","date_gmt":"2023-06-14T19:34:14","guid":{"rendered":"https:\/\/dailynewshungary.com\/de\/eu-kommissar-rechtswidrige-uberwachung-in-ungarn-inakzeptabel\/"},"modified":"2023-06-14T21:34:14","modified_gmt":"2023-06-14T19:34:14","slug":"eu-kommissar-rechtswidrige-uberwachung-in-ungarn-inakzeptabel","status":"publish","type":"post","link":"https:\/\/dailynewshungary.com\/de\/eu-kommissar-rechtswidrige-uberwachung-in-ungarn-inakzeptabel\/","title":{"rendered":"EU-Kommissar: Rechtswidrige \u00dcberwachung in Ungarn inakzeptabel"},"content":{"rendered":"<p><strong>Auf einer Plenarsitzung des Europ\u00e4ischen Parlaments zum Einsatz von Spionagesoftwares sagte EU-Justizkommissar Didier Reynders, alle Mitgliedstaaten seien verpflichtet, ihre B\u00fcrger vor rechtswidriger staatlicher \u00dcberwachung zu sch\u00fctzen, sowohl in der physischen Realit\u00e4t als auch im Cyberspace.<\/strong><\/p>\n<p>\u201cWir verurteilen Eingriffe in die private Kommunikation, da diese im Widerspruch zu demokratischen Werten stehen und einen Eingriff in die Grundrechte darstellen\u201d, sagte er am Mittwoch vor dem Plenum in Stra\u00dfburg.<\/p>\n<p>Die <a href=\"https:\/\/dailynewshungary.com\/de\/der-grose-britische-zuguberfall-wie-eine-15-kopfige-bande-1963-26-millionen-pfund-stahl\/\">Europ\u00e4ische Kommission<\/a> Er erwarte von allen Mitgliedstaaten, dass sie alle Berichte \u00fcber den Einsatz von Spionagesoftware rigoros \u00fcberpr\u00fcfen, um rechtswidrige Aktivit\u00e4ten zu vermeiden, sagte erWenn die Software unrechtm\u00e4\u00dfig eingesetzt wurde, m\u00fcsse den Opfern die M\u00f6glichkeit gegeben werden, Rechtsbehelfe einzulegen, sagte er.<\/p>\n<p>S\u00e1ndor R\u00f3nai, ein Europaabgeordneter der Opposition <a href=\"https:\/\/dailynewshungary.com\/de\/der-grose-britische-zuguberfall-wie-eine-15-kopfige-bande-1963-26-millionen-pfund-stahl\/\">Demokratische Koalition<\/a> (DK), kritisierte die Behandlung von Spionagesoftwares durch die Orb\u00e1n-Regierung als \u201cBeweis daf\u00fcr, dass [die Regierung] nicht in der Lage ist, sich an die Rechtsstaatlichkeit zu halten\u201d Aufgrund ihres Vorgehens sei die ungarische Inflation im europ\u00e4ischen Vergleich hoch, EU-Gelder w\u00fcrden Ungarn vorenthalten, und die Lebensmittelpreise seien in die H\u00f6he geschossen, sagte erIndes \u201czielt die Regierung auf die letzten \u00dcberreste unabh\u00e4ngiger Medien\u201d und \u00fcberwacht sie mit Spionagesoftware, sagte er.<\/p>\n<p>Momentum-Europaabgeordnete Katalin Cseh sagte, es sei inakzeptabel, dass \u201ceurop\u00e4ische Staaten Milit\u00e4rsoftware zur \u00dcberwachung von Journalisten einsetzen, dass sich die Minister absperren und sich weigern, harte Fragen zu beantworten\u201d Sie forderte ein gemeinsames Vorgehen und eine klare Regelung in dieser Frage.<\/p>\n<p><em>Ausgew\u00e4hlte Bild: Illustration<\/em><\/p>\n","protected":false},"excerpt":{"rendered":"<p>Auf einer Plenarsitzung des Europ\u00e4ischen Parlaments zum Einsatz von Spionagesoftwares sagte EU-Justizkommissar Didier Reynders, alle Mitgliedstaaten seien verpflichtet, ihre B\u00fcrger vor rechtswidriger staatlicher \u00dcberwachung zu sch\u00fctzen, sowohl in der physischen Realit\u00e4t als auch im Cyberspace. \u201cWir verurteilen Eingriffe in die private Kommunikation, da diese im Widerspruch zu demokratischen Werten stehen und einen Eingriff in die [&hellip;]<\/p>\n","protected":false},"author":33,"featured_media":674246,"comment_status":"open","ping_status":"open","sticky":false,"template":"","format":"standard","meta":{"_acf_changed":false,"_display_image":"yes","footnotes":""},"categories":[1081],"tags":[1222,1426,1082,2083,1076],"class_list":["post-674245","post","type-post","status-publish","format-standard","has-post-thumbnail","hentry","category-politik","tag-demokratische-koalition","tag-europaische-kommission","tag-europaische-union","tag-pegasus-spyware-skandal","tag-ungarn"],"blocksy_meta":[],"acf":[],"author_username":"ugyelet","telegram_post":"","public_post_metadata":{"breaking_news":"yes","important":"no","csempe":"no","center_tile":"no","disable_thumbnail":"no","target_lang":"","_featured_image_style":"hidden","telegram_post":"","_xlat_group_id":""},"public_rank_math_data":{"title":"%title% %sep% %sitename%","description":"","focus_keyword":"","canonical_url":"","robots":"","primary_category":"1081","breadcrumb_title":"","facebook_title":"","facebook_description":"","facebook_image":"","facebook_image_id":"","twitter_title":"","twitter_description":"","twitter_image":"","twitter_image_id":"","twitter_card_type":"","twitter_use_facebook":"","advanced_robots":"","pillar_content":"","seo_score":"61","contentai_score":"","rich_snippet":""},"_links":{"self":[{"href":"https:\/\/dailynewshungary.com\/de\/wp-json\/wp\/v2\/posts\/674245","targetHints":{"allow":["GET"]}}],"collection":[{"href":"https:\/\/dailynewshungary.com\/de\/wp-json\/wp\/v2\/posts"}],"about":[{"href":"https:\/\/dailynewshungary.com\/de\/wp-json\/wp\/v2\/types\/post"}],"author":[{"embeddable":true,"href":"https:\/\/dailynewshungary.com\/de\/wp-json\/wp\/v2\/users\/33"}],"replies":[{"embeddable":true,"href":"https:\/\/dailynewshungary.com\/de\/wp-json\/wp\/v2\/comments?post=674245"}],"version-history":[{"count":0,"href":"https:\/\/dailynewshungary.com\/de\/wp-json\/wp\/v2\/posts\/674245\/revisions"}],"wp:featuredmedia":[{"embeddable":true,"href":"https:\/\/dailynewshungary.com\/de\/wp-json\/wp\/v2\/media\/674246"}],"wp:attachment":[{"href":"https:\/\/dailynewshungary.com\/de\/wp-json\/wp\/v2\/media?parent=674245"}],"wp:term":[{"taxonomy":"category","embeddable":true,"href":"https:\/\/dailynewshungary.com\/de\/wp-json\/wp\/v2\/categories?post=674245"},{"taxonomy":"post_tag","embeddable":true,"href":"https:\/\/dailynewshungary.com\/de\/wp-json\/wp\/v2\/tags?post=674245"}],"curies":[{"name":"wp","href":"https:\/\/api.w.org\/{rel}","templated":true}]}}