{"id":674251,"date":"2023-06-14T18:34:21","date_gmt":"2023-06-14T16:34:21","guid":{"rendered":"https:\/\/dailynewshungary.com\/de\/lebensmittel-werden-durch-neue-vorschriften-in-ungarn-teurer\/"},"modified":"2023-06-14T18:34:21","modified_gmt":"2023-06-14T16:34:21","slug":"lebensmittel-werden-durch-neue-vorschriften-in-ungarn-teurer","status":"publish","type":"post","link":"https:\/\/dailynewshungary.com\/de\/lebensmittel-werden-durch-neue-vorschriften-in-ungarn-teurer\/","title":{"rendered":"Lebensmittel werden durch neue Vorschriften in Ungarn teurer"},"content":{"rendered":"<p><strong>Die neue Erweiterte Produzentenverantwortung (EPR) k\u00f6nnte dazu f\u00fchren, dass die Lebensmittelpreise in Ungarn ab Juli um bis zu 4 Prozent steigen.<\/strong><\/p>\n<h2>Erweiterte Herstellerverantwortung f\u00fcr die \u00c4nderung der Produktpreise<\/h2>\n<p>Die neue erweiterte Herstellerverantwortung (EPR), eine Geb\u00fchr auf Verpackungsmaterialien, k\u00f6nnte dazu f\u00fchren <a href=\"https:\/\/dailynewshungary.com\/de\/der-grose-britische-zuguberfall-wie-eine-15-kopfige-bande-1963-26-millionen-pfund-stahl\/\">Lebensmittelpreise<\/a> Anstieg um bis zu 4 Prozent gegen\u00fcber Juli <a href=\"https:\/\/www.agrarszektor.hu\/elelmiszer\/20230614\/juliustol-dragulnak-az-elelmiszerek-az-uj-csomagoloanyag-szabalyozas-miatt-43910\" target=\"_blank\" rel=\"noopener\">Agr\u00e1rszektor<\/a> Berichte. Die neue Belastung betr\u00e4gt ein Mehrfaches der bisherigen Produktbelastung, insgesamt etwa 60 Prozent der <a href=\"https:\/\/dailynewshungary.com\/de\/der-grose-britische-zuguberfall-wie-eine-15-kopfige-bande-1963-26-millionen-pfund-stahl\/\">Lebensmittelindustrie<\/a> Gewinne 2021. Das ist ein <a href=\"https:\/\/dailynewshungary.com\/de\/der-grose-britische-zuguberfall-wie-eine-15-kopfige-bande-1963-26-millionen-pfund-stahl\/\">Kostensteigerung<\/a> Von 120 Milliarden Euro an den Sektor, den er auf jeden Fall weitergeben will.<\/p>\n<p>Im Rahmen des Systems der erweiterten Herstellerverantwortung (EPR) m\u00fcssen Benutzer von Verpackungsmaterialien eine Konzessionsgesellschaft, MOHU, bezahlen <a href=\"https:\/\/dailynewshungary.com\/de\/der-grose-britische-zuguberfall-wie-eine-15-kopfige-bande-1963-26-millionen-pfund-stahl\/\">MOL<\/a> Hullgazd\u00e1lkod\u00e1si Zrt., ein Mitglied der Mol-Gruppe, f\u00fcr den verwendeten Betrag, berichtet das Portal.<\/p>\n<p>Die Frage ist laut Portal, inwieweit die Betreiber ihre Verrechnungspreise angesichts der EPR anheben k\u00f6nnen, w\u00e4hrend kein Zweifel daran besteht, dass kein Verarbeiter in der Lage ist, eine so gro\u00dfe Belastung angesichts des gesamtwirtschaftlichen Klimas aufzufangen, wird erwartet, dass die kapitalst\u00e4rkeren Verarbeiter mit besserer Verhandlungsmacht in dieser Hinsicht gr\u00f6\u00dfere Erfolge erzielen werden.<\/p>\n<p>Es wird erwartet, dass kleinere Akteure, die Lebensmittelverarbeiter im ungarischen KMU-Sektor, diejenigen sein werden, die den Kostenanstieg der Verpackung nicht oder nur teilweise in ihre Verkaufspreise einflie\u00dfen lassen k\u00f6nnen, sagte Attila V\u00f6r\u00f6s, Gesch\u00e4ftsf\u00fchrer des Verbandes verantwortungsvoller Lebensmittelproduzenten (FESZ), dem Zeitungsportal.<\/p>\n<h2>Riesige Preiserh\u00f6hungen in der Branche stehen bevor<\/h2>\n<p>Nach bisherigen Berechnungen der Branche veranschaulichen einige Artikel gut das Ausma\u00df der Belastung, so lag beispielsweise der Preis des bekannten 720-Milliliter-Glases inklusive Deckel und Etikett bisher bei 5 HUF, ab Juli wird er auf 30 HUF steigen.<\/p>\n<p>Bei verschiedenen Verpackungsmaterialtypen werden die k\u00fcnftigen Geb\u00fchren drei &#8211; und manchmal zehnmal h\u00f6her sein als in der Vergangenheit, allgemein gesprochen werden bei den meisten Materialien bald Multiplikatoren von f\u00fcnf bis sechs vorhanden sein.<\/p>\n<p>Angesichts der aktuellen Situation, der erheblichen Kostensteigerung und der Unsicherheiten m\u00f6chte die Industrie, dass das Ministerium die Einf\u00fchrung des neuen Systems hinausz\u00f6gert, bis in den Gespr\u00e4chen zwischen Industrie und Ministerium ein Kompromiss erzielt werden kann.<\/p>\n<p>Wie wir gestern berichteten, hat gerade eine gro\u00dfe Supermarktkette die Preissenkung von 85 ihrer Produkte angek\u00fcndigt Details lesen <a href=\"https:\/\/dailynewshungary.com\/de\/grose-supermarktkette-macht-in-ungarn-eine-massive-ankundigung-fur-den-sommer\/\">HIER<\/a>.<\/p>\n<p><em>Ausgew\u00e4hlte Bild: Illustration<\/em><\/p>\n","protected":false},"excerpt":{"rendered":"<p>Die neue Erweiterte Produzentenverantwortung (EPR) k\u00f6nnte dazu f\u00fchren, dass die Lebensmittelpreise in Ungarn ab Juli um bis zu 4 Prozent steigen. Erweiterte Herstellerverantwortung f\u00fcr die \u00c4nderung der Produktpreise Die neue erweiterte Herstellerverantwortung (EPR), eine Geb\u00fchr auf Verpackungsmaterialien, k\u00f6nnte dazu f\u00fchren Lebensmittelpreise Anstieg um bis zu 4 Prozent gegen\u00fcber Juli Agr\u00e1rszektor Berichte. Die neue Belastung betr\u00e4gt [&hellip;]<\/p>\n","protected":false},"author":62,"featured_media":674252,"comment_status":"open","ping_status":"open","sticky":false,"template":"","format":"standard","meta":{"_acf_changed":false,"_display_image":"yes","footnotes":""},"categories":[1281],"tags":[1118,1489,1175,1206,1076],"class_list":["post-674251","post","type-post","status-publish","format-standard","has-post-thumbnail","hentry","category-geschaft","tag-geld","tag-industrie","tag-lebensmittel","tag-mol","tag-ungarn"],"blocksy_meta":[],"acf":[],"author_username":"hmercedesz","telegram_post":"","public_post_metadata":{"breaking_news":"yes","important":"no","csempe":"no","center_tile":"no","disable_thumbnail":"no","target_lang":"","_featured_image_style":"hidden","telegram_post":"","_xlat_group_id":""},"public_rank_math_data":{"title":"%title% %sep% %sitename%","description":"Die neue Erweiterte Produzentenverantwortung (EPR) wird aller Wahrscheinlichkeit nach ab Juli zu einem Anstieg der Lebensmittelpreise in Ungarn um bis zu 4 Prozent f\u00fchren.","focus_keyword":"Nahrung","canonical_url":"","robots":"","primary_category":"1281","breadcrumb_title":"","facebook_title":"","facebook_description":"","facebook_image":"","facebook_image_id":"","twitter_title":"","twitter_description":"","twitter_image":"","twitter_image_id":"","twitter_card_type":"","twitter_use_facebook":"","advanced_robots":"","pillar_content":"","seo_score":"69","contentai_score":"","rich_snippet":""},"_links":{"self":[{"href":"https:\/\/dailynewshungary.com\/de\/wp-json\/wp\/v2\/posts\/674251","targetHints":{"allow":["GET"]}}],"collection":[{"href":"https:\/\/dailynewshungary.com\/de\/wp-json\/wp\/v2\/posts"}],"about":[{"href":"https:\/\/dailynewshungary.com\/de\/wp-json\/wp\/v2\/types\/post"}],"author":[{"embeddable":true,"href":"https:\/\/dailynewshungary.com\/de\/wp-json\/wp\/v2\/users\/62"}],"replies":[{"embeddable":true,"href":"https:\/\/dailynewshungary.com\/de\/wp-json\/wp\/v2\/comments?post=674251"}],"version-history":[{"count":0,"href":"https:\/\/dailynewshungary.com\/de\/wp-json\/wp\/v2\/posts\/674251\/revisions"}],"wp:featuredmedia":[{"embeddable":true,"href":"https:\/\/dailynewshungary.com\/de\/wp-json\/wp\/v2\/media\/674252"}],"wp:attachment":[{"href":"https:\/\/dailynewshungary.com\/de\/wp-json\/wp\/v2\/media?parent=674251"}],"wp:term":[{"taxonomy":"category","embeddable":true,"href":"https:\/\/dailynewshungary.com\/de\/wp-json\/wp\/v2\/categories?post=674251"},{"taxonomy":"post_tag","embeddable":true,"href":"https:\/\/dailynewshungary.com\/de\/wp-json\/wp\/v2\/tags?post=674251"}],"curies":[{"name":"wp","href":"https:\/\/api.w.org\/{rel}","templated":true}]}}