{"id":674305,"date":"2023-06-13T12:34:24","date_gmt":"2023-06-13T10:34:24","guid":{"rendered":"https:\/\/dailynewshungary.com\/de\/grose-supermarktkette-macht-in-ungarn-eine-massive-ankundigung-fur-den-sommer\/"},"modified":"2023-06-13T12:34:24","modified_gmt":"2023-06-13T10:34:24","slug":"grose-supermarktkette-macht-in-ungarn-eine-massive-ankundigung-fur-den-sommer","status":"publish","type":"post","link":"https:\/\/dailynewshungary.com\/de\/grose-supermarktkette-macht-in-ungarn-eine-massive-ankundigung-fur-den-sommer\/","title":{"rendered":"Gro\u00dfe Supermarktkette macht in Ungarn eine massive Ank\u00fcndigung f\u00fcr den Sommer"},"content":{"rendered":"<p><strong>Aldi Ungarn hat angek\u00fcndigt, die Preise von 85, haupts\u00e4chlich K\u00fchlprodukten, nun deutlich um bis zu 45 Prozent zu senken, au\u00dferdem werde es weiterhin jede Woche mindestens 80 Sonderangebote anbieten, teilte das Unternehmen mitDiese Produkte k\u00f6nnen Kunden sofort zu einem niedrigeren Preis bekommen.<\/strong><\/p>\n<p>In ihrer Stellungnahme weisen sie darauf hin, dass im Juni 120 frische Lebensmittel dauerhaft reduziert werden, obendrein sei seit Montag, 12. Juni, ein Drittel ihres permanenten Milchsortiments g\u00fcnstiger gewordenSie weisen auch darauf hin, dass die <a href=\"https:\/\/dailynewshungary.com\/de\/der-grose-britische-zuguberfall-wie-eine-15-kopfige-bande-1963-26-millionen-pfund-stahl\/\">Supermarktkette<\/a> Wird weiterhin mindestens \u201c80 Sonderangebote jede Woche anbieten, um ungarischen Familien zu einem niedrigeren Preis beim Einkaufen zu helfen\u201d, <a href=\"https:\/\/index.hu\/gazdasag\/2023\/06\/12\/aldi-elelmiszer-elelmiszerarak-kotelezo-akcio-inflacio-elelmiszeripa-relelmiszerar\/\" target=\"_blank\" rel=\"noopener\">Index<\/a> Aussage zitiert.<\/p>\n<p>Ab gestern sind die Preise von 85 <a href=\"https:\/\/dailynewshungary.com\/de\/der-grose-britische-zuguberfall-wie-eine-15-kopfige-bande-1963-26-millionen-pfund-stahl\/\">Produkten<\/a>, haupts\u00e4chlich gek\u00fchlt, wurden um bis zu 45 Prozent deutlich reduziert.<\/p>\n<blockquote>\n<p>Diese Rabatte gelten f\u00fcr gek\u00fchlte Waren, haupts\u00e4chlich normale und eine Reihe laktosefreier Milchprodukte, dazu geh\u00f6ren frische, ESL &#8211; und UHT-Milchprodukte mit unterschiedlichem Fettgehalt, Sauerrahm, Sahne, Kefir, Natur &#8211; und Fruchtjoghurt, Butter, H\u00fcttenk\u00e4se und verschiedene K\u00e4sesorten.<\/p>\n<\/blockquote>\n<p>Sie sagen auch, dass das Unternehmen dank niedrigerer Preise auf dem Einkaufsmarkt die Preise von mehr als 120 gek\u00fchlten Lebensmitteln in den letzten vier Wochen bereits um zwischen 15 und 42 Prozent gesenkt hatDie betroffenen Produkte umfassen Milchprodukte, Backwaren, Aufschnitt, W\u00fcrste, Schinken, Fertiggerichte, verpackte Salate und Kaffeegetr\u00e4nkeDazu hat die Supermarktkette die Preise auf 33 Prozent ihres permanenten Milchsortiments gesenkt.<\/p>\n<p>Einige Beispiele f\u00fcr Preissenkungen mit dem Abzinsungssatz und dem Verbraucherpreis sind die folgenden:<\/p>\n<ul>\n<li>Ungarische (Kok\u00e1rd\u00e1s) UHT-Milch 1,5 Prozent, 1 Liter 30 Prozent, HUF 289<\/li>\n<li>Milfina laktosefreie UHT-Milch 1,5 Prozent, 1 Liter 16 Prozent, HUF 499<\/li>\n<li>Ungarisch (Kok\u00e1rd\u00e1s) UHT-Schwarzcreme 10 Prozent, 180 ml 33 Prozent, HUF 319<\/li>\n<li>Milfina-Kakaomilchstandard\/laktosefrei, 1 Liter 28 Prozent, HUF 699<\/li>\n<li>Milfina laktosefreier Naturjoghurt 3,6 Prozent, 250 Gramm \u2013 40 Prozent, HUF 249<\/li>\n<li>Milfina Kefir 3,5 Prozent Fett, 450 Gramm 27 Prozent, 399 HUF<\/li>\n<li>Ungarischer (Kok\u00e1rd\u00e1s) Naturjoghurt 3 Prozent, 850 Gramm 20 Prozent, HUF 599<\/li>\n<li>&#8230;und noch viele mehr!<\/li>\n<\/ul>\n<p>\u201cWir bleiben den niedrigen Preisen verpflichtet, entsprechend unserem fr\u00fcheren Versprechen werden wir unsere Preise senken, sobald wir die M\u00f6glichkeit dazu haben, in den letzten Wochen haben wir bereits unsere Preise f\u00fcr unsere meistverkauften Backwaren, Milchprodukte und Aufschnitt gesenkt, dank der nachlassenden Inflation und niedrigeren Einkaufspreise\u201d, sagte Bernhard Haider, Landgesch\u00e4ftsf\u00fchrer von Aldi Ungarn, zu den Preissenkungen.<\/p>\n<p>Wie wir gestern berichteten, ver\u00e4ndert sich das Einkaufen in Ungarn ab Juli erheblich. Bargeldabhebung in Gesch\u00e4ften und Preis\u00fcberwachung werden betroffen sein \u2013 lesen Sie Details <a href=\"https:\/\/dailynewshungary.com\/de\/kostenlose-bargeldabhebung-preisuberwachung-einkaufen-wird-in-ungarn-nie-mehr-dasselbe-sein\/\">HIER<\/a>.<\/p>\n","protected":false},"excerpt":{"rendered":"<p>Aldi Ungarn hat angek\u00fcndigt, die Preise von 85, haupts\u00e4chlich K\u00fchlprodukten, nun deutlich um bis zu 45 Prozent zu senken, au\u00dferdem werde es weiterhin jede Woche mindestens 80 Sonderangebote anbieten, teilte das Unternehmen mitDiese Produkte k\u00f6nnen Kunden sofort zu einem niedrigeren Preis bekommen. In ihrer Stellungnahme weisen sie darauf hin, dass im Juni 120 frische Lebensmittel [&hellip;]<\/p>\n","protected":false},"author":62,"featured_media":674306,"comment_status":"open","ping_status":"open","sticky":false,"template":"","format":"standard","meta":{"_acf_changed":false,"_display_image":"yes","footnotes":""},"categories":[1281],"tags":[1166,1473,1076],"class_list":["post-674305","post","type-post","status-publish","format-standard","has-post-thumbnail","hentry","category-geschaft","tag-einkaufen","tag-essen","tag-ungarn"],"blocksy_meta":[],"acf":[],"author_username":"hmercedesz","telegram_post":"","public_post_metadata":{"breaking_news":"yes","important":"no","csempe":"no","center_tile":"no","disable_thumbnail":"no","target_lang":"","_featured_image_style":"hidden","telegram_post":"","_xlat_group_id":""},"public_rank_math_data":{"title":"%title% %sep% %sitename%","description":"Ank\u00fcndigung von Aldi Ungarn: Sie werde die Preise von 85, haupts\u00e4chlich K\u00fchlprodukten, nun deutlich um bis zu 45 Prozent senken.","focus_keyword":"Ank\u00fcndigung","canonical_url":"","robots":"","primary_category":"1281","breadcrumb_title":"","facebook_title":"","facebook_description":"","facebook_image":"","facebook_image_id":"","twitter_title":"","twitter_description":"","twitter_image":"","twitter_image_id":"","twitter_card_type":"","twitter_use_facebook":"","advanced_robots":"","pillar_content":"","seo_score":"56","contentai_score":"","rich_snippet":""},"_links":{"self":[{"href":"https:\/\/dailynewshungary.com\/de\/wp-json\/wp\/v2\/posts\/674305","targetHints":{"allow":["GET"]}}],"collection":[{"href":"https:\/\/dailynewshungary.com\/de\/wp-json\/wp\/v2\/posts"}],"about":[{"href":"https:\/\/dailynewshungary.com\/de\/wp-json\/wp\/v2\/types\/post"}],"author":[{"embeddable":true,"href":"https:\/\/dailynewshungary.com\/de\/wp-json\/wp\/v2\/users\/62"}],"replies":[{"embeddable":true,"href":"https:\/\/dailynewshungary.com\/de\/wp-json\/wp\/v2\/comments?post=674305"}],"version-history":[{"count":0,"href":"https:\/\/dailynewshungary.com\/de\/wp-json\/wp\/v2\/posts\/674305\/revisions"}],"wp:featuredmedia":[{"embeddable":true,"href":"https:\/\/dailynewshungary.com\/de\/wp-json\/wp\/v2\/media\/674306"}],"wp:attachment":[{"href":"https:\/\/dailynewshungary.com\/de\/wp-json\/wp\/v2\/media?parent=674305"}],"wp:term":[{"taxonomy":"category","embeddable":true,"href":"https:\/\/dailynewshungary.com\/de\/wp-json\/wp\/v2\/categories?post=674305"},{"taxonomy":"post_tag","embeddable":true,"href":"https:\/\/dailynewshungary.com\/de\/wp-json\/wp\/v2\/tags?post=674305"}],"curies":[{"name":"wp","href":"https:\/\/api.w.org\/{rel}","templated":true}]}}