{"id":674516,"date":"2023-06-07T17:34:11","date_gmt":"2023-06-07T15:34:11","guid":{"rendered":"https:\/\/dailynewshungary.com\/de\/ungarische-regierung-im-gegensatz-zu-anderen-regierungen-vor-uns-greifen-wir-nicht-zu-sparmasnahmen\/"},"modified":"2023-06-07T17:34:11","modified_gmt":"2023-06-07T15:34:11","slug":"ungarische-regierung-im-gegensatz-zu-anderen-regierungen-vor-uns-greifen-wir-nicht-zu-sparmasnahmen","status":"publish","type":"post","link":"https:\/\/dailynewshungary.com\/de\/ungarische-regierung-im-gegensatz-zu-anderen-regierungen-vor-uns-greifen-wir-nicht-zu-sparmasnahmen\/","title":{"rendered":"Ungarische Regierung: Im Gegensatz zu anderen Regierungen vor uns greifen wir nicht zu Sparma\u00dfnahmen"},"content":{"rendered":"<p><strong>Trotz des Krieges und der damit verbundenen Kosten gibt die Regierung im Haushalt des n\u00e4chsten Jahres 3.300 Milliarden HUF (8,9 Millionen Euro) f\u00fcr Familienunterst\u00fctzung und Familiensteuervorteile aus, sagte Regierungssprecherin Alexandra Szentkir\u00e1lyi in einem am Mittwoch auf Facebook ver\u00f6ffentlichten Video.<\/strong><\/p>\n<p>Aufgrund des Krieges in der Ukraine \u201cm\u00fcssen wir mehr f\u00fcr die Sicherheit, die Energiebeschaffung, den Arbeitsplatzschutz des Landes ausgeben\u201d <a href=\"https:\/\/www.facebook.com\/alexandraszentkiralyi.gov\/posts\/pfbid0jVvjibUd8owmVhe9F5sDVdGj7pLjkXZv7zMjtKyhWokwMBFaDFPewQ9MG5okCimhl?locale=hu_HU\" target=\"_blank\" rel=\"noopener\">Szentkir\u00e1lyi<\/a> Sagte.<\/p>\n<p>Anstatt jedoch die Familienunterst\u00fctzung zu k\u00fcrzen und Sparma\u00dfnahmen einzuf\u00fchren, wie es andere Regierungen vor 2010 taten, plant die Regierung, im Haushalt des n\u00e4chsten Jahres 3.300 Milliarden HUF f\u00fcr Familienzusch\u00fcsse auszugeben, sagte sie. Szentkir\u00e1lyi sagte, die Regierung werde die Familiensteuervorteile beibehalten, die Befreiung von der Einkommensteuer f\u00fcr M\u00fctter unter 30 Jahren, M\u00fctter, die vier oder mehr Kinder gro\u00dfziehen, und junge Menschen unter 25 Jahren und weiterhin Familien unterst\u00fctzen, die ihr erstes Zuhause kaufen, unter anderem durch Familienzusch\u00fcsse.<\/p>\n<p>Szentkir\u00e1lyi f\u00fcgte hinzu, dass auch die Versorgungsausgaben ungarischer Familien stark subventioniert w\u00fcrden und der Haushalt des n\u00e4chsten Jahres auch \u00fcber einen Versorgungsschutzfonds verf\u00fcgen werde.<\/p>\n<p>\u201cDie Regierung sch\u00fctzt das familienfreundliche Steuersystem trotz des Krieges!\u201d, schrieb Szentkir\u00e1lyi auf Facebook.<\/p>\n<p><iframe loading=\"lazy\" style=\"border: none; overflow: hidden;\" src=\"https:\/\/www.facebook.com\/plugins\/post.php?href=https%3A%2F%2Fwww.facebook.com%2Falexandraszentkiralyi.gov%2Fposts%2Fpfbid0jVvjibUd8owmVhe9F5sDVdGj7pLjkXZv7zMjtKyhWokwMBFaDFPewQ9MG5okCimhl&amp;show_text=true&amp;width=500\" width=\"500\" height=\"473\" frameborder=\"0\" scrolling=\"no\" allowfullscreen=\"allowfullscreen\"><\/iframe><\/p>\n","protected":false},"excerpt":{"rendered":"<p>Trotz des Krieges und der damit verbundenen Kosten gibt die Regierung im Haushalt des n\u00e4chsten Jahres 3.300 Milliarden HUF (8,9 Millionen Euro) f\u00fcr Familienunterst\u00fctzung und Familiensteuervorteile aus, sagte Regierungssprecherin Alexandra Szentkir\u00e1lyi in einem am Mittwoch auf Facebook ver\u00f6ffentlichten Video. Aufgrund des Krieges in der Ukraine \u201cm\u00fcssen wir mehr f\u00fcr die Sicherheit, die Energiebeschaffung, den Arbeitsplatzschutz [&hellip;]<\/p>\n","protected":false},"author":33,"featured_media":674517,"comment_status":"open","ping_status":"open","sticky":false,"template":"","format":"standard","meta":{"_acf_changed":false,"_display_image":"no","footnotes":""},"categories":[1081],"tags":[1165,1084,1102,1076],"class_list":["post-674516","post","type-post","status-publish","format-standard","has-post-thumbnail","hentry","category-politik","tag-familie","tag-krieg-in-der-ukraine","tag-ungarische-regierung","tag-ungarn"],"blocksy_meta":[],"acf":[],"author_username":"ugyelet","telegram_post":"","public_post_metadata":{"breaking_news":"yes","important":"no","csempe":"no","center_tile":"no","disable_thumbnail":"no","target_lang":"","_featured_image_style":"hidden","telegram_post":"","_xlat_group_id":""},"public_rank_math_data":{"title":"%title% %sep% %sitename%","description":"Aufgrund des Krieges in der Ukraine m\u00fcsse die Regierung laut Szentkir\u00e1lyi mehr ausgeben, werde aber keine Sparma\u00dfnahmen einf\u00fchren.","focus_keyword":"Regierung","canonical_url":"","robots":"","primary_category":"1081","breadcrumb_title":"","facebook_title":"","facebook_description":"","facebook_image":"","facebook_image_id":"","twitter_title":"","twitter_description":"","twitter_image":"","twitter_image_id":"","twitter_card_type":"","twitter_use_facebook":"","advanced_robots":"","pillar_content":"","seo_score":"57","contentai_score":"","rich_snippet":""},"_links":{"self":[{"href":"https:\/\/dailynewshungary.com\/de\/wp-json\/wp\/v2\/posts\/674516","targetHints":{"allow":["GET"]}}],"collection":[{"href":"https:\/\/dailynewshungary.com\/de\/wp-json\/wp\/v2\/posts"}],"about":[{"href":"https:\/\/dailynewshungary.com\/de\/wp-json\/wp\/v2\/types\/post"}],"author":[{"embeddable":true,"href":"https:\/\/dailynewshungary.com\/de\/wp-json\/wp\/v2\/users\/33"}],"replies":[{"embeddable":true,"href":"https:\/\/dailynewshungary.com\/de\/wp-json\/wp\/v2\/comments?post=674516"}],"version-history":[{"count":0,"href":"https:\/\/dailynewshungary.com\/de\/wp-json\/wp\/v2\/posts\/674516\/revisions"}],"wp:featuredmedia":[{"embeddable":true,"href":"https:\/\/dailynewshungary.com\/de\/wp-json\/wp\/v2\/media\/674517"}],"wp:attachment":[{"href":"https:\/\/dailynewshungary.com\/de\/wp-json\/wp\/v2\/media?parent=674516"}],"wp:term":[{"taxonomy":"category","embeddable":true,"href":"https:\/\/dailynewshungary.com\/de\/wp-json\/wp\/v2\/categories?post=674516"},{"taxonomy":"post_tag","embeddable":true,"href":"https:\/\/dailynewshungary.com\/de\/wp-json\/wp\/v2\/tags?post=674516"}],"curies":[{"name":"wp","href":"https:\/\/api.w.org\/{rel}","templated":true}]}}