{"id":674555,"date":"2023-06-06T20:34:08","date_gmt":"2023-06-06T18:34:08","guid":{"rendered":"https:\/\/dailynewshungary.com\/de\/grenzzaun-um-ungarn-verstarkt-und-verlangert\/"},"modified":"2023-06-06T20:34:08","modified_gmt":"2023-06-06T18:34:08","slug":"grenzzaun-um-ungarn-verstarkt-und-verlangert","status":"publish","type":"post","link":"https:\/\/dailynewshungary.com\/de\/grenzzaun-um-ungarn-verstarkt-und-verlangert\/","title":{"rendered":"Grenzzaun um Ungarn verst\u00e4rkt und verl\u00e4ngert"},"content":{"rendered":"<p><strong>Der Zaun entlang der Grenze Ungarns zu Serbien sei verst\u00e4rkt und verl\u00e4ngert worden, sagte ein Staatssekret\u00e4r des Innenministeriums am Dienstag am Kreuzungsbahnhof R\u00f6szke.<\/strong><\/p>\n<p>Bence R\u00e9tv\u00e1ri sagte, an einem fr\u00fcheren Zaun von 165 Kilometern im Gebiet Hercegsz\u00e1nt\u00f3 sei ein 10 Kilometer langer Abschnitt angebaut worden. Er f\u00fcgte hinzu, dass der neue Abschnitt ein sumpfiges Gebiet sch\u00fctze, \u201ein dem es zuvor nicht viele illegale Einfahrten gegeben hatte, aber Menschenschmuggler diese neue Route entdeckt hatten.\u201cletzten Sommer\u201d.<\/p>\n<p>Bisher wurde die <a href=\"https:\/\/dailynewshungary.com\/de\/der-grose-britische-zuguberfall-wie-eine-15-kopfige-bande-1963-26-millionen-pfund-stahl\/\">Ungarische Regierung<\/a> 650 Milliarden HUF (1,8 Milliarden Euro) f\u00fcr den Bau und die Aufrechterhaltung seines Grenzsiegels ausgegeben hat, sagte der Staatssekret\u00e4r \u201cW\u00e4hrend Ungarn auch die <a href=\"https:\/\/dailynewshungary.com\/de\/der-grose-britische-zuguberfall-wie-eine-15-kopfige-bande-1963-26-millionen-pfund-stahl\/\">Europ\u00e4ischen Union<\/a> Gemeinsame Grenze, die EU tr\u00e4gt tats\u00e4chlich nicht dazu bei <a href=\"https:\/\/dailynewshungary.com\/de\/der-grose-britische-zuguberfall-wie-eine-15-kopfige-bande-1963-26-millionen-pfund-stahl\/\">Grenzkontrolle<\/a> Kosten und hat nur ein Prozent zur\u00fcckerstattet, \u201cbeharrte er\u201d.<\/p>\n<p>Retv\u00e1ri sagte, illegale Migranten seien \u201coft mit Messern und Schleudern ausgestattet, und in den letzten Monaten seien einige mit Tr\u00e4nengas darauf gekommen\u201d Er bestand darauf, dass Migranten \u201cvon Menschenrechtsgruppen gut aufgekl\u00e4rt\u201d \u201cPolizeiaktionen mit ihren Kameras aufzeichnen w\u00fcrden, damit sie sp\u00e4ter eine Anzeige gegen die Gesetzesdurchsetzer einreichen k\u00f6nnten\u201d.<\/p>\n<p>Trotz der \u201cunz\u00e4hligen\u201d Verfahren der Europ\u00e4ischen Kommission werde Ungarn \u201cdie S\u00fcdgrenze unerbittlich bewachen, illegale Einreisende zur\u00fcckschicken und Menschenschmuggler festhalten und strafrechtlich verfolgen\u201d, sagte er.<\/p>\n<p>Gy\u00f6rgy Bakondi, oberster Sicherheitsberater des Premierministers, sagte, die ungarischen Beh\u00f6rden h\u00e4tten seit Jahresbeginn \u00fcber 55.000 illegale Einreisende festgenommen und hinzugef\u00fcgt, dass die Gesamtzahl seit 2015 965.000 \u00fcberschritten habe. Er sagte, es bestehe st\u00e4ndiger Druck an der Grenze zu <a href=\"https:\/\/dailynewshungary.com\/de\/der-grose-britische-zuguberfall-wie-eine-15-kopfige-bande-1963-26-millionen-pfund-stahl\/\">Serbien<\/a>, w\u00e4hrend die Aktivit\u00e4ten von Migranten an den Grenzen zu Rum\u00e4nien, Kroatien und Slowenien zugenommen h\u00e4tten, sagte er, illegale Migranten k\u00e4men nun ausschlie\u00dflich mit Menschenschmugglern an, von denen 448 in der ersten Jahresh\u00e4lfte festgenommen wurden.<\/p>\n<p>Ungarische und serbische Polizei patrouillieren gemeinsam auf beiden Seiten der gemeinsamen Grenze, w\u00e4hrend Ungarn auch die Kontrolle der serbisch-nordmazedonischen Grenze unterst\u00fctzt, sagte Bakondi.<\/p>\n<p>Im vergangenen Jahr h\u00e4tten Migranten 304 Mal die ungarische Grenze angegriffen und dabei Streifenpolizisten angegriffen, Fahrzeuge besch\u00e4digt oder den Zaun besch\u00e4digt, wobei es auf serbischer Seite zu 97 Schie\u00dfereien gekommen sei, sagte Bakondi. Seit Anfang 2023 seien 56 Angriffe und 13 Sch\u00fcsse gefallen, f\u00fcgte er hinzu.<\/p>\n","protected":false},"excerpt":{"rendered":"<p>Der Zaun entlang der Grenze Ungarns zu Serbien sei verst\u00e4rkt und verl\u00e4ngert worden, sagte ein Staatssekret\u00e4r des Innenministeriums am Dienstag am Kreuzungsbahnhof R\u00f6szke. Bence R\u00e9tv\u00e1ri sagte, an einem fr\u00fcheren Zaun von 165 Kilometern im Gebiet Hercegsz\u00e1nt\u00f3 sei ein 10 Kilometer langer Abschnitt angebaut worden. Er f\u00fcgte hinzu, dass der neue Abschnitt ein sumpfiges Gebiet sch\u00fctze, [&hellip;]<\/p>\n","protected":false},"author":33,"featured_media":0,"comment_status":"open","ping_status":"open","sticky":false,"template":"","format":"standard","meta":{"_acf_changed":false,"_display_image":"","footnotes":""},"categories":[1098],"tags":[1082,1484,1235,1102],"class_list":["post-674555","post","type-post","status-publish","format-standard","hentry","category-gesellschaft","tag-europaische-union","tag-serbien","tag-ungarische-grenzkontrolle","tag-ungarische-regierung"],"blocksy_meta":[],"acf":[],"author_username":"ugyelet","telegram_post":"","public_post_metadata":{"breaking_news":"yes","important":"no","csempe":"no","center_tile":"no","disable_thumbnail":"no","target_lang":"","_featured_image_style":"","telegram_post":"","_xlat_group_id":""},"public_rank_math_data":{"title":"%title% %sep% %sitename%","description":"Die Europ\u00e4ische Union beteiligt sich laut Bence R\u00e9tv\u00e1ri \"nicht an den Grenzkontrollkosten und hat nur ein Prozent zur\u00fcckerstattet\".","focus_keyword":"Grenze","canonical_url":"","robots":"","primary_category":"1098","breadcrumb_title":"","facebook_title":"","facebook_description":"","facebook_image":"","facebook_image_id":"","twitter_title":"","twitter_description":"","twitter_image":"","twitter_image_id":"","twitter_card_type":"","twitter_use_facebook":"","advanced_robots":"","pillar_content":"","seo_score":"54","contentai_score":"","rich_snippet":""},"_links":{"self":[{"href":"https:\/\/dailynewshungary.com\/de\/wp-json\/wp\/v2\/posts\/674555","targetHints":{"allow":["GET"]}}],"collection":[{"href":"https:\/\/dailynewshungary.com\/de\/wp-json\/wp\/v2\/posts"}],"about":[{"href":"https:\/\/dailynewshungary.com\/de\/wp-json\/wp\/v2\/types\/post"}],"author":[{"embeddable":true,"href":"https:\/\/dailynewshungary.com\/de\/wp-json\/wp\/v2\/users\/33"}],"replies":[{"embeddable":true,"href":"https:\/\/dailynewshungary.com\/de\/wp-json\/wp\/v2\/comments?post=674555"}],"version-history":[{"count":0,"href":"https:\/\/dailynewshungary.com\/de\/wp-json\/wp\/v2\/posts\/674555\/revisions"}],"wp:attachment":[{"href":"https:\/\/dailynewshungary.com\/de\/wp-json\/wp\/v2\/media?parent=674555"}],"wp:term":[{"taxonomy":"category","embeddable":true,"href":"https:\/\/dailynewshungary.com\/de\/wp-json\/wp\/v2\/categories?post=674555"},{"taxonomy":"post_tag","embeddable":true,"href":"https:\/\/dailynewshungary.com\/de\/wp-json\/wp\/v2\/tags?post=674555"}],"curies":[{"name":"wp","href":"https:\/\/api.w.org\/{rel}","templated":true}]}}