{"id":674599,"date":"2023-06-05T17:15:34","date_gmt":"2023-06-05T15:15:34","guid":{"rendered":"https:\/\/dailynewshungary.com\/de\/der-jordanische-ausenminister-ayman-safadi-fuhrt-gesprache-in-ungarn\/"},"modified":"2023-06-05T17:15:34","modified_gmt":"2023-06-05T15:15:34","slug":"der-jordanische-ausenminister-ayman-safadi-fuhrt-gesprache-in-ungarn","status":"publish","type":"post","link":"https:\/\/dailynewshungary.com\/de\/der-jordanische-ausenminister-ayman-safadi-fuhrt-gesprache-in-ungarn\/","title":{"rendered":"Der jordanische Au\u00dfenminister Ayman Safadi f\u00fchrt Gespr\u00e4che in Ungarn"},"content":{"rendered":"<p><strong>Die Europ\u00e4ische Union sollte die finanzielle Unterst\u00fctzung f\u00fcr Jordanien erh\u00f6hen, um seine Stabilit\u00e4t und Verteidigung zu st\u00e4rken, insbesondere da das Land eine wichtige Rolle bei der Eind\u00e4mmung der Migration spielt, sagte der Minister f\u00fcr ausw\u00e4rtige Angelegenheiten und Handel am Montag nach einem Treffen mit seinem jordanischen Amtskollegen Ayman Safadi in Budapest.<\/strong><\/p>\n<p>P\u00e9ter Szijj\u00e1rt\u00f3 sagte auf einer gemeinsamen Pressekonferenz, dass die beiden L\u00e4nder trotz der geografischen Entfernung mit \u00e4hnlichen Sicherheitsrisiken konfrontiert seien und dass Jordanien auch mit einem Krieg in einem Nachbarland zu k\u00e4mpfen habe.<\/p>\n<p>Der Krieg in der Ukraine habe auch im Nahen Osten zu steigenden Preisen gef\u00fchrt, und Konflikte dort manifestierten sich oft als Migrationsdruck in Europa, sagte Szijj\u00e1rt\u00f3 laut einer Erkl\u00e4rung des Ministeriums.<\/p>\n<p>Frieden in beiden Regionen liege im Interesse beider L\u00e4nder, sagte er.<\/p>\n<blockquote>\n<p>\u201cWir wissen ganz genau, dass es keine L\u00f6sungen f\u00fcr diese Konflikte gibt &#8230; auf dem Schlachtfeld. Diejenigen, die gegen den Frieden handeln oder ihn relativieren, und diejenigen, die den Erfolg dieser Schritte behindern, sind f\u00fcr jeden Tod im Jenseits verantwortlich, sagte er.<\/p>\n<\/blockquote>\n<p>Ein weiteres Sicherheitsrisiko in Ungarn <a href=\"https:\/\/dailynewshungary.com\/de\/der-grose-britische-zuguberfall-wie-eine-15-kopfige-bande-1963-26-millionen-pfund-stahl\/\">Migration<\/a> Druck, wird durch die EU-Politik versch\u00e4rft, und so sind \u201cL\u00e4nder des Nahen Ostens, die die Migration eind\u00e4mmen, die bereit und in der Lage sind, die Grundursachen zu bew\u00e4ltigen\u201d sehr wichtig, sagte er.<\/p>\n<p>Ungarn sch\u00e4tze Jordaniens Haltung gegen Extremismus und Terrororganisationen, sagte er \u201eWir sch\u00e4tzen auch, dass Jordanien Millionen von Fl\u00fcchtlingen beherbergt, denn sonst w\u00fcrden diese Menschen alle f\u00fcr Europa beginnen.\u201c\u201d Ungarn fordert die EU und internationale Organisationen dringend auf, die Finanzhilfe f\u00fcr Jordanien zu erh\u00f6hen, f\u00fcgte er hinzu.<\/p>\n<p>Die EU sollte unter anderem die Europ\u00e4ische Friedensfazilit\u00e4t nutzen, um die Verteidigungsf\u00e4higkeiten Jordaniens zu finanzieren, sagte er.<\/p>\n<p>Ungarn habe k\u00fcrzlich 13 Entwicklungsprojekte zur Verbesserung der Situation in Fl\u00fcchtlingslagern unterst\u00fctzt, sagte er.<\/p>\n<p>Au\u00dferdem w\u00fcrden 400 staatliche Zusch\u00fcsse f\u00fcr jordanische Studenten angeboten, die in Ungarn studieren m\u00f6chten, sagte er.<\/p>\n<p>Szijj\u00e1rt\u00f3 und Safadi unterzeichneten einen Plan zur kulturellen Zusammenarbeit in den Jahren 2024-2027.<\/p>\n<p>Wie wir bereits geschrieben haben, liefert Ungarn medizinische Hilfsg\u00fcter an die Caritas Jordanien <a href=\"https:\/\/dailynewshungary.com\/de\/ungarn-liefert-medizinische-hilfsguter-an-caritas-jordanien\/\">Details lesen<\/a>.<\/p>\n","protected":false},"excerpt":{"rendered":"<p>Die Europ\u00e4ische Union sollte die finanzielle Unterst\u00fctzung f\u00fcr Jordanien erh\u00f6hen, um seine Stabilit\u00e4t und Verteidigung zu st\u00e4rken, insbesondere da das Land eine wichtige Rolle bei der Eind\u00e4mmung der Migration spielt, sagte der Minister f\u00fcr ausw\u00e4rtige Angelegenheiten und Handel am Montag nach einem Treffen mit seinem jordanischen Amtskollegen Ayman Safadi in Budapest. P\u00e9ter Szijj\u00e1rt\u00f3 sagte auf [&hellip;]<\/p>\n","protected":false},"author":2,"featured_media":674600,"comment_status":"open","ping_status":"open","sticky":false,"template":"","format":"standard","meta":{"_acf_changed":false,"_display_image":"no","footnotes":""},"categories":[1081],"tags":[1094,1470,1082,1445,1076],"class_list":["post-674599","post","type-post","status-publish","format-standard","has-post-thumbnail","hentry","category-politik","tag-asien","tag-ausenministerium-fur-ungarn","tag-europaische-union","tag-migration","tag-ungarn"],"blocksy_meta":[],"acf":[],"author_username":"alk","telegram_post":"","public_post_metadata":{"breaking_news":"yes","important":"no","csempe":"no","center_tile":"no","disable_thumbnail":"no","target_lang":"","_featured_image_style":"hidden","telegram_post":"","_xlat_group_id":""},"public_rank_math_data":{"title":"%title% %sep% %sitename%","description":"Die Europ\u00e4ische Union sollte die finanzielle Unterst\u00fctzung f\u00fcr Jordanien erh\u00f6hen, um seine Stabilit\u00e4t und Verteidigung zu st\u00e4rken, insbesondere seit...","focus_keyword":"Jordanien","canonical_url":"","robots":"","primary_category":"1081","breadcrumb_title":"","facebook_title":"","facebook_description":"","facebook_image":"","facebook_image_id":"","twitter_title":"","twitter_description":"","twitter_image":"","twitter_image_id":"","twitter_card_type":"","twitter_use_facebook":"","advanced_robots":"","pillar_content":"","seo_score":"57","contentai_score":"","rich_snippet":""},"_links":{"self":[{"href":"https:\/\/dailynewshungary.com\/de\/wp-json\/wp\/v2\/posts\/674599","targetHints":{"allow":["GET"]}}],"collection":[{"href":"https:\/\/dailynewshungary.com\/de\/wp-json\/wp\/v2\/posts"}],"about":[{"href":"https:\/\/dailynewshungary.com\/de\/wp-json\/wp\/v2\/types\/post"}],"author":[{"embeddable":true,"href":"https:\/\/dailynewshungary.com\/de\/wp-json\/wp\/v2\/users\/2"}],"replies":[{"embeddable":true,"href":"https:\/\/dailynewshungary.com\/de\/wp-json\/wp\/v2\/comments?post=674599"}],"version-history":[{"count":0,"href":"https:\/\/dailynewshungary.com\/de\/wp-json\/wp\/v2\/posts\/674599\/revisions"}],"wp:featuredmedia":[{"embeddable":true,"href":"https:\/\/dailynewshungary.com\/de\/wp-json\/wp\/v2\/media\/674600"}],"wp:attachment":[{"href":"https:\/\/dailynewshungary.com\/de\/wp-json\/wp\/v2\/media?parent=674599"}],"wp:term":[{"taxonomy":"category","embeddable":true,"href":"https:\/\/dailynewshungary.com\/de\/wp-json\/wp\/v2\/categories?post=674599"},{"taxonomy":"post_tag","embeddable":true,"href":"https:\/\/dailynewshungary.com\/de\/wp-json\/wp\/v2\/tags?post=674599"}],"curies":[{"name":"wp","href":"https:\/\/api.w.org\/{rel}","templated":true}]}}