{"id":674728,"date":"2023-06-02T07:35:35","date_gmt":"2023-06-02T05:35:35","guid":{"rendered":"https:\/\/dailynewshungary.com\/de\/das-ep-unterstutzt-die-nominierung-des-ungarischen-unternehmens-pelcz-fur-die-weitere-tatigkeit-als-mitglied-des-rechnungshofs\/"},"modified":"2023-06-02T07:35:35","modified_gmt":"2023-06-02T05:35:35","slug":"das-ep-unterstutzt-die-nominierung-des-ungarischen-unternehmens-pelcz-fur-die-weitere-tatigkeit-als-mitglied-des-rechnungshofs","status":"publish","type":"post","link":"https:\/\/dailynewshungary.com\/de\/das-ep-unterstutzt-die-nominierung-des-ungarischen-unternehmens-pelcz-fur-die-weitere-tatigkeit-als-mitglied-des-rechnungshofs\/","title":{"rendered":"Das EP unterst\u00fctzt die Nominierung des ungarischen Unternehmens Pelcz f\u00fcr die weitere T\u00e4tigkeit als Mitglied des Rechnungshofs"},"content":{"rendered":"<p><strong>Die Abgeordneten unterst\u00fctzten am Donnerstag die Nominierung des Ungarn Ildik\u00f3 G\u00e1ll Pelcz f\u00fcr die weitere T\u00e4tigkeit als Mitglied des Rechnungshofs, teilte das Europ\u00e4ische Parlament am Donnerstag mit.<\/strong><\/p>\n<p>Die Nominierung von Pelcz wurde auf einer Plenarsitzung mit 303 Ja-Stimmen, 278 Nein-Stimmen und 52 Enthaltungen unterst\u00fctzt, teilte das EP mit.<\/p>\n<p>Pelcz wurde von der nominiert <a href=\"https:\/\/dailynewshungary.com\/de\/der-grose-britische-zuguberfall-wie-eine-15-kopfige-bande-1963-26-millionen-pfund-stahl\/\" target=\"_blank\" rel=\"noopener\">Ungarische Regierung<\/a>. Sie hatte zuvor als Europaabgeordnete und sp\u00e4ter als EP-Vizepr\u00e4sidentin gedient, bis sie 2017 dem Rechnungshof beitrat. Ihre Nominierung muss vom zust\u00e4ndigen Rat genehmigt werden <a href=\"https:\/\/dailynewshungary.com\/de\/der-grose-britische-zuguberfall-wie-eine-15-kopfige-bande-1963-26-millionen-pfund-stahl\/\" target=\"_blank\" rel=\"noopener\">EU<\/a> Ministern.<\/p>\n<p>Die Delegation der Abgeordneten des regierenden Fidesz gab daraufhin eine Erkl\u00e4rung ab, in der es hie\u00df, dass \u201edie in einer solchen Position erforderliche Professionalit\u00e4t und F\u00e4higkeiten gesiegt haben, die Mehrheit des EP unterst\u00fctzte dies <a href=\"https:\/\/dailynewshungary.com\/de\/der-grose-britische-zuguberfall-wie-eine-15-kopfige-bande-1963-26-millionen-pfund-stahl\/\" target=\"_blank\" rel=\"noopener\">Ungarisch<\/a> KANDIDAT\u201d.<\/p>\n","protected":false},"excerpt":{"rendered":"<p>Die Abgeordneten unterst\u00fctzten am Donnerstag die Nominierung des Ungarn Ildik\u00f3 G\u00e1ll Pelcz f\u00fcr die weitere T\u00e4tigkeit als Mitglied des Rechnungshofs, teilte das Europ\u00e4ische Parlament am Donnerstag mit. Die Nominierung von Pelcz wurde auf einer Plenarsitzung mit 303 Ja-Stimmen, 278 Nein-Stimmen und 52 Enthaltungen unterst\u00fctzt, teilte das EP mit. Pelcz wurde von der nominiert Ungarische Regierung. [&hellip;]<\/p>\n","protected":false},"author":33,"featured_media":674729,"comment_status":"open","ping_status":"open","sticky":false,"template":"","format":"standard","meta":{"_acf_changed":false,"_display_image":"yes","footnotes":""},"categories":[1081],"tags":[1082,1102,1076],"class_list":["post-674728","post","type-post","status-publish","format-standard","has-post-thumbnail","hentry","category-politik","tag-europaische-union","tag-ungarische-regierung","tag-ungarn"],"blocksy_meta":[],"acf":[],"author_username":"ugyelet","telegram_post":"","public_post_metadata":{"breaking_news":"yes","important":"no","csempe":"no","center_tile":"no","disable_thumbnail":"no","target_lang":"","_featured_image_style":"hidden","telegram_post":"","_xlat_group_id":""},"public_rank_math_data":{"title":"%title% %sep% %sitename%","description":"Die Abgeordneten unterst\u00fctzten am Donnerstag die Nominierung des Ungarn Ildik\u00f3 G\u00e1ll Pelcz f\u00fcr die weitere T\u00e4tigkeit als Mitglied des Rechnungshofs","focus_keyword":"Ungarn","canonical_url":"","robots":"","primary_category":"1081","breadcrumb_title":"","facebook_title":"","facebook_description":"","facebook_image":"","facebook_image_id":"","twitter_title":"","twitter_description":"","twitter_image":"","twitter_image_id":"","twitter_card_type":"","twitter_use_facebook":"","advanced_robots":"","pillar_content":"","seo_score":"59","contentai_score":"","rich_snippet":""},"_links":{"self":[{"href":"https:\/\/dailynewshungary.com\/de\/wp-json\/wp\/v2\/posts\/674728","targetHints":{"allow":["GET"]}}],"collection":[{"href":"https:\/\/dailynewshungary.com\/de\/wp-json\/wp\/v2\/posts"}],"about":[{"href":"https:\/\/dailynewshungary.com\/de\/wp-json\/wp\/v2\/types\/post"}],"author":[{"embeddable":true,"href":"https:\/\/dailynewshungary.com\/de\/wp-json\/wp\/v2\/users\/33"}],"replies":[{"embeddable":true,"href":"https:\/\/dailynewshungary.com\/de\/wp-json\/wp\/v2\/comments?post=674728"}],"version-history":[{"count":0,"href":"https:\/\/dailynewshungary.com\/de\/wp-json\/wp\/v2\/posts\/674728\/revisions"}],"wp:featuredmedia":[{"embeddable":true,"href":"https:\/\/dailynewshungary.com\/de\/wp-json\/wp\/v2\/media\/674729"}],"wp:attachment":[{"href":"https:\/\/dailynewshungary.com\/de\/wp-json\/wp\/v2\/media?parent=674728"}],"wp:term":[{"taxonomy":"category","embeddable":true,"href":"https:\/\/dailynewshungary.com\/de\/wp-json\/wp\/v2\/categories?post=674728"},{"taxonomy":"post_tag","embeddable":true,"href":"https:\/\/dailynewshungary.com\/de\/wp-json\/wp\/v2\/tags?post=674728"}],"curies":[{"name":"wp","href":"https:\/\/api.w.org\/{rel}","templated":true}]}}