{"id":674761,"date":"2023-06-01T10:25:54","date_gmt":"2023-06-01T08:25:54","guid":{"rendered":"https:\/\/dailynewshungary.com\/de\/ungarn-israel-zusammenarbeit-auf-allzeithoch\/"},"modified":"2023-06-01T10:25:54","modified_gmt":"2023-06-01T08:25:54","slug":"ungarn-israel-zusammenarbeit-auf-allzeithoch","status":"publish","type":"post","link":"https:\/\/dailynewshungary.com\/de\/ungarn-israel-zusammenarbeit-auf-allzeithoch\/","title":{"rendered":"Ungarn-Israel-Zusammenarbeit auf Allzeithoch"},"content":{"rendered":"<p><strong>Die politischen und wirtschaftlichen Beziehungen zwischen Ungarn und Israel seien st\u00e4rker denn je, sagte Au\u00dfenminister P\u00e9ter Szijj\u00e1rt\u00f3 am Mittwoch in Budapest und f\u00fcgte hinzu, dass die beiden L\u00e4nder auch \u00fcber M\u00f6glichkeiten der Energiezusammenarbeit diskutierten.<\/strong><\/p>\n<p>Die Zusammenarbeit zwischen Ungarn und Israel habe immer auf gegenseitigem Respekt beruhte, und Ungarn habe stets das Recht des j\u00fcdischen Staates unterst\u00fctzt, sich zu verteidigen und seine Sicherheit zu garantieren, sagte Szijj\u00e1rt\u00f3 laut einer Erkl\u00e4rung des Ministeriums auf einer gemeinsamen Pressekonferenz mit seinem israelischen Amtskollegen Eli Cohen.<\/p>\n<p>\u201eWir verurteilen alle terroristischen Bedrohungen und Angriffe, denen Israel in der letzten Zeit ausgesetzt war, und wir verurteilen gleicherma\u00dfen die Praxis in internationalen politischen Organisationen, die die Annahme einseitiger, voreingenommener Verurteilungserkl\u00e4rungen gegen Israel auf der Grundlage eines unfairen Ansatzes beinhaltet.\u201c\u201d, sagte der Minister.<\/p>\n<p>Er sagte, die \u201cantiisraelische politische Haltung\u201d sei in vielen F\u00e4llen auch in Westeuropa pr\u00e4sent \u201cDeshalb mussten wir in der letzten Zeit gegen mehrere gemeinsame europ\u00e4ische Erkl\u00e4rungen ein Veto einlegen, die eindeutig voreingenommen, unehrlich, unausgewogen und unfair gegen\u00fcber Israel waren\u201d, sagte Szijj\u00e1rt\u00f3Er versprach, dass die ungarische Regierung auch innerhalb der Vereinten Nationen weiterhin auf einen ausgewogenen und fairen Ansatz gegen\u00fcber Israel dr\u00e4ngen werde.<\/p>\n<p>Szijj\u00e1rt\u00f3 sagte, die Sicherheit des Nahen Ostens sei eng mit der Sicherheit Europas verbunden, was bedeutet, dass der Frieden in der Region auch im nationalen Sicherheitsinteresse Ungarns liege.<\/p>\n<p>Nach Jahrzehnten erfolgloser Versuche seien die Abraham-Abkommen die einzigen Abkommen, die Hoffnung auf langfristigen Frieden b\u00f6ten, sagte Szijj\u00e1rt\u00f3 und f\u00fcgte hinzu, dass die ungarische Regierung es als globales Sicherheitsinteresse f\u00fcr noch mehr arabische L\u00e4nder betrachte, ihre Beziehungen zu Israel zu normalisieren.<\/p>\n<p>\u201cWir bitten die Europ\u00e4ische Union und die internationalen Finanzinstitutionen, die Finanzierung von Entwicklungen und Investitionen sicherzustellen, die im Rahmen der Abraham-Abkommen vereinbart werden k\u00f6nnen, als eine Form der Ermutigung f\u00fcr ihre Ausweitung\u201d, sagte der Minister.<\/p>\n<p>Szijj\u00e1rt\u00f3 verurteilte den Terrorismus aufs Sch\u00e4rfste und nannte es \u201einakzeptabel\u201cdass pal\u00e4stinensische Organisationen, die mit terroristischen Gruppen in Verbindung stehen, Anspruch auf Unterst\u00fctzung durch die Europ\u00e4ische Union h\u00e4tten.<\/p>\n<p>Er sagte, er und Cohen h\u00e4tten sich bei ihren Gespr\u00e4chen darauf geeinigt, dass Ungarn Israel in der internationalen Klage unterst\u00fctzen werde, die die Pal\u00e4stinensische Autonomiebeh\u00f6rde dagegen eingereicht habe.<\/p>\n<p><a href=\"https:\/\/dailynewshungary.com\/de\/der-grose-britische-zuguberfall-wie-eine-15-kopfige-bande-1963-26-millionen-pfund-stahl\/\" target=\"_blank\" rel=\"noopener\">Szijj\u00e1rt\u00f3<\/a> sagte, er habe das auch seinem israelischen Amtskollegen gesagt <a href=\"https:\/\/dailynewshungary.com\/de\/der-grose-britische-zuguberfall-wie-eine-15-kopfige-bande-1963-26-millionen-pfund-stahl\/\" target=\"_blank\" rel=\"noopener\">Ungarn<\/a> Lehnt jede Form von Antisemitismus ab \u201cWir sind stolz darauf, dass Ungarn die gr\u00f6\u00dfte j\u00fcdische Gemeinde Mitteleuropas beheimatet\u201d, sagte er.<\/p>\n<p>\u201cWir sind besorgt dar\u00fcber, dass die moderne Form des Antisemitismus in Westeuropa ihren Kopf erhoben hat\u201d, sagte Szijj\u00e1rt\u00f3 \u201cEine Quelle dieses Ph\u00e4nomens ist die illegale Massenmigration, die eine besondere Sicherheitsherausforderung f\u00fcr den Kontinent darstellt\u201d, f\u00fcgte er hinzu und betonte die Bedeutung der Bek\u00e4mpfung unregulierter Ma\u00dfnahmen <a href=\"https:\/\/dailynewshungary.com\/de\/der-grose-britische-zuguberfall-wie-eine-15-kopfige-bande-1963-26-millionen-pfund-stahl\/\" target=\"_blank\" rel=\"noopener\">Einwanderung<\/a>.<\/p>\n<p>Unterdessen sagte Szijj\u00e1rt\u00f3, die bilaterale wirtschaftliche Zusammenarbeit sei auf einem Allzeithoch, wobei der Handelsumsatz im vergangenen Jahr einen Rekordwert von 750 Millionen US-Dollar erreicht habe und in diesem Jahr bisher um 38 Prozent gewachsen sei.<\/p>\n<p>In Ungarn gebe es 250 israelische Unternehmen mit mehr als 4.000 Mitarbeitern, sagte er und f\u00fcgte hinzu, dass sich die wirtschaftliche Zusammenarbeit auch auf Bereiche wie die Sicherheits- und Raumfahrtindustrie erstreckte.<\/p>\n<p>Der Minister sagte, sie h\u00e4tten auch M\u00f6glichkeiten daf\u00fcr besprochen <a href=\"https:\/\/dailynewshungary.com\/de\/der-grose-britische-zuguberfall-wie-eine-15-kopfige-bande-1963-26-millionen-pfund-stahl\/\" target=\"_blank\" rel=\"noopener\">Israel<\/a> Energiesicherheit Ungarns beizutragen.<\/p>\n<p><a href=\"https:\/\/dailynewshungary.com\/de\/der-grose-britische-zuguberfall-wie-eine-15-kopfige-bande-1963-26-millionen-pfund-stahl\/\" target=\"_blank\" rel=\"noopener\">Ungarns Regierung<\/a> Er unternehme erhebliche Anstrengungen im Interesse der Diversifizierung, sagte er und f\u00fcgte hinzu, dass dies darauf abzielte, neue Ressourcen einzubeziehen. Israel k\u00f6nne dabei eine Rolle spielen, es seien jedoch weitere Infrastrukturentwicklungen erforderlich, damit es Erdgas nach Mitteleuropa liefern k\u00f6nne, sagte er.<\/p>\n<p>Die Seiten unterzeichneten au\u00dferdem eine Absichtserkl\u00e4rung zur Hochschulzusammenarbeit.<\/p>\n","protected":false},"excerpt":{"rendered":"<p>Die politischen und wirtschaftlichen Beziehungen zwischen Ungarn und Israel seien st\u00e4rker denn je, sagte Au\u00dfenminister P\u00e9ter Szijj\u00e1rt\u00f3 am Mittwoch in Budapest und f\u00fcgte hinzu, dass die beiden L\u00e4nder auch \u00fcber M\u00f6glichkeiten der Energiezusammenarbeit diskutierten. Die Zusammenarbeit zwischen Ungarn und Israel habe immer auf gegenseitigem Respekt beruhte, und Ungarn habe stets das Recht des j\u00fcdischen Staates [&hellip;]<\/p>\n","protected":false},"author":33,"featured_media":674762,"comment_status":"open","ping_status":"open","sticky":false,"template":"","format":"standard","meta":{"_acf_changed":false,"_display_image":"yes","footnotes":""},"categories":[1081],"tags":[1353,1156,1445,1354,1076],"class_list":["post-674761","post","type-post","status-publish","format-standard","has-post-thumbnail","hentry","category-politik","tag-ausenministerium-der-ungarischen","tag-israel","tag-migration","tag-ungarischen-regierung","tag-ungarn"],"blocksy_meta":[],"acf":[],"author_username":"ugyelet","telegram_post":"","public_post_metadata":{"breaking_news":"yes","important":"no","csempe":"no","center_tile":"no","disable_thumbnail":"no","target_lang":"","_featured_image_style":"hidden","telegram_post":"","_xlat_group_id":""},"public_rank_math_data":{"title":"%title% %sep% %sitename%","description":"Die politischen und wirtschaftlichen Beziehungen zwischen Ungarn und Israel seien st\u00e4rker denn je, sagte Au\u00dfenminister P\u00e9ter Szijj\u00e1rt\u00f3 am Mittwoch in Budapest","focus_keyword":"Ungarn","canonical_url":"","robots":"","primary_category":"1081","breadcrumb_title":"","facebook_title":"","facebook_description":"","facebook_image":"","facebook_image_id":"","twitter_title":"","twitter_description":"","twitter_image":"","twitter_image_id":"","twitter_card_type":"","twitter_use_facebook":"","advanced_robots":"","pillar_content":"","seo_score":"67","contentai_score":"","rich_snippet":""},"_links":{"self":[{"href":"https:\/\/dailynewshungary.com\/de\/wp-json\/wp\/v2\/posts\/674761","targetHints":{"allow":["GET"]}}],"collection":[{"href":"https:\/\/dailynewshungary.com\/de\/wp-json\/wp\/v2\/posts"}],"about":[{"href":"https:\/\/dailynewshungary.com\/de\/wp-json\/wp\/v2\/types\/post"}],"author":[{"embeddable":true,"href":"https:\/\/dailynewshungary.com\/de\/wp-json\/wp\/v2\/users\/33"}],"replies":[{"embeddable":true,"href":"https:\/\/dailynewshungary.com\/de\/wp-json\/wp\/v2\/comments?post=674761"}],"version-history":[{"count":0,"href":"https:\/\/dailynewshungary.com\/de\/wp-json\/wp\/v2\/posts\/674761\/revisions"}],"wp:featuredmedia":[{"embeddable":true,"href":"https:\/\/dailynewshungary.com\/de\/wp-json\/wp\/v2\/media\/674762"}],"wp:attachment":[{"href":"https:\/\/dailynewshungary.com\/de\/wp-json\/wp\/v2\/media?parent=674761"}],"wp:term":[{"taxonomy":"category","embeddable":true,"href":"https:\/\/dailynewshungary.com\/de\/wp-json\/wp\/v2\/categories?post=674761"},{"taxonomy":"post_tag","embeddable":true,"href":"https:\/\/dailynewshungary.com\/de\/wp-json\/wp\/v2\/tags?post=674761"}],"curies":[{"name":"wp","href":"https:\/\/api.w.org\/{rel}","templated":true}]}}