{"id":674802,"date":"2023-05-31T09:34:38","date_gmt":"2023-05-31T07:34:38","guid":{"rendered":"https:\/\/dailynewshungary.com\/de\/europaische-kommission-bereit-ungarn-bei-den-reformbemuhungen-zu-unterstutzen\/"},"modified":"2023-05-31T09:34:38","modified_gmt":"2023-05-31T07:34:38","slug":"europaische-kommission-bereit-ungarn-bei-den-reformbemuhungen-zu-unterstutzen","status":"publish","type":"post","link":"https:\/\/dailynewshungary.com\/de\/europaische-kommission-bereit-ungarn-bei-den-reformbemuhungen-zu-unterstutzen\/","title":{"rendered":"Europ\u00e4ische Kommission bereit, Ungarn bei den Reformbem\u00fchungen zu unterst\u00fctzen"},"content":{"rendered":"<p><strong>Das Verfahren nach Artikel 7, das st\u00e4rkste m\u00f6gliche Instrument der EU, muss im Falle Ungarns fortgesetzt werden, weil die Gefahr eines systemischen Versto\u00dfes gegen europ\u00e4ische Werte immer noch besteht, sagte Vera Jourova, Vizepr\u00e4sidentin der Europ\u00e4ischen Kommission f\u00fcr Werte und Transparenz, am Dienstag in Br\u00fcssel.<\/strong><\/p>\n<p>Auf einer Pressekonferenz im Anschluss an die Sitzung des Rates Allgemeine Angelegenheiten sagte sie, \u201cder Prozess muss so lange fortgesetzt werden, wie Bedenken da sind, und die Bedenken sind da\u201d.<\/p>\n<p>Jourova sagte, das Verfahren sei nur beendet, wenn keine weitere Gefahr eines systemischen Versto\u00dfes gegen grundlegende EU-Werte bestehe, und f\u00fcgte hinzu, dass \u201cwir nicht da sind, die Diskussion muss fortgesetzt werden\u201d Sie nannte das Verfahren ein wichtiges EU-Instrument und sagte, dass Unsicherheit und Misstrauen unter den EU-Mitgliedstaaten st\u00e4rker w\u00fcrdenDie im Rahmen des Verfahrens durchgef\u00fchrten Anh\u00f6rungen bieten den jeweiligen Mitgliedstaaten eine Gelegenheit zur Kl\u00e4rung, f\u00fcgte die Kommissarin hinzu.<\/p>\n<p>In Bezug auf Ungarn sagte Jourova, die Kommission habe keine Fortschritte bei der Umsetzung der Vorschl\u00e4ge zu den Wahlen und der Unabh\u00e4ngigkeit des B\u00fcros des Ombudsmanns und der \u00f6ffentlich-rechtlichen Medien gesehen. \u201eUngarn ist verpflichtet, die vereinbarten Supermeilensteine umzusetzen, um Mittel aus dem Aufbau- und Resilienzplan zu erhalten,\u201cf\u00fcgte der Kommissar hinzu.<\/p>\n<p>\u201cDie Kommission ist bereit, die ungarische Regierung bei ihren Reformbem\u00fchungen zu unterst\u00fctzen\u201d, sagte sie.<\/p>\n<p>Sie wies darauf hin, dass das Europ\u00e4ische Parlament im September 2018 eine Erkl\u00e4rung angenommen habe, in der es dem Rat vorschlage, gem\u00e4\u00df Artikel 7 Absatz 1 des EU-Grundlagenvertrags zu pr\u00fcfen, ob in Ungarn eindeutig die Gefahr eines Versto\u00dfes gegen grundlegende EU-Werte bestehe Beantwortung einer Frage in diesem Zusammenhang zu einer im EP anberaumten Debatte \u00fcber die Sperrung Ungarns bei der \u00dcbernahme der rotierenden EU-Ratspr\u00e4sidentschaft im zweiten Halbjahr 2024 sagte Jourova, sie stehe nicht auf der Tagesordnung f\u00fcr DienstagDie Europ\u00e4ische Kommission werde im Einklang mit den EU-Vertr\u00e4gen vorgehen, sagte sie.<\/p>\n","protected":false},"excerpt":{"rendered":"<p>Das Verfahren nach Artikel 7, das st\u00e4rkste m\u00f6gliche Instrument der EU, muss im Falle Ungarns fortgesetzt werden, weil die Gefahr eines systemischen Versto\u00dfes gegen europ\u00e4ische Werte immer noch besteht, sagte Vera Jourova, Vizepr\u00e4sidentin der Europ\u00e4ischen Kommission f\u00fcr Werte und Transparenz, am Dienstag in Br\u00fcssel. Auf einer Pressekonferenz im Anschluss an die Sitzung des Rates Allgemeine [&hellip;]<\/p>\n","protected":false},"author":33,"featured_media":674803,"comment_status":"open","ping_status":"open","sticky":false,"template":"","format":"standard","meta":{"_acf_changed":false,"_display_image":"yes","footnotes":""},"categories":[1081],"tags":[1390,1426,1082,1076],"class_list":["post-674802","post","type-post","status-publish","format-standard","has-post-thumbnail","hentry","category-politik","tag-eu-finanzierung","tag-europaische-kommission","tag-europaische-union","tag-ungarn"],"blocksy_meta":[],"acf":[],"author_username":"ugyelet","telegram_post":"","public_post_metadata":{"breaking_news":"yes","important":"no","csempe":"no","center_tile":"no","disable_thumbnail":"no","target_lang":"","_featured_image_style":"hidden","telegram_post":"","_xlat_group_id":""},"public_rank_math_data":{"title":"%title% %sep% %sitename%","description":"Das Verfahren nach Artikel 7 muss im Falle Ungarns fortgesetzt werden, da weiterhin die Gefahr einer systemischen Verletzung europ\u00e4ischer Werte besteht.","focus_keyword":"Europ\u00e4ische","canonical_url":"","robots":"","primary_category":"1081","breadcrumb_title":"","facebook_title":"","facebook_description":"","facebook_image":"","facebook_image_id":"","twitter_title":"","twitter_description":"","twitter_image":"","twitter_image_id":"","twitter_card_type":"","twitter_use_facebook":"","advanced_robots":"","pillar_content":"","seo_score":"59","contentai_score":"","rich_snippet":""},"_links":{"self":[{"href":"https:\/\/dailynewshungary.com\/de\/wp-json\/wp\/v2\/posts\/674802","targetHints":{"allow":["GET"]}}],"collection":[{"href":"https:\/\/dailynewshungary.com\/de\/wp-json\/wp\/v2\/posts"}],"about":[{"href":"https:\/\/dailynewshungary.com\/de\/wp-json\/wp\/v2\/types\/post"}],"author":[{"embeddable":true,"href":"https:\/\/dailynewshungary.com\/de\/wp-json\/wp\/v2\/users\/33"}],"replies":[{"embeddable":true,"href":"https:\/\/dailynewshungary.com\/de\/wp-json\/wp\/v2\/comments?post=674802"}],"version-history":[{"count":0,"href":"https:\/\/dailynewshungary.com\/de\/wp-json\/wp\/v2\/posts\/674802\/revisions"}],"wp:featuredmedia":[{"embeddable":true,"href":"https:\/\/dailynewshungary.com\/de\/wp-json\/wp\/v2\/media\/674803"}],"wp:attachment":[{"href":"https:\/\/dailynewshungary.com\/de\/wp-json\/wp\/v2\/media?parent=674802"}],"wp:term":[{"taxonomy":"category","embeddable":true,"href":"https:\/\/dailynewshungary.com\/de\/wp-json\/wp\/v2\/categories?post=674802"},{"taxonomy":"post_tag","embeddable":true,"href":"https:\/\/dailynewshungary.com\/de\/wp-json\/wp\/v2\/tags?post=674802"}],"curies":[{"name":"wp","href":"https:\/\/api.w.org\/{rel}","templated":true}]}}