{"id":674839,"date":"2023-05-30T10:35:16","date_gmt":"2023-05-30T08:35:16","guid":{"rendered":"https:\/\/dailynewshungary.com\/de\/der-ungarische-premierminister-viktor-orban-sendet-am-nationalfeiertag-gruse-an-seinen-kroatischen-amtskollegen\/"},"modified":"2023-05-30T10:35:16","modified_gmt":"2023-05-30T08:35:16","slug":"der-ungarische-premierminister-viktor-orban-sendet-am-nationalfeiertag-gruse-an-seinen-kroatischen-amtskollegen","status":"publish","type":"post","link":"https:\/\/dailynewshungary.com\/de\/der-ungarische-premierminister-viktor-orban-sendet-am-nationalfeiertag-gruse-an-seinen-kroatischen-amtskollegen\/","title":{"rendered":"Der ungarische Premierminister Viktor Orb\u00e1n sendet am Nationalfeiertag Gr\u00fc\u00dfe an seinen kroatischen Amtskollegen"},"content":{"rendered":"<p><strong>Premierminister Viktor Orb\u00e1n habe am Montag anl\u00e4sslich des kroatischen Staatstages seine Gr\u00fc\u00dfe an seinen kroatischen Amtskollegen Andrej Plenkovic geschickt, sagte Orb\u00e1ns Pressechef.<\/strong><\/p>\n<p>\u201cDie nationale Souver\u00e4nit\u00e4t ist f\u00fcr uns einer der wichtigsten Werte hier in der Mitte <a href=\"https:\/\/dailynewshungary.com\/de\/der-grose-britische-zuguberfall-wie-eine-15-kopfige-bande-1963-26-millionen-pfund-stahl\/\" target=\"_blank\" rel=\"noopener\">Europa<\/a>\u201e\u201d, sagte Orb\u00e1n in dem Brief, der den Nationalfeiertag markiert.<\/p>\n<p>\u201cWir sind stolz darauf, dass Ungarn zu den ersten L\u00e4ndern geh\u00f6rte, die Kroatien seine Unterst\u00fctzung [bei der Erlangung der Staatlichkeit] zusicherten, und auch zu den ersten L\u00e4ndern geh\u00f6rte, die die Unabh\u00e4ngigkeit des Landes anerkannten\u201d, f\u00fcgte er hinzu.<\/p>\n<p>Bertalan Havasi zitierte Orb\u00e1n mit den Worten, dass der Schengen-Beitritt Kroatiens auch ein gemeinsamer historischer Erfolg f\u00fcr Kroatien sei <a href=\"https:\/\/dailynewshungary.com\/de\/der-grose-britische-zuguberfall-wie-eine-15-kopfige-bande-1963-26-millionen-pfund-stahl\/\" target=\"_blank\" rel=\"noopener\">Ungarn<\/a> und Mitteleuropa Die Beseitigung der Binnengrenzen der europ\u00e4ischen Gemeinschaft bringe mehrere neue M\u00f6glichkeiten bei der Entwicklung von Bindungen, bei der wirtschaftlichen Zusammenarbeit, aber auch im Hinblick auf das t\u00e4gliche Leben der B\u00fcrger, f\u00fcgte er hinzu.<\/p>\n<p>Gleichzeitig wird <a href=\"https:\/\/dailynewshungary.com\/de\/der-grose-britische-zuguberfall-wie-eine-15-kopfige-bande-1963-26-millionen-pfund-stahl\/\" target=\"_blank\" rel=\"noopener\">Orb\u00e1n<\/a> sagte, dass der Schutz der Au\u00dfengrenzen von Schengen eine gemeinsame Verantwortung sei. \u201eWir m\u00fcssen als nachbarschaftliche Schengen-L\u00e4nder beim Schutz der S\u00fcdgrenzen erfolgreich sein, und ich kann Ihnen versichern, dass mein Land bereit ist, all seine Unterst\u00fctzung zu leisten <a href=\"https:\/\/dailynewshungary.com\/de\/der-grose-britische-zuguberfall-wie-eine-15-kopfige-bande-1963-26-millionen-pfund-stahl\/\" target=\"_blank\" rel=\"noopener\">Kroatien<\/a>\u201e\u201d, sagte Orb\u00e1n in seinem Brief.<\/p>\n","protected":false},"excerpt":{"rendered":"<p>Premierminister Viktor Orb\u00e1n habe am Montag anl\u00e4sslich des kroatischen Staatstages seine Gr\u00fc\u00dfe an seinen kroatischen Amtskollegen Andrej Plenkovic geschickt, sagte Orb\u00e1ns Pressechef. \u201cDie nationale Souver\u00e4nit\u00e4t ist f\u00fcr uns einer der wichtigsten Werte hier in der Mitte Europa\u201e\u201d, sagte Orb\u00e1n in dem Brief, der den Nationalfeiertag markiert. \u201cWir sind stolz darauf, dass Ungarn zu den ersten [&hellip;]<\/p>\n","protected":false},"author":33,"featured_media":674840,"comment_status":"open","ping_status":"open","sticky":false,"template":"","format":"standard","meta":{"_acf_changed":false,"_display_image":"yes","footnotes":""},"categories":[1081],"tags":[1444,1199,1076,1333],"class_list":["post-674839","post","type-post","status-publish","format-standard","has-post-thumbnail","hentry","category-politik","tag-europa","tag-kroatien","tag-ungarn","tag-viktor-oder-ban"],"blocksy_meta":[],"acf":[],"author_username":"ugyelet","telegram_post":"","public_post_metadata":{"breaking_news":"yes","important":"no","csempe":"no","center_tile":"no","disable_thumbnail":"no","target_lang":"","_featured_image_style":"hidden","telegram_post":"","_xlat_group_id":""},"public_rank_math_data":{"title":"%title% %sep% %sitename%","description":"Premierminister Viktor Orb\u00e1n sandte am Montag anl\u00e4sslich des Tages der Eigenstaatlichkeit Kroatiens seine Gr\u00fc\u00dfe an seinen kroatischen Amtskollegen Andrej Plenkovic","focus_keyword":"Kroatien","canonical_url":"","robots":"","primary_category":"1081","breadcrumb_title":"","facebook_title":"","facebook_description":"","facebook_image":"","facebook_image_id":"","twitter_title":"","twitter_description":"","twitter_image":"","twitter_image_id":"","twitter_card_type":"","twitter_use_facebook":"","advanced_robots":"","pillar_content":"","seo_score":"58","contentai_score":"","rich_snippet":""},"_links":{"self":[{"href":"https:\/\/dailynewshungary.com\/de\/wp-json\/wp\/v2\/posts\/674839","targetHints":{"allow":["GET"]}}],"collection":[{"href":"https:\/\/dailynewshungary.com\/de\/wp-json\/wp\/v2\/posts"}],"about":[{"href":"https:\/\/dailynewshungary.com\/de\/wp-json\/wp\/v2\/types\/post"}],"author":[{"embeddable":true,"href":"https:\/\/dailynewshungary.com\/de\/wp-json\/wp\/v2\/users\/33"}],"replies":[{"embeddable":true,"href":"https:\/\/dailynewshungary.com\/de\/wp-json\/wp\/v2\/comments?post=674839"}],"version-history":[{"count":0,"href":"https:\/\/dailynewshungary.com\/de\/wp-json\/wp\/v2\/posts\/674839\/revisions"}],"wp:featuredmedia":[{"embeddable":true,"href":"https:\/\/dailynewshungary.com\/de\/wp-json\/wp\/v2\/media\/674840"}],"wp:attachment":[{"href":"https:\/\/dailynewshungary.com\/de\/wp-json\/wp\/v2\/media?parent=674839"}],"wp:term":[{"taxonomy":"category","embeddable":true,"href":"https:\/\/dailynewshungary.com\/de\/wp-json\/wp\/v2\/categories?post=674839"},{"taxonomy":"post_tag","embeddable":true,"href":"https:\/\/dailynewshungary.com\/de\/wp-json\/wp\/v2\/tags?post=674839"}],"curies":[{"name":"wp","href":"https:\/\/api.w.org\/{rel}","templated":true}]}}