{"id":674949,"date":"2023-05-26T18:04:36","date_gmt":"2023-05-26T16:04:36","guid":{"rendered":"https:\/\/dailynewshungary.com\/de\/fm-szijjarto-brussel-halt-weiterhin-vortrage-uber-den-westbalkan\/"},"modified":"2023-05-26T18:04:36","modified_gmt":"2023-05-26T16:04:36","slug":"fm-szijjarto-brussel-halt-weiterhin-vortrage-uber-den-westbalkan","status":"publish","type":"post","link":"https:\/\/dailynewshungary.com\/de\/fm-szijjarto-brussel-halt-weiterhin-vortrage-uber-den-westbalkan\/","title":{"rendered":"FM Szijj\u00e1rt\u00f3: Br\u00fcssel h\u00e4lt weiterhin Vortr\u00e4ge \u00fcber den Westbalkan"},"content":{"rendered":"<p><strong>Ungarn sei ein \u00fcberzeugter Bef\u00fcrworter der europ\u00e4ischen Integration des Westbalkans, sagte Au\u00dfenminister P\u00e9ter Szijj\u00e1rt\u00f3 am Freitag in Budapest und forderte eine Beschleunigung der Erweiterung der Europ\u00e4ischen Union.<\/strong><\/p>\n<p>Der Westbalkan sei f\u00fcr Ungarn schon immer wichtig gewesen, und der anhaltende Krieg in der Ukraine habe die Region noch wichtiger gemacht, sagte Szijj\u00e1rt\u00f3 laut einer Erkl\u00e4rung des Ministeriums auf einer Pressekonferenz, die er gemeinsam mit Stasa Kosarac, dem bosnischen Au\u00dfenhandelsminister, abgehalten habe.<\/p>\n<p>Frieden, Ruhe und Sicherheit in der <a href=\"https:\/\/dailynewshungary.com\/de\/der-grose-britische-zuguberfall-wie-eine-15-kopfige-bande-1963-26-millionen-pfund-stahl\/\">Westlicher Balkan<\/a> nationalen Interesse Ungarns liegt, ist <a href=\"https:\/\/www.facebook.com\/szijjarto.peter.official\" target=\"_blank\" rel=\"noopener\">Szijj\u00e1rt\u00f3<\/a> Sagte. Der beste Weg, dies zu erreichen, sei die Integration und wirtschaftliche Entwicklung der EU, f\u00fcgte er hinzu.<\/p>\n<p>\u201cUngarn ist daher ein engagierter Bef\u00fcrworter der EU-Integration des Westbalkans und unterst\u00fctzt auch die wirtschaftliche Entwicklung der Region\u201d, f\u00fcgte er hinzu.<\/p>\n<p>Der Minister sagte, das \u201cSchneckentempo\u201d der Fortschritte bei der EU-Erweiterung k\u00f6nne \u201cleicht Instabilit\u00e4t verursachen und dazu f\u00fchren, dass sich der Westbalkan woanders umdreht\u201d.<\/p>\n<p>\u201cLeider, <a href=\"https:\/\/dailynewshungary.com\/de\/der-grose-britische-zuguberfall-wie-eine-15-kopfige-bande-1963-26-millionen-pfund-stahl\/\">Br\u00fcssel<\/a> \u201eF\u00e4hrt regelm\u00e4\u00dfig fort, den Westbalkan zu belehren, anstatt eine Stimme des gegenseitigen Respekts zu erheben\u201csagte Szijj\u00e1rt\u00f3\u201d \u201eIn Br\u00fcssel spricht man oft \u00fcber den Westbalkan, anstatt mit dem Westbalkan zu sprechen, und das ist ziemlich unverantwortlich.\u201d<\/p>\n<p>Ungarn unterst\u00fctze den EU-Beitritt Bosnien und Herzegowinas engagiert, sagte er und f\u00fcgte hinzu, dass es ungarische Experten gebe, die den Prozess unterst\u00fctzten.<\/p>\n<p>Ungarn f\u00f6rdere auch das Wirtschaftswachstum in der Region, sagte er und wies darauf hin, dass die Regierung ein Wirtschaftsentwicklungsprogramm in der autonomen Serbischen Republik Bosnien gestartet habe. 768 lokale Landwirte und Unternehmen seien durch das Programm mit insgesamt 11 Millionen Euro unterst\u00fctzt worden, mit denen sie ungarische Landmaschinen kaufen k\u00f6nnten, f\u00fcgte Szijj\u00e1rt\u00f3 hinzu.<\/p>\n<p>Es sei eine Einigung \u00fcber den Start einer weiteren Unterst\u00fctzungsrunde im Gesamtwert von 17 Millionen Euro Anfang Juni erzielt worden, sagte er.<\/p>\n<p>Szijj\u00e1rt\u00f3 begr\u00fc\u00dfte, dass der bilaterale Handelsumsatz im vergangenen Jahr einen Rekordwert von 600 Millionen Euro erreichte. Die Beteiligung ungarischer Unternehmen an der Installation von Solarparks in Bosnien und Herzegowina werde wichtig sein, um den Handel anzukurbeln, f\u00fcgte er hinzu.<\/p>\n<p>Unterdessen sagte Szijj\u00e1rt\u00f3, sowohl Ungarn als auch Bosnien und Herzegowina seien daran interessiert, dass der Krieg in der Ukraine so schnell wie m\u00f6glich endet.<\/p>\n<p>Beide L\u00e4nder sehen die Energiesicherheit als Priorit\u00e4t an, und die TurkStream-Gaspipeline sei f\u00fcr beide von entscheidender Bedeutung, sagte Szijj\u00e1rt\u00f3.<\/p>\n<p>Er sagte, dass die EU es sich zur Gew\u00e4hrleistung der Energieversorgung der Region nicht l\u00e4nger leisten k\u00f6nne, \u201cpassiv\u201d zu sein, wenn es um den Kapazit\u00e4tsausbau und die Modernisierung der Energieinfrastruktur S\u00fcdosteuropas gehe.<\/p>\n<p>\u201cDas ist ein europ\u00e4isches Thema\u201d, sagte Szijj\u00e1rt\u00f3 \u201cWir k\u00f6nnen nicht zulassen, dass Br\u00fcssel festlegt, wo wir Erdgas und \u00d6l kaufen sollen, um dann keine Hilfe beim Aufbau der Infrastruktur zu leisten\u201d<\/p>\n<p>\u201cWenn die Europ\u00e4ische Union keine finanziellen Mittel f\u00fcr die Sanierung, Modernisierung und den Kapazit\u00e4tsausbau des s\u00fcdosteurop\u00e4ischen Energieversorgungsnetzes beisteuert, wird sie keine Rechtsgrundlage haben, um mitzubestimmen, wo und von wem diese L\u00e4nder welche Art von Energie kaufen\u201d, sagte Szijj\u00e1rt\u00f3.<\/p>\n","protected":false},"excerpt":{"rendered":"<p>Ungarn sei ein \u00fcberzeugter Bef\u00fcrworter der europ\u00e4ischen Integration des Westbalkans, sagte Au\u00dfenminister P\u00e9ter Szijj\u00e1rt\u00f3 am Freitag in Budapest und forderte eine Beschleunigung der Erweiterung der Europ\u00e4ischen Union. Der Westbalkan sei f\u00fcr Ungarn schon immer wichtig gewesen, und der anhaltende Krieg in der Ukraine habe die Region noch wichtiger gemacht, sagte Szijj\u00e1rt\u00f3 laut einer Erkl\u00e4rung des [&hellip;]<\/p>\n","protected":false},"author":33,"featured_media":0,"comment_status":"open","ping_status":"open","sticky":false,"template":"","format":"standard","meta":{"_acf_changed":false,"_display_image":"yes","footnotes":""},"categories":[1081],"tags":[3512,1243,1082],"class_list":["post-674949","post","type-post","status-publish","format-standard","hentry","category-politik","tag-auslander-und-wahrungsministerium-ungarn","tag-balkan","tag-europaische-union"],"blocksy_meta":[],"acf":[],"author_username":"ugyelet","telegram_post":"","public_post_metadata":{"breaking_news":"yes","important":"no","csempe":"no","center_tile":"no","disable_thumbnail":"no","target_lang":"","_featured_image_style":"hidden","telegram_post":"","_xlat_group_id":""},"public_rank_math_data":{"title":"%title% %sep% %sitename%","description":"Ungarn sei ein \u00fcberzeugter Bef\u00fcrworter der europ\u00e4ischen Integration des Westbalkans, sagte Au\u00dfenminister P\u00e9ter Szijj\u00e1rt\u00f3 in Budapest.","focus_keyword":"Westlicher Balkan","canonical_url":"","robots":"","primary_category":"1081","breadcrumb_title":"","facebook_title":"","facebook_description":"","facebook_image":"","facebook_image_id":"","twitter_title":"","twitter_description":"","twitter_image":"","twitter_image_id":"","twitter_card_type":"","twitter_use_facebook":"","advanced_robots":"","pillar_content":"","seo_score":"64","contentai_score":"","rich_snippet":""},"_links":{"self":[{"href":"https:\/\/dailynewshungary.com\/de\/wp-json\/wp\/v2\/posts\/674949","targetHints":{"allow":["GET"]}}],"collection":[{"href":"https:\/\/dailynewshungary.com\/de\/wp-json\/wp\/v2\/posts"}],"about":[{"href":"https:\/\/dailynewshungary.com\/de\/wp-json\/wp\/v2\/types\/post"}],"author":[{"embeddable":true,"href":"https:\/\/dailynewshungary.com\/de\/wp-json\/wp\/v2\/users\/33"}],"replies":[{"embeddable":true,"href":"https:\/\/dailynewshungary.com\/de\/wp-json\/wp\/v2\/comments?post=674949"}],"version-history":[{"count":0,"href":"https:\/\/dailynewshungary.com\/de\/wp-json\/wp\/v2\/posts\/674949\/revisions"}],"wp:attachment":[{"href":"https:\/\/dailynewshungary.com\/de\/wp-json\/wp\/v2\/media?parent=674949"}],"wp:term":[{"taxonomy":"category","embeddable":true,"href":"https:\/\/dailynewshungary.com\/de\/wp-json\/wp\/v2\/categories?post=674949"},{"taxonomy":"post_tag","embeddable":true,"href":"https:\/\/dailynewshungary.com\/de\/wp-json\/wp\/v2\/tags?post=674949"}],"curies":[{"name":"wp","href":"https:\/\/api.w.org\/{rel}","templated":true}]}}