{"id":675007,"date":"2023-05-25T09:35:15","date_gmt":"2023-05-25T07:35:15","guid":{"rendered":"https:\/\/dailynewshungary.com\/de\/justizminister-ep-arbeitet-daran-ungarn-zu-behindern-eu-ratsprasidentschaft\/"},"modified":"2023-05-25T09:35:15","modified_gmt":"2023-05-25T07:35:15","slug":"justizminister-ep-arbeitet-daran-ungarn-zu-behindern-eu-ratsprasidentschaft","status":"publish","type":"post","link":"https:\/\/dailynewshungary.com\/de\/justizminister-ep-arbeitet-daran-ungarn-zu-behindern-eu-ratsprasidentschaft\/","title":{"rendered":"Justizminister: EP arbeitet daran, Ungarn zu behindern EU-Ratspr\u00e4sidentschaft"},"content":{"rendered":"<p><strong>Das Europ\u00e4ische Parlament bereitet sich darauf vor, n\u00e4chste Woche \u00fcber eine Resolution zu Ungarn abzustimmen, sagte Justizministerin Judit Varga am Mittwoch auf Facebook und f\u00fcgte hinzu, dass das Dokument Ungarn daran hinderte, im Jahr 2024 die rotierende Pr\u00e4sidentschaft zu \u00fcbernehmen.<\/strong><\/p>\n<p>\u201cWir werden nicht zulassen, dass Ungarn eine solche Gelegenheit genommen wird!\u201d, sagte sie.<\/p>\n<p>Rechte der Mitgliedstaaten auf den rotierenden Vorsitz der <a href=\"https:\/\/dailynewshungary.com\/de\/der-grose-britische-zuguberfall-wie-eine-15-kopfige-bande-1963-26-millionen-pfund-stahl\/\" target=\"_blank\" rel=\"noopener\">Europ\u00e4ische<\/a> Der Rat werde einstimmig beschlossen, sagte Varga.<\/p>\n<p>Das EP habe in dieser Angelegenheit kein Mitspracherecht, sagte Varga \u201eDiejenigen, die in dieser Angelegenheit wirklich Gewicht haben, haben nie dar\u00fcber nachgedacht, dass Ungarn seine Rolle nicht erf\u00fcllen darf.\u201cWir stehen in t\u00e4glichem Kontakt mit dem Rat und bereiten uns auf die Aufgabe vor\u201d, sagte sie.<\/p>\n<p>Die Pr\u00e4sidentschaft wird f\u00fcr Ungarn eine hervorragende Gelegenheit sein, seine Ansichten in anderen Mitgliedstaaten zu verbreiten und auch zu gestalten <a href=\"https:\/\/dailynewshungary.com\/de\/der-grose-britische-zuguberfall-wie-eine-15-kopfige-bande-1963-26-millionen-pfund-stahl\/\" target=\"_blank\" rel=\"noopener\">Europas<\/a> Zukunft, sagte Varga.<\/p>\n<p><a href=\"https:\/\/dailynewshungary.com\/de\/der-grose-britische-zuguberfall-wie-eine-15-kopfige-bande-1963-26-millionen-pfund-stahl\/\" target=\"_blank\" rel=\"noopener\">Ungarns<\/a> Schwerpunkt werde die Zukunft der demografischen Herausforderungen, der Wettbewerbsf\u00e4higkeit und der Koh\u00e4sionspolitik sein, sagte sie.<\/p>\n","protected":false},"excerpt":{"rendered":"<p>Das Europ\u00e4ische Parlament bereitet sich darauf vor, n\u00e4chste Woche \u00fcber eine Resolution zu Ungarn abzustimmen, sagte Justizministerin Judit Varga am Mittwoch auf Facebook und f\u00fcgte hinzu, dass das Dokument Ungarn daran hinderte, im Jahr 2024 die rotierende Pr\u00e4sidentschaft zu \u00fcbernehmen. \u201cWir werden nicht zulassen, dass Ungarn eine solche Gelegenheit genommen wird!\u201d, sagte sie. Rechte der [&hellip;]<\/p>\n","protected":false},"author":33,"featured_media":675008,"comment_status":"open","ping_status":"open","sticky":false,"template":"","format":"standard","meta":{"_acf_changed":false,"_display_image":"yes","footnotes":""},"categories":[1081],"tags":[1444,1082,1076],"class_list":["post-675007","post","type-post","status-publish","format-standard","has-post-thumbnail","hentry","category-politik","tag-europa","tag-europaische-union","tag-ungarn"],"blocksy_meta":[],"acf":[],"author_username":"ugyelet","telegram_post":"","public_post_metadata":{"breaking_news":"yes","important":"no","csempe":"no","center_tile":"no","disable_thumbnail":"no","target_lang":"","_featured_image_style":"hidden","telegram_post":"","_xlat_group_id":""},"public_rank_math_data":{"title":"%title% %sep% %sitename%","description":"Das Europ\u00e4ische Parlament bereitet sich darauf vor, n\u00e4chste Woche \u00fcber eine Resolution zu Ungarn abzustimmen, sagte Justizminister Judit Varga","focus_keyword":"Ungarn","canonical_url":"","robots":"","primary_category":"1081","breadcrumb_title":"","facebook_title":"","facebook_description":"","facebook_image":"","facebook_image_id":"","twitter_title":"","twitter_description":"","twitter_image":"","twitter_image_id":"","twitter_card_type":"","twitter_use_facebook":"","advanced_robots":"","pillar_content":"","seo_score":"56","contentai_score":"","rich_snippet":""},"_links":{"self":[{"href":"https:\/\/dailynewshungary.com\/de\/wp-json\/wp\/v2\/posts\/675007","targetHints":{"allow":["GET"]}}],"collection":[{"href":"https:\/\/dailynewshungary.com\/de\/wp-json\/wp\/v2\/posts"}],"about":[{"href":"https:\/\/dailynewshungary.com\/de\/wp-json\/wp\/v2\/types\/post"}],"author":[{"embeddable":true,"href":"https:\/\/dailynewshungary.com\/de\/wp-json\/wp\/v2\/users\/33"}],"replies":[{"embeddable":true,"href":"https:\/\/dailynewshungary.com\/de\/wp-json\/wp\/v2\/comments?post=675007"}],"version-history":[{"count":0,"href":"https:\/\/dailynewshungary.com\/de\/wp-json\/wp\/v2\/posts\/675007\/revisions"}],"wp:featuredmedia":[{"embeddable":true,"href":"https:\/\/dailynewshungary.com\/de\/wp-json\/wp\/v2\/media\/675008"}],"wp:attachment":[{"href":"https:\/\/dailynewshungary.com\/de\/wp-json\/wp\/v2\/media?parent=675007"}],"wp:term":[{"taxonomy":"category","embeddable":true,"href":"https:\/\/dailynewshungary.com\/de\/wp-json\/wp\/v2\/categories?post=675007"},{"taxonomy":"post_tag","embeddable":true,"href":"https:\/\/dailynewshungary.com\/de\/wp-json\/wp\/v2\/tags?post=675007"}],"curies":[{"name":"wp","href":"https:\/\/api.w.org\/{rel}","templated":true}]}}