{"id":675251,"date":"2023-05-19T08:34:20","date_gmt":"2023-05-19T06:34:20","guid":{"rendered":"https:\/\/dailynewshungary.com\/de\/ungarischer-eu-kommissar-wer-eu-verbundeter-sein-will-sollte-nicht-nach-russland-gehen\/"},"modified":"2023-05-19T08:34:20","modified_gmt":"2023-05-19T06:34:20","slug":"ungarischer-eu-kommissar-wer-eu-verbundeter-sein-will-sollte-nicht-nach-russland-gehen","status":"publish","type":"post","link":"https:\/\/dailynewshungary.com\/de\/ungarischer-eu-kommissar-wer-eu-verbundeter-sein-will-sollte-nicht-nach-russland-gehen\/","title":{"rendered":"Ungarischer EU-Kommissar: Wer EU-Verb\u00fcndeter sein will, sollte nicht nach Russland gehen"},"content":{"rendered":"<p><strong>Oliv\u00e9r V\u00e1rhelyi, EU-Kommissar f\u00fcr Nachbarschafts- und Erweiterungspolitik, sagte am Mittwoch, \u201edie Verb\u00fcndeten der Europ\u00e4ischen Union besuchen Russland nicht\u201cNat\u00fcrlich war dies nicht f\u00fcr P\u00e9ter Szijj\u00e1rt\u00f3, Minister f\u00fcr ausw\u00e4rtige Angelegenheiten und Handel, gedacht. Es war f\u00fcr Milorad Dodik, den F\u00fchrer der Republika Srpska, gedacht.<\/strong><\/p>\n<h2>Verb\u00fcndete der EU reisen nicht nach Russland&#8230;<\/h2>\n<p>Oliv\u00e9r Waarhelyi warnte am Mittwoch, dass \u201cdie Verb\u00fcndeten der Europ\u00e4ischen Union Russland nicht besuchen\u201d Waarhelyi bezog sich auf die Tatsache, dass Milorad Dodik, der F\u00fchrer der Republika Srpska, angek\u00fcndigt hat, n\u00e4chste Woche nach Moskau zu reisen, um mit dem russischen Pr\u00e4sidenten Wladimir Putin \u00fcber wirtschaftliche Zusammenarbeit zu sprechen <a href=\"https:\/\/www.reuters.com\/world\/europe\/our-allies-dont-go-russia-eu-commissioner-tells-bosnian-serb-leader-2023-05-17\/\" target=\"_blank\" rel=\"noopener\">Reuters<\/a> Berichten.<\/p>\n<p>\u201cWir brauchen Bosnien-Herzegowina, um unser Verb\u00fcndeter zu sein\u201d sagte Waarhelyi auf einer Pressekonferenz in SarajevoAuf die Frage eines Journalisten antwortete er, \u201cunsere Verb\u00fcndeten gehen nicht nach Russland, das ist meine BotschaftDiejenigen, die unsere Verb\u00fcndeten sein wollen, sollten nicht nach Russland gehen\u201d<\/p>\n<h2>&#8230;au\u00dfer wenn wir es sind<\/h2>\n<p>Wie Telex schreibt, mag die \u00c4u\u00dferung Waarheljis angesichts der Tatsache, dass es die Mitglieder der ungarischen Regierung sind, die Russland seit Ausbruch des russisch-ukrainischen Krieges mehrmals besucht haben, \u00fcberraschend kommen, unter den EU-Ministern ist Au\u00dfenminister P\u00e9ter Szijj\u00e1rt\u00f3 <a href=\"https:\/\/dailynewshungary.com\/de\/ungarischer-minister-wird-der-einzige-eu-teilnehmer-an-einer-energiekonferenz-in-moskau-sein\/\">Moskau gewesen ist<\/a> Besonders h\u00e4ufig im vergangenen Jahr.<\/p>\n<p>Bosnien und Herzegowina beantragte 2016 den EU-Beitritt und erhielt im Dezember letzten Jahres den Kandidatenstatus. Der Antrag folgte auf Bedenken, dass der russisch-ukrainische Krieg die Balkanregion destabilisieren k\u00f6nnte.<\/p>\n<h2>Bem\u00fchungen Bosnien und Herzegowinas um einen EU-Beitritt<\/h2>\n<p>V\u00e1rhelyi nahm an einem hochrangigen politischen Forum in Sarajevo teil Dort skizzierte er die Schritte, die Bosnien und Herzegowina unternehmen muss, um der EU beizutreten Der ungarische Kommissar lobte die rasche Bildung der neuen bosnischen Regierung nach den Parlamentswahlen im vergangenen Oktober und die z\u00fcgige Haushaltsvorbereitung, schreibt TelexV\u00e1rhelyi sagte auch, dass er das Engagement der Interessentr\u00e4ger zur Umsetzung der Reformen begr\u00fc\u00dfe, die vereinbart wurden, als Bosnien und Herzegowina der Kandidatenstatus zuerkannt wurde, und dass Bosnien und Herzegowina \u201cein sehr klares Bekenntnis als europ\u00e4ischer Verb\u00fcndeter zeigt\u201d.<\/p>\n","protected":false},"excerpt":{"rendered":"<p>Oliv\u00e9r V\u00e1rhelyi, EU-Kommissar f\u00fcr Nachbarschafts- und Erweiterungspolitik, sagte am Mittwoch, \u201edie Verb\u00fcndeten der Europ\u00e4ischen Union besuchen Russland nicht\u201cNat\u00fcrlich war dies nicht f\u00fcr P\u00e9ter Szijj\u00e1rt\u00f3, Minister f\u00fcr ausw\u00e4rtige Angelegenheiten und Handel, gedacht. Es war f\u00fcr Milorad Dodik, den F\u00fchrer der Republika Srpska, gedacht. Verb\u00fcndete der EU reisen nicht nach Russland&#8230; Oliv\u00e9r Waarhelyi warnte am Mittwoch, dass [&hellip;]<\/p>\n","protected":false},"author":62,"featured_media":675252,"comment_status":"open","ping_status":"open","sticky":false,"template":"","format":"standard","meta":{"_acf_changed":false,"_display_image":"yes","footnotes":""},"categories":[1081],"tags":[1243,1082,1209],"class_list":["post-675251","post","type-post","status-publish","format-standard","has-post-thumbnail","hentry","category-politik","tag-balkan","tag-europaische-union","tag-russland"],"blocksy_meta":[],"acf":[],"author_username":"hmercedesz","telegram_post":"","public_post_metadata":{"breaking_news":"yes","important":"no","csempe":"no","center_tile":"no","disable_thumbnail":"no","target_lang":"","_featured_image_style":"hidden","telegram_post":"","_xlat_group_id":""},"public_rank_math_data":{"title":"%title% %sep% %sitename%","description":"Oliv\u00e9r V\u00e1rhelyi, EU-Kommissar f\u00fcr Nachbarschafts- und Erweiterungspolitik, sagte, dass \u201edie Verb\u00fcndeten der Europ\u00e4ischen Union Russland nicht besuchen\".","focus_keyword":"Russland","canonical_url":"","robots":"","primary_category":"1081","breadcrumb_title":"","facebook_title":"","facebook_description":"","facebook_image":"","facebook_image_id":"","twitter_title":"","twitter_description":"","twitter_image":"","twitter_image_id":"","twitter_card_type":"","twitter_use_facebook":"","advanced_robots":"","pillar_content":"","seo_score":"66","contentai_score":"","rich_snippet":""},"_links":{"self":[{"href":"https:\/\/dailynewshungary.com\/de\/wp-json\/wp\/v2\/posts\/675251","targetHints":{"allow":["GET"]}}],"collection":[{"href":"https:\/\/dailynewshungary.com\/de\/wp-json\/wp\/v2\/posts"}],"about":[{"href":"https:\/\/dailynewshungary.com\/de\/wp-json\/wp\/v2\/types\/post"}],"author":[{"embeddable":true,"href":"https:\/\/dailynewshungary.com\/de\/wp-json\/wp\/v2\/users\/62"}],"replies":[{"embeddable":true,"href":"https:\/\/dailynewshungary.com\/de\/wp-json\/wp\/v2\/comments?post=675251"}],"version-history":[{"count":0,"href":"https:\/\/dailynewshungary.com\/de\/wp-json\/wp\/v2\/posts\/675251\/revisions"}],"wp:featuredmedia":[{"embeddable":true,"href":"https:\/\/dailynewshungary.com\/de\/wp-json\/wp\/v2\/media\/675252"}],"wp:attachment":[{"href":"https:\/\/dailynewshungary.com\/de\/wp-json\/wp\/v2\/media?parent=675251"}],"wp:term":[{"taxonomy":"category","embeddable":true,"href":"https:\/\/dailynewshungary.com\/de\/wp-json\/wp\/v2\/categories?post=675251"},{"taxonomy":"post_tag","embeddable":true,"href":"https:\/\/dailynewshungary.com\/de\/wp-json\/wp\/v2\/tags?post=675251"}],"curies":[{"name":"wp","href":"https:\/\/api.w.org\/{rel}","templated":true}]}}