{"id":675498,"date":"2023-05-12T15:08:12","date_gmt":"2023-05-12T13:08:12","guid":{"rendered":"https:\/\/dailynewshungary.com\/de\/mdep-gyongyosi-es-ist-zeit-fur-eine-zeitenwende-video\/"},"modified":"2023-05-12T15:08:12","modified_gmt":"2023-05-12T13:08:12","slug":"mdep-gyongyosi-es-ist-zeit-fur-eine-zeitenwende-video","status":"publish","type":"post","link":"https:\/\/dailynewshungary.com\/de\/mdep-gyongyosi-es-ist-zeit-fur-eine-zeitenwende-video\/","title":{"rendered":"MdEP Gy\u00f6ngy\u00f6si: Es ist Zeit f\u00fcr eine Zeitenwende! \u2013 VIDEO"},"content":{"rendered":"<p style=\"text-align: center;\">&nbsp;<em style=\"color: #808080; text-align: center;\"><strong>Gesponserte Inhalte<\/strong><\/em><\/p>\n<p style=\"font-weight: 400;\"><strong>In einer Debatte mit Olaf Scholz, Bundeskanzler von Deutschland, erinnerte der Europaabgeordnete M\u00e1rton Gy\u00f6ngy\u00f6si (Nicht-angegliedert) an den einmaligen Erfolg der westdeutschen Ostpolitik gegen\u00fcber Russland und dem sozialistischen Block. Doch laut dem ungarischen Europaabgeordneten ist es jetzt an der Zeit, sich zu \u00e4ndern, und wie Herr Scholz bereits die ber\u00fchmte Zeitenwende in Bezug auf Russland erkl\u00e4rt hat, ist ein neuer Ansatz gegen\u00fcber Politikern wie dem ungarischen Ministerpr\u00e4sidenten erforderlich, die die EU von innen st\u00f6ren.<\/strong><\/p>\n<p>&nbsp;<\/p>\n<blockquote class=\"twitter-tweet\">\n<p dir=\"ltr\" lang=\"en\">In einer Debatte mit <a href=\"https:\/\/twitter.com\/Bundeskanzler?ref_src=twsrc%5Etfw\" target=\"_blank\" rel=\"noopener\">@Bundeskanzler<\/a> Ich dr\u00e4ngte auf die Revision der einst erfolgreichen Ostpolitik nicht nur gegen\u00fcber Russland, sondern auch gegen\u00fcber Putins europ\u00e4ischen J\u00fcngern, wie z <a href=\"https:\/\/twitter.com\/PM_ViktorOrban?ref_src=twsrc%5Etfw\" target=\"_blank\" rel=\"noopener\">@PM_ViktorOrban<\/a>. Zeit f\u00fcr Zeitenwende!<br \/>\nSiehe meinen Beitrag <a href=\"https:\/\/twitter.com\/Europarl_EN?ref_src=twsrc%5Etfw\" target=\"_blank\" rel=\"noopener\">@Europarl_EN<\/a> Hier   <a href=\"https:\/\/t.co\/kKaWy1PKsU\" target=\"_blank\">pic.twitter.com\/kKaWy1PKsU<\/a><\/p>\n<p>@GyongyosiMarton) <a href=\"https:\/\/twitter.com\/GyongyosiMarton\/status\/1656023457946116136?ref_src=twsrc%5Etfw\" target=\"_blank\" rel=\"noopener\">9. Mai 2023<\/a><\/p>\n<\/blockquote>\n<p><script async=\"\" src=\"https:\/\/platform.twitter.com\/widgets.js\" charset=\"utf-8\"><\/script><\/p>\n<p><em>Haftungsausschluss: die alleinige Haftung f\u00fcr die abgegebenen Stellungnahmen liegt beim Autor (den Verfassern) Diese Stellungnahmen geben nicht unbedingt die offizielle Position des Europ\u00e4ischen Parlaments wieder.<\/em><\/p>\n","protected":false},"excerpt":{"rendered":"<p>&nbsp;Gesponserte Inhalte In einer Debatte mit Olaf Scholz, Bundeskanzler von Deutschland, erinnerte der Europaabgeordnete M\u00e1rton Gy\u00f6ngy\u00f6si (Nicht-angegliedert) an den einmaligen Erfolg der westdeutschen Ostpolitik gegen\u00fcber Russland und dem sozialistischen Block. Doch laut dem ungarischen Europaabgeordneten ist es jetzt an der Zeit, sich zu \u00e4ndern, und wie Herr Scholz bereits die ber\u00fchmte Zeitenwende in Bezug auf [&hellip;]<\/p>\n","protected":false},"author":2,"featured_media":675499,"comment_status":"open","ping_status":"open","sticky":false,"template":"","format":"standard","meta":{"_acf_changed":false,"_display_image":"yes","footnotes":""},"categories":[1081],"tags":[1177,1082,1209,1076],"class_list":["post-675498","post","type-post","status-publish","format-standard","has-post-thumbnail","hentry","category-politik","tag-deutschland","tag-europaische-union","tag-russland","tag-ungarn"],"blocksy_meta":[],"acf":[],"author_username":"alk","telegram_post":"","public_post_metadata":{"breaking_news":"yes","important":"no","csempe":"no","center_tile":"no","disable_thumbnail":"no","target_lang":"","_featured_image_style":"hidden","telegram_post":"","_xlat_group_id":""},"public_rank_math_data":{"title":"%title% %sep% %sitename%","description":"In einer Debatte mit Olaf Scholz, Bundeskanzler der Bundesrepublik Deutschland, erinnerte der Europaabgeordnete M\u00e1rton Gy\u00f6ngy\u00f6si (ohne Fraktion) an die einmaligen Erfolge von...","focus_keyword":"MdEP Gy\u00f6ngy\u00f6si","canonical_url":"","robots":"","primary_category":"1081","breadcrumb_title":"","facebook_title":"","facebook_description":"","facebook_image":"","facebook_image_id":"","twitter_title":"","twitter_description":"","twitter_image":"","twitter_image_id":"","twitter_card_type":"","twitter_use_facebook":"","advanced_robots":"","pillar_content":"","seo_score":"51","contentai_score":"","rich_snippet":""},"_links":{"self":[{"href":"https:\/\/dailynewshungary.com\/de\/wp-json\/wp\/v2\/posts\/675498","targetHints":{"allow":["GET"]}}],"collection":[{"href":"https:\/\/dailynewshungary.com\/de\/wp-json\/wp\/v2\/posts"}],"about":[{"href":"https:\/\/dailynewshungary.com\/de\/wp-json\/wp\/v2\/types\/post"}],"author":[{"embeddable":true,"href":"https:\/\/dailynewshungary.com\/de\/wp-json\/wp\/v2\/users\/2"}],"replies":[{"embeddable":true,"href":"https:\/\/dailynewshungary.com\/de\/wp-json\/wp\/v2\/comments?post=675498"}],"version-history":[{"count":0,"href":"https:\/\/dailynewshungary.com\/de\/wp-json\/wp\/v2\/posts\/675498\/revisions"}],"wp:featuredmedia":[{"embeddable":true,"href":"https:\/\/dailynewshungary.com\/de\/wp-json\/wp\/v2\/media\/675499"}],"wp:attachment":[{"href":"https:\/\/dailynewshungary.com\/de\/wp-json\/wp\/v2\/media?parent=675498"}],"wp:term":[{"taxonomy":"category","embeddable":true,"href":"https:\/\/dailynewshungary.com\/de\/wp-json\/wp\/v2\/categories?post=675498"},{"taxonomy":"post_tag","embeddable":true,"href":"https:\/\/dailynewshungary.com\/de\/wp-json\/wp\/v2\/tags?post=675498"}],"curies":[{"name":"wp","href":"https:\/\/api.w.org\/{rel}","templated":true}]}}